{"id":5665,"date":"2019-10-14T09:00:45","date_gmt":"2019-10-14T07:00:45","guid":{"rendered":"http:\/\/www.fundacionsancebrian.com\/portal\/?p=5665"},"modified":"2019-10-15T13:03:20","modified_gmt":"2019-10-15T11:03:20","slug":"el-cluster-sivi-al-que-pertenece-la-entidad-reconocido-como-european-reference-site","status":"publish","type":"post","link":"https:\/\/www.fundacionsancebrian.com\/portal\/el-cluster-sivi-al-que-pertenece-la-entidad-reconocido-como-european-reference-site\/","title":{"rendered":"El Cluster SIVI, al que pertenece la entidad, reconocido como European Reference Site"},"content":{"rendered":"<div id=\"pl-5665\"  class=\"panel-layout\" ><div id=\"pg-5665-0\"  class=\"panel-grid panel-no-style\" ><div id=\"pgc-5665-0-0\"  class=\"panel-grid-cell\" ><div id=\"panel-5665-0-0-0\" class=\"so-panel widget widget_sow-editor panel-first-child\" data-index=\"0\" ><div\n\t\t\t\n\t\t\tclass=\"so-widget-sow-editor so-widget-sow-editor-base\"\n\t\t\t\n\t\t>\n<div class=\"siteorigin-widget-tinymce textwidget\">\n\t<div lang=\"ES\">\n<div class=\"WordSection1\">\n<h1>El Cluster SIVI, al que pertenece la entidad, reconocido como European Reference Site<\/h1>\n<\/div>\n<\/div>\n<div class=\"su-divider su-divider-style-default\" style=\"margin:0px 0;border-width:1px;border-color:#999999\"><\/div>\n<p>&nbsp;<\/p>\n<p><a href=\"http:\/\/www.fundacionsancebrian.com\/portal\/wp-content\/uploads\/2019\/10\/sivi_nosotros.jpg\"><img fetchpriority=\"high\" fetchpriority=\"high\" decoding=\"async\" class=\"alignright size-full wp-image-5666\" src=\"http:\/\/www.fundacionsancebrian.com\/portal\/wp-content\/uploads\/2019\/10\/sivi_nosotros.jpg\" alt=\"\" width=\"410\" height=\"293\" srcset=\"https:\/\/www.fundacionsancebrian.com\/portal\/wp-content\/uploads\/2019\/10\/sivi_nosotros.jpg 410w, https:\/\/www.fundacionsancebrian.com\/portal\/wp-content\/uploads\/2019\/10\/sivi_nosotros-300x214.jpg 300w\" sizes=\"(max-width: 410px) 100vw, 410px\" \/><\/a>El Grupo Fundaci\u00f3n San Cebri\u00e1n pertenece al Cl\u00faster SIVI (Soluciones innovadoras para la vida independiente). El Cl\u00faster ha sido reconocido recientemente como European Reference Site (RS) con 2 estrellas, en la tercera convocatoria de la Plataforma Europea de Innovaci\u00f3n de Envejecimiento Activo y Saludable.<\/p>\n<p>Esta distinci\u00f3n se otorga a las regiones que demuestran ofrecer soluciones creativas y viables para mejorar la calidad de vida y la salud de las personas mayores y en situaci\u00f3n de dependencia.<\/p>\n<p>Con este reconocimiento internacional, el Cl\u00faster SIVI ha pasado de ser un nodo de la Red Europea de Colaboraci\u00f3n de Sitios de Referencia con la posibilidad de que sus asociados puedan abrir, incrementar e identificar nuevas oportunidades de colaboraci\u00f3n, compartir conocimientos, intercambiar experiencias y buscar sinergias entre los diferentes sistemas socio sanitarios regionales a nivel Nacional y Europeo<\/p>\n<div class=\"su-custom-gallery su-custom-gallery-align-left su-custom-gallery-title-never\"><div class=\"su-custom-gallery-slide\" style=\"width:220px;height:220px\"><a href=\"https:\/\/www.fundacionsancebrian.com\/portal\/el-cd-san-cebrian-logra-el-cuarto-puesto-en-categoria-adaptada-en-el-campeonato-de-baloncesto\/20191004_182801-1\/#main\" title=\"20191004_182801 (1)\"><img loading=\"lazy\" decoding=\"async\" src=\"https:\/\/www.fundacionsancebrian.com\/portal\/wp-content\/uploads\/2019\/10\/20191004_182801-1-220x220.jpg\" alt=\"20191004_182801 (1)\" width=\"220\" height=\"220\" \/><span class=\"su-custom-gallery-title\">20191004_182801 (1)<\/span><\/a><\/div><div class=\"su-custom-gallery-slide\" style=\"width:220px;height:220px\"><a href=\"https:\/\/www.fundacionsancebrian.com\/portal\/el-cd-san-cebrian-logra-el-cuarto-puesto-en-categoria-adaptada-en-el-campeonato-de-baloncesto\/img-20191004-wa0013-1\/#main\" title=\"IMG-20191004-WA0013 (1)\"><img loading=\"lazy\" decoding=\"async\" src=\"https:\/\/www.fundacionsancebrian.com\/portal\/wp-content\/uploads\/2019\/10\/IMG-20191004-WA0013-1-220x220.jpg\" alt=\"IMG-20191004-WA0013 (1)\" width=\"220\" height=\"220\" \/><span class=\"su-custom-gallery-title\">IMG-20191004-WA0013 (1)<\/span><\/a><\/div><div class=\"su-custom-gallery-slide\" style=\"width:220px;height:220px\"><a href=\"https:\/\/www.fundacionsancebrian.com\/portal\/el-cd-san-cebrian-logra-el-cuarto-puesto-en-categoria-adaptada-en-el-campeonato-de-baloncesto\/img-20191005-wa0004\/#main\" title=\"IMG-20191005-WA0004\"><img loading=\"lazy\" decoding=\"async\" src=\"https:\/\/www.fundacionsancebrian.com\/portal\/wp-content\/uploads\/2019\/10\/IMG-20191005-WA0004-220x220.jpg\" alt=\"IMG-20191005-WA0004\" width=\"220\" height=\"220\" \/><span class=\"su-custom-gallery-title\">IMG-20191005-WA0004<\/span><\/a><\/div><div class=\"su-custom-gallery-slide\" style=\"width:220px;height:220px\"><a href=\"https:\/\/www.fundacionsancebrian.com\/portal\/el-cd-san-cebrian-logra-el-cuarto-puesto-en-categoria-adaptada-en-el-campeonato-de-baloncesto\/img-20191005-wa0006-1\/#main\" title=\"IMG-20191005-WA0006 (1)\"><img loading=\"lazy\" decoding=\"async\" src=\"https:\/\/www.fundacionsancebrian.com\/portal\/wp-content\/uploads\/2019\/10\/IMG-20191005-WA0006-1-220x220.jpg\" alt=\"IMG-20191005-WA0006 (1)\" width=\"220\" height=\"220\" \/><span class=\"su-custom-gallery-title\">IMG-20191005-WA0006 (1)<\/span><\/a><\/div><div class=\"su-clear\"><\/div><\/div>\n<p>&nbsp;<\/p>\n<\/div>\n<\/div><\/div><div id=\"panel-5665-0-0-1\" class=\"so-panel widget widget_sow-editor panel-last-child\" data-index=\"1\" ><div\n\t\t\t\n\t\t\tclass=\"so-widget-sow-editor so-widget-sow-editor-base\"\n\t\t\t\n\t\t>\n<div class=\"siteorigin-widget-tinymce textwidget\">\n\t<p>Los\u00a0<strong>Objetivos del Desarrollo Sostenible 2030<\/strong>\u00a0a los que este proyecto contribuye son:<\/p>\n<p><a href=\"http:\/\/www.fundacionsancebrian.com\/portal\/wp-content\/uploads\/2018\/11\/sdg-es-08.png\"><img decoding=\"async\" class=\"size-full wp-image-4595 alignleft\" src=\"http:\/\/www.fundacionsancebrian.com\/portal\/wp-content\/uploads\/2018\/11\/sdg-es-08.png\" alt=\"\" width=\"150\" height=\"150\" srcset=\"https:\/\/www.fundacionsancebrian.com\/portal\/wp-content\/uploads\/2018\/11\/sdg-es-08.png 150w, https:\/\/www.fundacionsancebrian.com\/portal\/wp-content\/uploads\/2018\/11\/sdg-es-08-100x100.png 100w, https:\/\/www.fundacionsancebrian.com\/portal\/wp-content\/uploads\/2018\/11\/sdg-es-08-75x75.png 75w\" sizes=\"(max-width: 150px) 100vw, 150px\" \/><\/a><a href=\"http:\/\/www.fundacionsancebrian.com\/portal\/wp-content\/uploads\/2018\/11\/sdg-es-09.png\"><img decoding=\"async\" class=\"size-full wp-image-4596 alignleft\" src=\"http:\/\/www.fundacionsancebrian.com\/portal\/wp-content\/uploads\/2018\/11\/sdg-es-09.png\" alt=\"\" width=\"150\" height=\"150\" srcset=\"https:\/\/www.fundacionsancebrian.com\/portal\/wp-content\/uploads\/2018\/11\/sdg-es-09.png 150w, https:\/\/www.fundacionsancebrian.com\/portal\/wp-content\/uploads\/2018\/11\/sdg-es-09-100x100.png 100w, https:\/\/www.fundacionsancebrian.com\/portal\/wp-content\/uploads\/2018\/11\/sdg-es-09-75x75.png 75w\" sizes=\"(max-width: 150px) 100vw, 150px\" \/><\/a><a href=\"http:\/\/www.fundacionsancebrian.com\/portal\/wp-content\/uploads\/2018\/11\/sdg-es-11.png\"><img loading=\"lazy\" loading=\"lazy\" decoding=\"async\" class=\"size-full wp-image-4598 alignleft\" src=\"http:\/\/www.fundacionsancebrian.com\/portal\/wp-content\/uploads\/2018\/11\/sdg-es-11.png\" alt=\"\" width=\"150\" height=\"150\" srcset=\"https:\/\/www.fundacionsancebrian.com\/portal\/wp-content\/uploads\/2018\/11\/sdg-es-11.png 150w, https:\/\/www.fundacionsancebrian.com\/portal\/wp-content\/uploads\/2018\/11\/sdg-es-11-100x100.png 100w, https:\/\/www.fundacionsancebrian.com\/portal\/wp-content\/uploads\/2018\/11\/sdg-es-11-75x75.png 75w\" sizes=\"auto, (max-width: 150px) 100vw, 150px\" \/><\/a><a href=\"http:\/\/www.fundacionsancebrian.com\/portal\/wp-content\/uploads\/2018\/11\/sdg-es-17.png\"><img loading=\"lazy\" loading=\"lazy\" decoding=\"async\" class=\"alignleft size-full wp-image-4604\" src=\"http:\/\/www.fundacionsancebrian.com\/portal\/wp-content\/uploads\/2018\/11\/sdg-es-17.png\" alt=\"\" width=\"150\" height=\"150\" srcset=\"https:\/\/www.fundacionsancebrian.com\/portal\/wp-content\/uploads\/2018\/11\/sdg-es-17.png 150w, https:\/\/www.fundacionsancebrian.com\/portal\/wp-content\/uploads\/2018\/11\/sdg-es-17-100x100.png 100w, https:\/\/www.fundacionsancebrian.com\/portal\/wp-content\/uploads\/2018\/11\/sdg-es-17-75x75.png 75w\" sizes=\"auto, (max-width: 150px) 100vw, 150px\" \/><\/a><\/p>\n<\/div>\n<\/div><\/div><\/div><\/div><\/div>","protected":false},"excerpt":{"rendered":"<p>El Cluster SIVI, al que pertenece la entidad, reconocido como European Reference Site &nbsp; El Grupo Fundaci\u00f3n San Cebri\u00e1n pertenece al Cl\u00faster SIVI (Soluciones innovadoras para la vida independiente). El Cl\u00faster ha sido reconocido recientemente como European Reference Site (RS) con 2 estrellas, en la tercera convocatoria de la Plataforma Europea de Innovaci\u00f3n de Envejecimiento [&hellip;]<\/p>\n","protected":false},"author":2,"featured_media":5666,"comment_status":"open","ping_status":"open","sticky":false,"template":"","format":"standard","meta":{"_seopress_robots_primary_cat":"","_seopress_titles_title":"","_seopress_titles_desc":"","_seopress_robots_index":"","_eb_attr":"","footnotes":""},"categories":[8],"tags":[],"class_list":["post-5665","post","type-post","status-publish","format-standard","has-post-thumbnail","hentry","category-noticias","post-with-thumbnail","post-with-thumbnail-icon"],"_links":{"self":[{"href":"https:\/\/www.fundacionsancebrian.com\/portal\/wp-json\/wp\/v2\/posts\/5665","targetHints":{"allow":["GET"]}}],"collection":[{"href":"https:\/\/www.fundacionsancebrian.com\/portal\/wp-json\/wp\/v2\/posts"}],"about":[{"href":"https:\/\/www.fundacionsancebrian.com\/portal\/wp-json\/wp\/v2\/types\/post"}],"author":[{"embeddable":true,"href":"https:\/\/www.fundacionsancebrian.com\/portal\/wp-json\/wp\/v2\/users\/2"}],"replies":[{"embeddable":true,"href":"https:\/\/www.fundacionsancebrian.com\/portal\/wp-json\/wp\/v2\/comments?post=5665"}],"version-history":[{"count":3,"href":"https:\/\/www.fundacionsancebrian.com\/portal\/wp-json\/wp\/v2\/posts\/5665\/revisions"}],"predecessor-version":[{"id":5673,"href":"https:\/\/www.fundacionsancebrian.com\/portal\/wp-json\/wp\/v2\/posts\/5665\/revisions\/5673"}],"wp:featuredmedia":[{"embeddable":true,"href":"https:\/\/www.fundacionsancebrian.com\/portal\/wp-json\/wp\/v2\/media\/5666"}],"wp:attachment":[{"href":"https:\/\/www.fundacionsancebrian.com\/portal\/wp-json\/wp\/v2\/media?parent=5665"}],"wp:term":[{"taxonomy":"category","embeddable":true,"href":"https:\/\/www.fundacionsancebrian.com\/portal\/wp-json\/wp\/v2\/categories?post=5665"},{"taxonomy":"post_tag","embeddable":true,"href":"https:\/\/www.fundacionsancebrian.com\/portal\/wp-json\/wp\/v2\/tags?post=5665"}],"curies":[{"name":"wp","href":"https:\/\/api.w.org\/{rel}","templated":true}]}}