{"id":5668,"date":"2019-10-18T09:00:27","date_gmt":"2019-10-18T07:00:27","guid":{"rendered":"http:\/\/www.fundacionsancebrian.com\/portal\/?p=5668"},"modified":"2019-10-18T11:50:18","modified_gmt":"2019-10-18T09:50:18","slug":"la-nueva-temporada-de-emocionate-radio-arranca-con-novedades","status":"publish","type":"post","link":"https:\/\/www.fundacionsancebrian.com\/portal\/la-nueva-temporada-de-emocionate-radio-arranca-con-novedades\/","title":{"rendered":"La nueva temporada de Emoci\u00f3nate Radio arranca con novedades"},"content":{"rendered":"<div id=\"pl-5668\"  class=\"panel-layout\" ><div id=\"pg-5668-0\"  class=\"panel-grid panel-no-style\" ><div id=\"pgc-5668-0-0\"  class=\"panel-grid-cell\" ><div id=\"panel-5668-0-0-0\" class=\"so-panel widget widget_sow-editor panel-first-child panel-last-child\" data-index=\"0\" ><div\n\t\t\t\n\t\t\tclass=\"so-widget-sow-editor so-widget-sow-editor-base\"\n\t\t\t\n\t\t>\n<div class=\"siteorigin-widget-tinymce textwidget\">\n\t<div lang=\"ES\">\n<div class=\"WordSection1\">\n<h1>La nueva temporada de Emoci\u00f3nate Radio arranca con novedades<\/h1>\n<\/div>\n<\/div>\n<div class=\"su-divider su-divider-style-default\" style=\"margin:0px 0;border-width:1px;border-color:#999999\"><\/div>\n<p>&nbsp;<\/p>\n<p><a href=\"http:\/\/www.fundacionsancebrian.com\/portal\/wp-content\/uploads\/2019\/10\/48878770523_e75b744d7f_k-1.jpg\"><img fetchpriority=\"high\" fetchpriority=\"high\" decoding=\"async\" class=\"alignright wp-image-5669\" src=\"http:\/\/www.fundacionsancebrian.com\/portal\/wp-content\/uploads\/2019\/10\/48878770523_e75b744d7f_k-1-1024x768.jpg\" alt=\"\" width=\"550\" height=\"413\" srcset=\"https:\/\/www.fundacionsancebrian.com\/portal\/wp-content\/uploads\/2019\/10\/48878770523_e75b744d7f_k-1-1024x768.jpg 1024w, https:\/\/www.fundacionsancebrian.com\/portal\/wp-content\/uploads\/2019\/10\/48878770523_e75b744d7f_k-1-300x225.jpg 300w, https:\/\/www.fundacionsancebrian.com\/portal\/wp-content\/uploads\/2019\/10\/48878770523_e75b744d7f_k-1-768x576.jpg 768w, https:\/\/www.fundacionsancebrian.com\/portal\/wp-content\/uploads\/2019\/10\/48878770523_e75b744d7f_k-1-600x450.jpg 600w, https:\/\/www.fundacionsancebrian.com\/portal\/wp-content\/uploads\/2019\/10\/48878770523_e75b744d7f_k-1.jpg 1080w\" sizes=\"(max-width: 550px) 100vw, 550px\" \/><\/a>El equipo de Emoci\u00f3nate Radio, una de las emisoras del Grupo Fundaci\u00f3n San Cebri\u00e1n ha arrancado ya la nueva temporada 2019-2020 y comenzar\u00e1 a emitir el pr\u00f3ximo jueves 24 de octubre.<br \/>\nEl equipo formado por: Inmaculada Guti\u00e9rrez, Sergio Maestro, Jorge Gonz\u00e1lez; Luis Antonio Abril, Silvestre Dom\u00ednguez, Inmaculada Guti\u00e9rrez e Ismael Redondo, con el apoyo de los t\u00e9cnicos Ireneo Mart\u00edn y Leonor Ramos han iniciado ya las reuniones del equipo de radio.<br \/>\nLa nueva temporada incorporar\u00e1 novedades como nuevas secciones en el programa, que seguir\u00e1 emiti\u00e9ndose los jueves de 18.30 h a 19 horas cada 15 d\u00edas (el primer programa se emitir\u00e1 el jueves 24 de octubre) y podr\u00e1 seguirse en directo a trav\u00e9s del Facebook de la Fundaci\u00f3n. Adem\u00e1s, el programa se emitir\u00e1 en ACUP Radio los viernes a las 20 horas y se subir\u00e1 al canal de la entidad en IVOOX<\/p>\n<p>Adem\u00e1s, se mantendr\u00e1 la realizaci\u00f3n de programas en directo en aquellos centros que as\u00ed lo soliciten con el objetivo de ver c\u00f3mo se hace un programa en directo.<\/p>\n<p>&nbsp;<\/p>\n<\/div>\n<\/div><\/div><\/div><\/div><\/div>","protected":false},"excerpt":{"rendered":"<p>La nueva temporada de Emoci\u00f3nate Radio arranca con novedades &nbsp; El equipo de Emoci\u00f3nate Radio, una de las emisoras del Grupo Fundaci\u00f3n San Cebri\u00e1n ha arrancado ya la nueva temporada 2019-2020 y comenzar\u00e1 a emitir el pr\u00f3ximo jueves 24 de octubre. El equipo formado por: Inmaculada Guti\u00e9rrez, Sergio Maestro, Jorge Gonz\u00e1lez; Luis Antonio Abril, Silvestre [&hellip;]<\/p>\n","protected":false},"author":2,"featured_media":5669,"comment_status":"open","ping_status":"open","sticky":false,"template":"","format":"standard","meta":{"_seopress_robots_primary_cat":"","_seopress_titles_title":"","_seopress_titles_desc":"","_seopress_robots_index":"","_eb_attr":"","footnotes":""},"categories":[8],"tags":[],"class_list":["post-5668","post","type-post","status-publish","format-standard","has-post-thumbnail","hentry","category-noticias","post-with-thumbnail","post-with-thumbnail-icon"],"_links":{"self":[{"href":"https:\/\/www.fundacionsancebrian.com\/portal\/wp-json\/wp\/v2\/posts\/5668","targetHints":{"allow":["GET"]}}],"collection":[{"href":"https:\/\/www.fundacionsancebrian.com\/portal\/wp-json\/wp\/v2\/posts"}],"about":[{"href":"https:\/\/www.fundacionsancebrian.com\/portal\/wp-json\/wp\/v2\/types\/post"}],"author":[{"embeddable":true,"href":"https:\/\/www.fundacionsancebrian.com\/portal\/wp-json\/wp\/v2\/users\/2"}],"replies":[{"embeddable":true,"href":"https:\/\/www.fundacionsancebrian.com\/portal\/wp-json\/wp\/v2\/comments?post=5668"}],"version-history":[{"count":2,"href":"https:\/\/www.fundacionsancebrian.com\/portal\/wp-json\/wp\/v2\/posts\/5668\/revisions"}],"predecessor-version":[{"id":5696,"href":"https:\/\/www.fundacionsancebrian.com\/portal\/wp-json\/wp\/v2\/posts\/5668\/revisions\/5696"}],"wp:featuredmedia":[{"embeddable":true,"href":"https:\/\/www.fundacionsancebrian.com\/portal\/wp-json\/wp\/v2\/media\/5669"}],"wp:attachment":[{"href":"https:\/\/www.fundacionsancebrian.com\/portal\/wp-json\/wp\/v2\/media?parent=5668"}],"wp:term":[{"taxonomy":"category","embeddable":true,"href":"https:\/\/www.fundacionsancebrian.com\/portal\/wp-json\/wp\/v2\/categories?post=5668"},{"taxonomy":"post_tag","embeddable":true,"href":"https:\/\/www.fundacionsancebrian.com\/portal\/wp-json\/wp\/v2\/tags?post=5668"}],"curies":[{"name":"wp","href":"https:\/\/api.w.org\/{rel}","templated":true}]}}