{"id":5764,"date":"2019-11-22T11:58:56","date_gmt":"2019-11-22T09:58:56","guid":{"rendered":"http:\/\/www.fundacionsancebrian.com\/portal\/?p=5764"},"modified":"2019-11-25T11:56:53","modified_gmt":"2019-11-25T09:56:53","slug":"5764-2","status":"publish","type":"post","link":"https:\/\/www.fundacionsancebrian.com\/portal\/5764-2\/","title":{"rendered":"El Grupo Fundaci\u00f3n San Cebri\u00e1n cumple 39 a\u00f1os y se marca como reto en 2020 fomentar la vida independiente de las personas con discapacidad y ampliar sus servicios a todas las personas \u2018sin apellido\u2019"},"content":{"rendered":"<div id=\"pl-5764\"  class=\"panel-layout\" ><div id=\"pg-5764-0\"  class=\"panel-grid panel-no-style\" ><div id=\"pgc-5764-0-0\"  class=\"panel-grid-cell\" ><div id=\"panel-5764-0-0-0\" class=\"so-panel widget widget_sow-editor panel-first-child panel-last-child\" data-index=\"0\" ><div\n\t\t\t\n\t\t\tclass=\"so-widget-sow-editor so-widget-sow-editor-base\"\n\t\t\t\n\t\t>\n<div class=\"siteorigin-widget-tinymce textwidget\">\n\t<p><a href=\"http:\/\/www.fundacionsancebrian.com\/portal\/la-fundacion-san-cebrian-cumple-39-anos\/\"><img fetchpriority=\"high\" fetchpriority=\"high\" decoding=\"async\" class=\"aligncenter wp-image-2544 size-full\" src=\"http:\/\/www.fundacionsancebrian.com\/portal\/wp-content\/uploads\/2018\/04\/Banner-facil5.jpg\" alt=\"\" width=\"1080\" height=\"100\" srcset=\"https:\/\/www.fundacionsancebrian.com\/portal\/wp-content\/uploads\/2018\/04\/Banner-facil5.jpg 1080w, https:\/\/www.fundacionsancebrian.com\/portal\/wp-content\/uploads\/2018\/04\/Banner-facil5-600x56.jpg 600w, https:\/\/www.fundacionsancebrian.com\/portal\/wp-content\/uploads\/2018\/04\/Banner-facil5-300x28.jpg 300w, https:\/\/www.fundacionsancebrian.com\/portal\/wp-content\/uploads\/2018\/04\/Banner-facil5-768x71.jpg 768w, https:\/\/www.fundacionsancebrian.com\/portal\/wp-content\/uploads\/2018\/04\/Banner-facil5-1024x95.jpg 1024w\" sizes=\"(max-width: 1080px) 100vw, 1080px\" \/><\/a><\/p>\n<\/div>\n<\/div><\/div><\/div><\/div><div id=\"pg-5764-1\"  class=\"panel-grid panel-no-style\" ><div id=\"pgc-5764-1-0\"  class=\"panel-grid-cell\" ><div id=\"panel-5764-1-0-0\" class=\"so-panel widget widget_sow-editor panel-first-child panel-last-child\" data-index=\"1\" ><div\n\t\t\t\n\t\t\tclass=\"so-widget-sow-editor so-widget-sow-editor-base\"\n\t\t\t\n\t\t>\n<div class=\"siteorigin-widget-tinymce textwidget\">\n\t<div lang=\"ES\">\n<div class=\"WordSection1\">\n<h1>El Grupo Fundaci\u00f3n San Cebri\u00e1n cumple 39 a\u00f1os y se marca como reto en 2020 fomentar la vida independiente de las personas con discapacidad y ampliar sus servicios a todas las personas \u2018sin apellido\u2019<\/h1>\n<\/div>\n<\/div>\n<div class=\"su-divider su-divider-style-default\" style=\"margin:0px 0;border-width:1px;border-color:#999999\"><\/div>\n<p>&nbsp;<\/p>\n<ul>\n<li><strong><em>La entidad social ha presentado esta ma\u00f1ana en el Centro Cultural Lecr\u00e1c su Plan de Gesti\u00f3n 2020 y posteriormente en San Cebri\u00e1n ha homenajeado a profesionales y personas con discapacidad intelectual que llevan 12 a\u00f1os en la entidad.<\/em><\/strong><\/li>\n<li><strong><em>La plantilla de profesionales de la entidad alcanza los 350 trabajadores con discapacidad o sin discapacidad y se atiende a aproximadamente a unas 420 personas con discapacidad intelectual. <\/em><\/strong><\/li>\n<li><strong><em>Entre proyectos para el pr\u00f3ximo a\u00f1o: la puesta en marcha de un proyecto de vida independiente en Fr\u00f3mista; el desarrollo de nuevas medidas de sostenibilidad; la b\u00fasqueda de nuevos yacimientos de empleo; la celebraci\u00f3n del 40 aniversario de la entidad; la puesta en marcha de servicios para atender a personas \u2018sin apellidos\u2019 \u2013atenci\u00f3n a personas mayores o a personas con una enfermedad terminal; incrementar la participaci\u00f3n de las personas con discapacidad intelectual en sus proyectos de vida; o la creaci\u00f3n de un grupo de reflexi\u00f3n en \u00e9tica. <\/em><\/strong><\/li>\n<li><strong><em>La entidad social ha homenajeado a 17 personas con discapacidad intelectual y profesionales que cumplen 12 a\u00f1os en la entidad. <\/em><\/strong><\/li>\n<\/ul>\n<p><strong>\u00a0<\/strong><\/p>\n<p><strong><a href=\"http:\/\/www.fundacionsancebrian.com\/portal\/wp-content\/uploads\/2019\/11\/DSC0108.jpg\"><img decoding=\"async\" class=\"alignright wp-image-5765\" src=\"http:\/\/www.fundacionsancebrian.com\/portal\/wp-content\/uploads\/2019\/11\/DSC0108-1024x683.jpg\" alt=\"\" width=\"550\" height=\"367\" srcset=\"https:\/\/www.fundacionsancebrian.com\/portal\/wp-content\/uploads\/2019\/11\/DSC0108-1024x683.jpg 1024w, https:\/\/www.fundacionsancebrian.com\/portal\/wp-content\/uploads\/2019\/11\/DSC0108-300x200.jpg 300w, https:\/\/www.fundacionsancebrian.com\/portal\/wp-content\/uploads\/2019\/11\/DSC0108-768x512.jpg 768w, https:\/\/www.fundacionsancebrian.com\/portal\/wp-content\/uploads\/2019\/11\/DSC0108-600x400.jpg 600w, https:\/\/www.fundacionsancebrian.com\/portal\/wp-content\/uploads\/2019\/11\/DSC0108-272x182.jpg 272w, https:\/\/www.fundacionsancebrian.com\/portal\/wp-content\/uploads\/2019\/11\/DSC0108.jpg 1920w\" sizes=\"(max-width: 550px) 100vw, 550px\" \/><\/a>Palencia, 18 de noviembre de 2019. <\/strong>El Grupo Fundaci\u00f3n San Cebri\u00e1n cumple 39 a\u00f1os de historia y esta ma\u00f1ana ha presentado el Plan de Gesti\u00f3n 2020 en el Centro Cultural Lecr\u00e1c para posteriormente homenajear a 17 personas (entre profesionales y personas con discapacidad) que cumplen 12 a\u00f1os en la entidad. Al acto han acudido, el Presidente del Grupo Fundaci\u00f3n San Cebri\u00e1n, Juan P\u00e9rez; la directora General, Eva del R\u00edo; el delegado de la Junta, Jos\u00e9 Antonio Rubio Mielgo; el subdelegado del Gobierno, \u00c1ngel Domingo Miguel y el diputado de Servicios Sociales, Alfonso Polanco y representantes de entidades bancarias, sociales y culturales de la Provincia de Palencia; junto a otros representantes de partidos pol\u00edticos como del PSOE.<\/p>\n<p><strong><u>Plan de Gesti\u00f3n.<\/u><\/strong> La entidad social ha presentado su Plan de Gesti\u00f3n 2020 en un acto din\u00e1mico y novedoso, ya que a trav\u00e9s de un concurso televisi\u00f3n denominado <em>\u2018Corcho y Chinchetas\u2019<\/em> se ha ido desgranando el Plan de acci\u00f3n de la entidad destacando, gracias a la intervenci\u00f3n de sus directores, los proyectos m\u00e1s importantes. Entre los proyectos: desarrollo de un proyecto de vida independiente en Fr\u00f3mista; la atenci\u00f3n a personas \u2018sin apellidos\u2019 (personas mayores o personas con una enfermedad terminal, gracias al proyecto Intecum); la puesta en marcha de un grupo de reflexi\u00f3n en \u00e9tica; la actualizaci\u00f3n del Plan de sostenibilidad; la b\u00fasqueda de nuevos yacimientos de empleo o la puesta en marcha de un Plan de Motivaci\u00f3n para profesionales, entre otros.<\/p>\n<p><em>\u201cEs un plan innovador, centrado en las personas y en su vida independiente y que pone el foco tambi\u00e9n en el mundo rural para generar oportunidades<\/em>\u201d apunt\u00f3 la directora General de la entidad, Eva del R\u00edo, quien puntualiz\u00f3 adem\u00e1s, que \u201c<em>es importante el desarrollo de servicios de proximidad para que cualquier persona que viva en la provincia pueda quedarse a vivir en su hogar; sin olvidarnos de la importancia de forma a nuestros profesionales en nuevos perfiles como el de asistente personal\u201d<\/em>.<\/p>\n<p>En cuanto al empleo, la entidad social buscar\u00e1 en 2020 proyecto \u201crelacionados con la agroalimentaci\u00f3n, proyectos relacionados\u00a0 con el medio rural \u2013 transporte, ayuda a domicilio, comida\u2026-\u201c, se\u00f1al\u00f3 del R\u00edo.<\/p>\n<p><strong>Homenaje 12 a\u00f1os. <\/strong>Otro de los actos destacados de la entidad social en este d\u00eda ha sido el homenaje que realiza a profesionales y personas con discapacidad que llevan 12 a\u00f1os en la entidad. 17 personas han recibido esta ma\u00f1ana el reloj y un sentido homenaje por parte de sus compa\u00f1eros.<\/p>\n<\/div>\n<\/div><\/div><\/div><\/div><\/div>","protected":false},"excerpt":{"rendered":"<p>El Grupo Fundaci\u00f3n San Cebri\u00e1n cumple 39 a\u00f1os y se marca como reto en 2020 fomentar la vida independiente de las personas con discapacidad y ampliar sus servicios a todas las personas \u2018sin apellido\u2019 &nbsp; La entidad social ha presentado esta ma\u00f1ana en el Centro Cultural Lecr\u00e1c su Plan de Gesti\u00f3n 2020 y posteriormente en [&hellip;]<\/p>\n","protected":false},"author":2,"featured_media":5765,"comment_status":"open","ping_status":"open","sticky":false,"template":"","format":"standard","meta":{"_seopress_robots_primary_cat":"","_seopress_titles_title":"","_seopress_titles_desc":"","_seopress_robots_index":"","_eb_attr":"","footnotes":""},"categories":[8],"tags":[],"class_list":["post-5764","post","type-post","status-publish","format-standard","has-post-thumbnail","hentry","category-noticias","post-with-thumbnail","post-with-thumbnail-icon"],"_links":{"self":[{"href":"https:\/\/www.fundacionsancebrian.com\/portal\/wp-json\/wp\/v2\/posts\/5764","targetHints":{"allow":["GET"]}}],"collection":[{"href":"https:\/\/www.fundacionsancebrian.com\/portal\/wp-json\/wp\/v2\/posts"}],"about":[{"href":"https:\/\/www.fundacionsancebrian.com\/portal\/wp-json\/wp\/v2\/types\/post"}],"author":[{"embeddable":true,"href":"https:\/\/www.fundacionsancebrian.com\/portal\/wp-json\/wp\/v2\/users\/2"}],"replies":[{"embeddable":true,"href":"https:\/\/www.fundacionsancebrian.com\/portal\/wp-json\/wp\/v2\/comments?post=5764"}],"version-history":[{"count":3,"href":"https:\/\/www.fundacionsancebrian.com\/portal\/wp-json\/wp\/v2\/posts\/5764\/revisions"}],"predecessor-version":[{"id":5773,"href":"https:\/\/www.fundacionsancebrian.com\/portal\/wp-json\/wp\/v2\/posts\/5764\/revisions\/5773"}],"wp:featuredmedia":[{"embeddable":true,"href":"https:\/\/www.fundacionsancebrian.com\/portal\/wp-json\/wp\/v2\/media\/5765"}],"wp:attachment":[{"href":"https:\/\/www.fundacionsancebrian.com\/portal\/wp-json\/wp\/v2\/media?parent=5764"}],"wp:term":[{"taxonomy":"category","embeddable":true,"href":"https:\/\/www.fundacionsancebrian.com\/portal\/wp-json\/wp\/v2\/categories?post=5764"},{"taxonomy":"post_tag","embeddable":true,"href":"https:\/\/www.fundacionsancebrian.com\/portal\/wp-json\/wp\/v2\/tags?post=5764"}],"curies":[{"name":"wp","href":"https:\/\/api.w.org\/{rel}","templated":true}]}}