{"id":5768,"date":"2019-11-22T12:35:23","date_gmt":"2019-11-22T10:35:23","guid":{"rendered":"http:\/\/www.fundacionsancebrian.com\/portal\/?p=5768"},"modified":"2019-11-22T12:35:23","modified_gmt":"2019-11-22T10:35:23","slug":"el-grupo-fundacion-san-cebrian-edita-1000-calendarios-para-el-2020-con-12-imagenes-magicas-y-de-altura","status":"publish","type":"post","link":"https:\/\/www.fundacionsancebrian.com\/portal\/el-grupo-fundacion-san-cebrian-edita-1000-calendarios-para-el-2020-con-12-imagenes-magicas-y-de-altura\/","title":{"rendered":"El Grupo Fundaci\u00f3n San Cebri\u00e1n edita 1000 calendarios para el 2020 con 12 im\u00e1genes m\u00e1gicas y de \u2018altura\u2019"},"content":{"rendered":"<div id=\"pl-5768\"  class=\"panel-layout\" ><div id=\"pg-5768-0\"  class=\"panel-grid panel-no-style\" ><div id=\"pgc-5768-0-0\"  class=\"panel-grid-cell\" ><div id=\"panel-5768-0-0-0\" class=\"so-panel widget widget_sow-editor panel-first-child panel-last-child\" data-index=\"0\" ><div\n\t\t\t\n\t\t\tclass=\"so-widget-sow-editor so-widget-sow-editor-base\"\n\t\t\t\n\t\t>\n<div class=\"siteorigin-widget-tinymce textwidget\">\n\t<div lang=\"ES\">\n<div class=\"WordSection1\">\n<h1>El Grupo Fundaci\u00f3n San Cebri\u00e1n edita 1000 calendarios para el 2020 con 12 im\u00e1genes m\u00e1gicas y de \u2018altura\u2019<\/h1>\n<\/div>\n<\/div>\n<div class=\"su-divider su-divider-style-default\" style=\"margin:0px 0;border-width:1px;border-color:#999999\"><\/div>\n<p>&nbsp;<\/p>\n<ul>\n<li><strong><em>La entidad social ha contado con la colaboraci\u00f3n del Palencia Baloncesto y del mago palentino \u00c1ngel Simal. <\/em><\/strong><\/li>\n<li><strong><em>En las 12 fotograf\u00edas m\u00e1s la contraportada aparecen los jugadores del equipo palentino junto a personas con discapacidad de la entidad realizando un truco de magia.<\/em><\/strong><\/li>\n<li><strong><em>Se han editado 1000 ejemplares del Calendario 2020 con el lema \u20182020 Un a\u00f1o para sorprenderte\u2019.<\/em><\/strong><\/li>\n<li><strong><em>El precio del calendario 3 euros y ya est\u00e1 a la venta en las oficinas del Palencia Baloncesto, en las sedes del Grupo Fundaci\u00f3n San Cebri\u00e1n, en la oficina de Se\u00f1apal. Y se podr\u00e1 adquirir en el partido de ma\u00f1ana en el Pabell\u00f3n Municipal. <\/em><\/strong><\/li>\n<\/ul>\n<p><strong>\u00a0<\/strong><\/p>\n<p><strong><a href=\"http:\/\/www.fundacionsancebrian.com\/portal\/wp-content\/uploads\/2018\/11\/DSC0049-1-1-Mediano.jpg\"><img fetchpriority=\"high\" fetchpriority=\"high\" decoding=\"async\" class=\"alignright  wp-image-5761\" src=\"http:\/\/www.fundacionsancebrian.com\/portal\/wp-content\/uploads\/2018\/11\/DSC0049-1-1-Mediano-1024x683.jpg\" alt=\"\" width=\"550\" height=\"367\" srcset=\"https:\/\/www.fundacionsancebrian.com\/portal\/wp-content\/uploads\/2018\/11\/DSC0049-1-1-Mediano-1024x683.jpg 1024w, https:\/\/www.fundacionsancebrian.com\/portal\/wp-content\/uploads\/2018\/11\/DSC0049-1-1-Mediano-300x200.jpg 300w, https:\/\/www.fundacionsancebrian.com\/portal\/wp-content\/uploads\/2018\/11\/DSC0049-1-1-Mediano-768x512.jpg 768w, https:\/\/www.fundacionsancebrian.com\/portal\/wp-content\/uploads\/2018\/11\/DSC0049-1-1-Mediano-600x400.jpg 600w, https:\/\/www.fundacionsancebrian.com\/portal\/wp-content\/uploads\/2018\/11\/DSC0049-1-1-Mediano-272x182.jpg 272w, https:\/\/www.fundacionsancebrian.com\/portal\/wp-content\/uploads\/2018\/11\/DSC0049-1-1-Mediano.jpg 1152w\" sizes=\"(max-width: 550px) 100vw, 550px\" \/><\/a>Palencia, 21 de noviembre de 2019. <\/strong>El Grupo Fundaci\u00f3n San Cebri\u00e1n ha vuelto un a\u00f1o m\u00e1s a editar un calendario solidario con el objetivo de hacer m\u00e1s visible en la sociedad a las personas con discapacidad intelectual; dar a conocer la entidad y fomentar la inclusi\u00f3n de las personas con discapacidad. Este a\u00f1o, bajo el lema <strong><em>2020, un a\u00f1o para sorprenderte <\/em><\/strong>la entidad social ha querido que la magia est\u00e9 muy presente en el calendario, con la ayuda del mago palentino \u00c1ngel Simal y que el Palencia Baloncesto pusiese tambi\u00e9n su granito de arena con el talento de sus jugadores. <em>\u201cAgradecer al Palencia Baloncesto su disposici\u00f3n y a \u00c1ngel Simal tambi\u00e9n por aportarnos su magia porque las personas con discapacidad han disfrutado mucho de las sesiones fotogr\u00e1ficas y se han acercado al baloncesto\u201d,<\/em> apunt\u00f3 Eva del R\u00edo.<\/p>\n<p>El calendario cuenta con 12 im\u00e1genes en el que aparecen personas con discapacidad de la entidad acompa\u00f1adas de un jugador del Palencia Baloncesto realizando un truco de magia.<\/p>\n<p>El calendario ya est\u00e1 a la venta por un precio simb\u00f3lico de 3 euros y podr\u00e1 adquirirse en las Oficinas del Palencia Baloncesto; en la Oficina de Se\u00f1apal; en las sedes del Grupo Fundaci\u00f3n San Cebri\u00e1n:<\/p>\n<ul>\n<li>Sede Social Palencia. Plaza Juan XXIII 5 Bajo. Palencia<\/li>\n<li>Centro Vida Independiente Fidel Ramos.<\/li>\n<li>Fundaci\u00f3n San Cebri\u00e1n. San Cebri\u00e1n de Campos.<\/li>\n<li>Centro Ocupacional de Carri\u00f3n de los Condes<\/li>\n<li>Fr\u00f3mista. Centro Ocupacional.<\/li>\n<\/ul>\n<p>Adem\u00e1s, se podr\u00e1 adquirir en otros establecimientos, pendientes de confirmar y podr\u00e1 comprarse online (a la espera de activar el m\u00e9todo).<\/p>\n<p><em>\u201cEste calendario es el pistoletazo de salida de todas las sorpresas que vamos a tener en 2020, ya que el pr\u00f3ximo a\u00f1o nuestra entidad cumple 40 a\u00f1os\u201d,<\/em> explic\u00f3 del R\u00edo.<\/p>\n<p>Por su parte, el vicepresidente del Palencia Baloncesto, Fernando Mart\u00ednez Zulaica apunt\u00f3 que <em>\u201ces un placer colaborar con esta entidad y adem\u00e1s, el calendario ha quedado precioso por lo que yo anim\u00f3 a todos los aficionados y palentinos que compren el calendario porque se colabora con la bonita labor que realizan en el grupo Fundaci\u00f3n San Cebri\u00e1n\u201d<\/em><\/p>\n<p>\u201c<em>Yo siempre me propongo que en todos los proyectos en los que trabajo cada uno aporte su talento, ya sea desde una cancha de baloncesto, o desde un escenario o simplemente ese d\u00eda a d\u00eda en el que pon\u00e9is todos una sonrisa tan especial\u201d, <\/em>remarc\u00f3 \u00c1ngel Simal durante la presentaci\u00f3n y es que<em> \u201cespero que cuando la gente vea una foto le arranque una sonrisa\u201d, puntualiz\u00f3. <\/em><\/p>\n<\/div>\n<\/div><\/div><\/div><\/div><\/div>","protected":false},"excerpt":{"rendered":"<p>El Grupo Fundaci\u00f3n San Cebri\u00e1n edita 1000 calendarios para el 2020 con 12 im\u00e1genes m\u00e1gicas y de \u2018altura\u2019 &nbsp; La entidad social ha contado con la colaboraci\u00f3n del Palencia Baloncesto y del mago palentino \u00c1ngel Simal. En las 12 fotograf\u00edas m\u00e1s la contraportada aparecen los jugadores del equipo palentino junto a personas con discapacidad de [&hellip;]<\/p>\n","protected":false},"author":2,"featured_media":5761,"comment_status":"open","ping_status":"open","sticky":false,"template":"","format":"standard","meta":{"_seopress_robots_primary_cat":"","_seopress_titles_title":"","_seopress_titles_desc":"","_seopress_robots_index":"","_eb_attr":"","footnotes":""},"categories":[8],"tags":[],"class_list":["post-5768","post","type-post","status-publish","format-standard","has-post-thumbnail","hentry","category-noticias","post-with-thumbnail","post-with-thumbnail-icon"],"_links":{"self":[{"href":"https:\/\/www.fundacionsancebrian.com\/portal\/wp-json\/wp\/v2\/posts\/5768","targetHints":{"allow":["GET"]}}],"collection":[{"href":"https:\/\/www.fundacionsancebrian.com\/portal\/wp-json\/wp\/v2\/posts"}],"about":[{"href":"https:\/\/www.fundacionsancebrian.com\/portal\/wp-json\/wp\/v2\/types\/post"}],"author":[{"embeddable":true,"href":"https:\/\/www.fundacionsancebrian.com\/portal\/wp-json\/wp\/v2\/users\/2"}],"replies":[{"embeddable":true,"href":"https:\/\/www.fundacionsancebrian.com\/portal\/wp-json\/wp\/v2\/comments?post=5768"}],"version-history":[{"count":1,"href":"https:\/\/www.fundacionsancebrian.com\/portal\/wp-json\/wp\/v2\/posts\/5768\/revisions"}],"predecessor-version":[{"id":5769,"href":"https:\/\/www.fundacionsancebrian.com\/portal\/wp-json\/wp\/v2\/posts\/5768\/revisions\/5769"}],"wp:featuredmedia":[{"embeddable":true,"href":"https:\/\/www.fundacionsancebrian.com\/portal\/wp-json\/wp\/v2\/media\/5761"}],"wp:attachment":[{"href":"https:\/\/www.fundacionsancebrian.com\/portal\/wp-json\/wp\/v2\/media?parent=5768"}],"wp:term":[{"taxonomy":"category","embeddable":true,"href":"https:\/\/www.fundacionsancebrian.com\/portal\/wp-json\/wp\/v2\/categories?post=5768"},{"taxonomy":"post_tag","embeddable":true,"href":"https:\/\/www.fundacionsancebrian.com\/portal\/wp-json\/wp\/v2\/tags?post=5768"}],"curies":[{"name":"wp","href":"https:\/\/api.w.org\/{rel}","templated":true}]}}