{"id":6253,"date":"2020-03-17T16:00:26","date_gmt":"2020-03-17T14:00:26","guid":{"rendered":"http:\/\/www.fundacionsancebrian.com\/portal\/?p=6253"},"modified":"2020-04-07T12:50:44","modified_gmt":"2020-04-07T10:50:44","slug":"nos-presentamos","status":"publish","type":"post","link":"https:\/\/www.fundacionsancebrian.com\/portal\/nos-presentamos\/","title":{"rendered":"Nos presentamos\u2026"},"content":{"rendered":"<div id=\"pl-6253\"  class=\"panel-layout\" ><div id=\"pg-6253-0\"  class=\"panel-grid panel-no-style\" ><div id=\"pgc-6253-0-0\"  class=\"panel-grid-cell\" ><div id=\"panel-6253-0-0-0\" class=\"so-panel widget widget_sow-editor panel-first-child panel-last-child\" data-index=\"0\" ><div\n\t\t\t\n\t\t\tclass=\"so-widget-sow-editor so-widget-sow-editor-base\"\n\t\t\t\n\t\t>\n<div class=\"siteorigin-widget-tinymce textwidget\">\n\t<p>Hola a todos. Hoy m\u00e1s que nunca NOS QUEDAMOS EN CASA.<\/p>\n<p>Ante esta dif\u00edcil situaci\u00f3n, de la que estamos convencidos saldremos adelante, queremos que todos nuestros compa\u00f1eros de la residencia y de las viviendas \u2013 ubicadas en San Cebri\u00e1n de Campos, Palencia, Fr\u00f3mista, Carri\u00f3n y Bahillo- y c\u00f3mo no, todos aquellos compa\u00f1eros que est\u00e1n en casa con sus familias, tengan todos los recursos necesarios para que la espera, antes de volver a salir de nuevo de casa, sea lo m\u00e1s llevadera posible.<\/p>\n<p>Queremos que este blog al que hemos llamado DeSastreCaj\u00f3n sea un espacio donde subir v\u00eddeos o dar consejos sobre cualquier materia de la salud (alimentaci\u00f3n, higiene, bienestar f\u00edsico, bienestar emocional); sobre el ocio (colgaremos links para ver pel\u00edculas, escuchar m\u00fasica) y haremos tambi\u00e9n alg\u00fan que otro juego y muchas sorpresas<\/p>\n<p>Y c\u00f3mo no, queremos contar con tu participaci\u00f3n, as\u00ed que si quieres hablar sobre algo, quieres expresar c\u00f3mo te sientes\u2026BIENVENIDO porque est\u00e1s en el lugar perfecto.<\/p>\n<p>Y en el v\u00eddeo nos presentamos y os lanzamos la primera pregunta.<\/p>\n<\/div>\n<\/div><\/div><\/div><div id=\"pgc-6253-0-1\"  class=\"panel-grid-cell\" ><div id=\"panel-6253-0-1-0\" class=\"so-panel widget widget_sow-editor panel-first-child panel-last-child\" data-index=\"1\" ><div\n\t\t\t\n\t\t\tclass=\"so-widget-sow-editor so-widget-sow-editor-base\"\n\t\t\t\n\t\t>\n<div class=\"siteorigin-widget-tinymce textwidget\">\n\t<div style=\"width: 720px;\" class=\"wp-video\"><video class=\"wp-video-shortcode\" id=\"video-6253-1\" width=\"720\" height=\"235\" preload=\"metadata\" controls=\"controls\"><source type=\"video\/mp4\" src=\"http:\/\/www.fundacionsancebrian.com\/portal\/wp-content\/uploads\/2020\/03\/WhatsApp-Video-2020-03-17-at-15.35.51.mp4?_=1\" \/><a href=\"http:\/\/www.fundacionsancebrian.com\/portal\/wp-content\/uploads\/2020\/03\/WhatsApp-Video-2020-03-17-at-15.35.51.mp4\">http:\/\/www.fundacionsancebrian.com\/portal\/wp-content\/uploads\/2020\/03\/WhatsApp-Video-2020-03-17-at-15.35.51.mp4<\/a><\/video><\/div>\n<\/div>\n<\/div><\/div><\/div><\/div><\/div>","protected":false},"excerpt":{"rendered":"<p>Hola a todos. Hoy m\u00e1s que nunca NOS QUEDAMOS EN CASA. Ante esta dif\u00edcil situaci\u00f3n, de la que estamos convencidos saldremos adelante, queremos que todos nuestros compa\u00f1eros de la residencia y de las viviendas \u2013 ubicadas en San Cebri\u00e1n de Campos, Palencia, Fr\u00f3mista, Carri\u00f3n y Bahillo- y c\u00f3mo no, todos aquellos compa\u00f1eros que est\u00e1n en [&hellip;]<\/p>\n","protected":false},"author":2,"featured_media":6263,"comment_status":"open","ping_status":"open","sticky":false,"template":"","format":"standard","meta":{"_seopress_robots_primary_cat":"","_seopress_titles_title":"","_seopress_titles_desc":"","_seopress_robots_index":"","_eb_attr":"","footnotes":""},"categories":[67],"tags":[],"class_list":["post-6253","post","type-post","status-publish","format-standard","has-post-thumbnail","hentry","category-blog","post-with-thumbnail","post-with-thumbnail-icon"],"_links":{"self":[{"href":"https:\/\/www.fundacionsancebrian.com\/portal\/wp-json\/wp\/v2\/posts\/6253","targetHints":{"allow":["GET"]}}],"collection":[{"href":"https:\/\/www.fundacionsancebrian.com\/portal\/wp-json\/wp\/v2\/posts"}],"about":[{"href":"https:\/\/www.fundacionsancebrian.com\/portal\/wp-json\/wp\/v2\/types\/post"}],"author":[{"embeddable":true,"href":"https:\/\/www.fundacionsancebrian.com\/portal\/wp-json\/wp\/v2\/users\/2"}],"replies":[{"embeddable":true,"href":"https:\/\/www.fundacionsancebrian.com\/portal\/wp-json\/wp\/v2\/comments?post=6253"}],"version-history":[{"count":12,"href":"https:\/\/www.fundacionsancebrian.com\/portal\/wp-json\/wp\/v2\/posts\/6253\/revisions"}],"predecessor-version":[{"id":6269,"href":"https:\/\/www.fundacionsancebrian.com\/portal\/wp-json\/wp\/v2\/posts\/6253\/revisions\/6269"}],"wp:featuredmedia":[{"embeddable":true,"href":"https:\/\/www.fundacionsancebrian.com\/portal\/wp-json\/wp\/v2\/media\/6263"}],"wp:attachment":[{"href":"https:\/\/www.fundacionsancebrian.com\/portal\/wp-json\/wp\/v2\/media?parent=6253"}],"wp:term":[{"taxonomy":"category","embeddable":true,"href":"https:\/\/www.fundacionsancebrian.com\/portal\/wp-json\/wp\/v2\/categories?post=6253"},{"taxonomy":"post_tag","embeddable":true,"href":"https:\/\/www.fundacionsancebrian.com\/portal\/wp-json\/wp\/v2\/tags?post=6253"}],"curies":[{"name":"wp","href":"https:\/\/api.w.org\/{rel}","templated":true}]}}