{"id":6321,"date":"2020-03-19T17:00:23","date_gmt":"2020-03-19T15:00:23","guid":{"rendered":"http:\/\/www.fundacionsancebrian.com\/portal\/?p=6321"},"modified":"2020-04-07T10:30:56","modified_gmt":"2020-04-07T08:30:56","slug":"estiramientos-en-casa","status":"publish","type":"post","link":"https:\/\/www.fundacionsancebrian.com\/portal\/estiramientos-en-casa\/","title":{"rendered":"Estiramientos en casa con una silla"},"content":{"rendered":"<div id=\"pl-6321\"  class=\"panel-layout\" ><div id=\"pg-6321-0\"  class=\"panel-grid panel-no-style\" ><div id=\"pgc-6321-0-0\"  class=\"panel-grid-cell\" ><div id=\"panel-6321-0-0-0\" class=\"so-panel widget widget_sow-editor panel-first-child panel-last-child\" data-index=\"0\" ><div\n\t\t\t\n\t\t\tclass=\"so-widget-sow-editor so-widget-sow-editor-base\"\n\t\t\t\n\t\t>\n<div class=\"siteorigin-widget-tinymce textwidget\">\n\t<p>Como no queremos que perd\u00e1is los buenos h\u00e1bitos estos d\u00edas de confinamiento...<\/p>\n<p>Hoy os dejamos un v\u00eddeo de c\u00f3mo estirar y poder sentirnos mejor.<br \/>\nLa fisioterapeuta del Centro de Vida Independiente Isabel nos ha hecho este v\u00eddeo.<\/p>\n<p>Ya sab\u00e9is, poneos c\u00f3modos, coged una silla y a por ello.<\/p>\n<\/div>\n<\/div><\/div><\/div><div id=\"pgc-6321-0-1\"  class=\"panel-grid-cell\" ><div id=\"panel-6321-0-1-0\" class=\"so-panel widget widget_sow-editor panel-first-child panel-last-child\" data-index=\"1\" ><div\n\t\t\t\n\t\t\tclass=\"so-widget-sow-editor so-widget-sow-editor-base\"\n\t\t\t\n\t\t>\n<div class=\"siteorigin-widget-tinymce textwidget\">\n\t<div style=\"width: 352px;\" class=\"wp-video\"><video class=\"wp-video-shortcode\" id=\"video-6321-1\" width=\"352\" height=\"640\" preload=\"metadata\" controls=\"controls\"><source type=\"video\/mp4\" src=\"http:\/\/www.fundacionsancebrian.com\/portal\/wp-content\/uploads\/2020\/03\/WhatsApp-Video-2020-03-19-at-09.36.57.mp4?_=1\" \/><a href=\"http:\/\/www.fundacionsancebrian.com\/portal\/wp-content\/uploads\/2020\/03\/WhatsApp-Video-2020-03-19-at-09.36.57.mp4\">http:\/\/www.fundacionsancebrian.com\/portal\/wp-content\/uploads\/2020\/03\/WhatsApp-Video-2020-03-19-at-09.36.57.mp4<\/a><\/video><\/div>\n<\/div>\n<\/div><\/div><\/div><\/div><\/div>","protected":false},"excerpt":{"rendered":"<p>Como no queremos que perd\u00e1is los buenos h\u00e1bitos estos d\u00edas de confinamiento&#8230; Hoy os dejamos un v\u00eddeo de c\u00f3mo estirar y poder sentirnos mejor. La fisioterapeuta del Centro de Vida Independiente Isabel nos ha hecho este v\u00eddeo. Ya sab\u00e9is, poneos c\u00f3modos, coged una silla y a por ello.<\/p>\n","protected":false},"author":2,"featured_media":6461,"comment_status":"open","ping_status":"open","sticky":false,"template":"","format":"standard","meta":{"_seopress_robots_primary_cat":"","_seopress_titles_title":"","_seopress_titles_desc":"","_seopress_robots_index":"","_eb_attr":"","footnotes":""},"categories":[67],"tags":[],"class_list":["post-6321","post","type-post","status-publish","format-standard","has-post-thumbnail","hentry","category-blog","post-with-thumbnail","post-with-thumbnail-icon"],"_links":{"self":[{"href":"https:\/\/www.fundacionsancebrian.com\/portal\/wp-json\/wp\/v2\/posts\/6321","targetHints":{"allow":["GET"]}}],"collection":[{"href":"https:\/\/www.fundacionsancebrian.com\/portal\/wp-json\/wp\/v2\/posts"}],"about":[{"href":"https:\/\/www.fundacionsancebrian.com\/portal\/wp-json\/wp\/v2\/types\/post"}],"author":[{"embeddable":true,"href":"https:\/\/www.fundacionsancebrian.com\/portal\/wp-json\/wp\/v2\/users\/2"}],"replies":[{"embeddable":true,"href":"https:\/\/www.fundacionsancebrian.com\/portal\/wp-json\/wp\/v2\/comments?post=6321"}],"version-history":[{"count":4,"href":"https:\/\/www.fundacionsancebrian.com\/portal\/wp-json\/wp\/v2\/posts\/6321\/revisions"}],"predecessor-version":[{"id":6464,"href":"https:\/\/www.fundacionsancebrian.com\/portal\/wp-json\/wp\/v2\/posts\/6321\/revisions\/6464"}],"wp:featuredmedia":[{"embeddable":true,"href":"https:\/\/www.fundacionsancebrian.com\/portal\/wp-json\/wp\/v2\/media\/6461"}],"wp:attachment":[{"href":"https:\/\/www.fundacionsancebrian.com\/portal\/wp-json\/wp\/v2\/media?parent=6321"}],"wp:term":[{"taxonomy":"category","embeddable":true,"href":"https:\/\/www.fundacionsancebrian.com\/portal\/wp-json\/wp\/v2\/categories?post=6321"},{"taxonomy":"post_tag","embeddable":true,"href":"https:\/\/www.fundacionsancebrian.com\/portal\/wp-json\/wp\/v2\/tags?post=6321"}],"curies":[{"name":"wp","href":"https:\/\/api.w.org\/{rel}","templated":true}]}}