{"id":6371,"date":"2020-03-30T12:00:27","date_gmt":"2020-03-30T11:00:27","guid":{"rendered":"http:\/\/www.fundacionsancebrian.com\/portal\/?p=6371"},"modified":"2020-04-07T12:38:40","modified_gmt":"2020-04-07T10:38:40","slug":"ejercicio-de-equilibrio","status":"publish","type":"post","link":"https:\/\/www.fundacionsancebrian.com\/portal\/ejercicio-de-equilibrio\/","title":{"rendered":"Entrenamos el equilibrio"},"content":{"rendered":"<div id=\"pl-6371\"  class=\"panel-layout\" ><div id=\"pg-6371-0\"  class=\"panel-grid panel-no-style\" ><div id=\"pgc-6371-0-0\"  class=\"panel-grid-cell\" ><div id=\"panel-6371-0-0-0\" class=\"so-panel widget widget_sow-editor panel-first-child panel-last-child\" data-index=\"0\" ><div\n\t\t\t\n\t\t\tclass=\"so-widget-sow-editor so-widget-sow-editor-base\"\n\t\t\t\n\t\t>\n<div class=\"siteorigin-widget-tinymce textwidget\">\n\t<p>Hoy la fisio Alicia nos va a ense\u00f1ar unos ejercicios sobre el equilibrio y la propiocepci\u00f3n, sentido que informa al organismo de la posici\u00f3n de los m\u00fasculos, es la capacidad de sentir la posici\u00f3n relativa de partes corporales contiguas.<\/p>\n<\/div>\n<\/div><\/div><\/div><div id=\"pgc-6371-0-1\"  class=\"panel-grid-cell\" ><div id=\"panel-6371-0-1-0\" class=\"so-panel widget widget_sow-editor panel-first-child panel-last-child\" data-index=\"1\" ><div\n\t\t\t\n\t\t\tclass=\"so-widget-sow-editor so-widget-sow-editor-base\"\n\t\t\t\n\t\t>\n<div class=\"siteorigin-widget-tinymce textwidget\">\n\t<div style=\"width: 352px;\" class=\"wp-video\"><video class=\"wp-video-shortcode\" id=\"video-6371-1\" width=\"352\" height=\"640\" preload=\"metadata\" controls=\"controls\"><source type=\"video\/mp4\" src=\"http:\/\/www.fundacionsancebrian.com\/portal\/wp-content\/uploads\/2020\/03\/WhatsApp-Video-2020-03-26-at-11.11.56.mp4?_=1\" \/><a href=\"http:\/\/www.fundacionsancebrian.com\/portal\/wp-content\/uploads\/2020\/03\/WhatsApp-Video-2020-03-26-at-11.11.56.mp4\">http:\/\/www.fundacionsancebrian.com\/portal\/wp-content\/uploads\/2020\/03\/WhatsApp-Video-2020-03-26-at-11.11.56.mp4<\/a><\/video><\/div>\n<\/div>\n<\/div><\/div><\/div><\/div><\/div>","protected":false},"excerpt":{"rendered":"<p>Hoy la fisio Alicia nos va a ense\u00f1ar unos ejercicios sobre el equilibrio y la propiocepci\u00f3n, sentido que informa al organismo de la posici\u00f3n de los m\u00fasculos, es la capacidad de sentir la posici\u00f3n relativa de partes corporales contiguas.<\/p>\n","protected":false},"author":2,"featured_media":6479,"comment_status":"open","ping_status":"open","sticky":false,"template":"","format":"standard","meta":{"_seopress_robots_primary_cat":"","_seopress_titles_title":"","_seopress_titles_desc":"","_seopress_robots_index":"","_eb_attr":"","footnotes":""},"categories":[67],"tags":[],"class_list":["post-6371","post","type-post","status-publish","format-standard","has-post-thumbnail","hentry","category-blog","post-with-thumbnail","post-with-thumbnail-icon"],"_links":{"self":[{"href":"https:\/\/www.fundacionsancebrian.com\/portal\/wp-json\/wp\/v2\/posts\/6371","targetHints":{"allow":["GET"]}}],"collection":[{"href":"https:\/\/www.fundacionsancebrian.com\/portal\/wp-json\/wp\/v2\/posts"}],"about":[{"href":"https:\/\/www.fundacionsancebrian.com\/portal\/wp-json\/wp\/v2\/types\/post"}],"author":[{"embeddable":true,"href":"https:\/\/www.fundacionsancebrian.com\/portal\/wp-json\/wp\/v2\/users\/2"}],"replies":[{"embeddable":true,"href":"https:\/\/www.fundacionsancebrian.com\/portal\/wp-json\/wp\/v2\/comments?post=6371"}],"version-history":[{"count":4,"href":"https:\/\/www.fundacionsancebrian.com\/portal\/wp-json\/wp\/v2\/posts\/6371\/revisions"}],"predecessor-version":[{"id":6481,"href":"https:\/\/www.fundacionsancebrian.com\/portal\/wp-json\/wp\/v2\/posts\/6371\/revisions\/6481"}],"wp:featuredmedia":[{"embeddable":true,"href":"https:\/\/www.fundacionsancebrian.com\/portal\/wp-json\/wp\/v2\/media\/6479"}],"wp:attachment":[{"href":"https:\/\/www.fundacionsancebrian.com\/portal\/wp-json\/wp\/v2\/media?parent=6371"}],"wp:term":[{"taxonomy":"category","embeddable":true,"href":"https:\/\/www.fundacionsancebrian.com\/portal\/wp-json\/wp\/v2\/categories?post=6371"},{"taxonomy":"post_tag","embeddable":true,"href":"https:\/\/www.fundacionsancebrian.com\/portal\/wp-json\/wp\/v2\/tags?post=6371"}],"curies":[{"name":"wp","href":"https:\/\/api.w.org\/{rel}","templated":true}]}}