{"id":6378,"date":"2020-03-31T12:00:11","date_gmt":"2020-03-31T11:00:11","guid":{"rendered":"http:\/\/www.fundacionsancebrian.com\/portal\/?p=6378"},"modified":"2020-04-07T12:41:18","modified_gmt":"2020-04-07T10:41:18","slug":"la-anecdota-del-dia-2","status":"publish","type":"post","link":"https:\/\/www.fundacionsancebrian.com\/portal\/la-anecdota-del-dia-2\/","title":{"rendered":"La an\u00e9cdota del d\u00eda"},"content":{"rendered":"<div id=\"pl-6378\"  class=\"panel-layout\" ><div id=\"pg-6378-0\"  class=\"panel-grid panel-no-style\" ><div id=\"pgc-6378-0-0\"  class=\"panel-grid-cell\" ><div id=\"panel-6378-0-0-0\" class=\"so-panel widget widget_sow-editor panel-first-child panel-last-child\" data-index=\"0\" ><div\n\t\t\t\n\t\t\tclass=\"so-widget-sow-editor so-widget-sow-editor-base\"\n\t\t\t\n\t\t>\n<div class=\"siteorigin-widget-tinymce textwidget\">\n\t<p>Un d\u00eda m\u00e1s, Fidel Ramos nos recuerda c\u00f3mo se pasaba el tiempo hace a\u00f1os en San Cebri\u00e1n.<\/p>\n<p>Todo ha cambiado. Antes los domingos por la tarde todos los usuarios se juntaba para ver una pel\u00edcula.<\/p>\n<\/div>\n<\/div><\/div><\/div><div id=\"pgc-6378-0-1\"  class=\"panel-grid-cell\" ><div id=\"panel-6378-0-1-0\" class=\"so-panel widget widget_sow-editor panel-first-child panel-last-child\" data-index=\"1\" ><div\n\t\t\t\n\t\t\tclass=\"so-widget-sow-editor so-widget-sow-editor-base\"\n\t\t\t\n\t\t>\n<div class=\"siteorigin-widget-tinymce textwidget\">\n\t<div style=\"width: 640px;\" class=\"wp-video\"><video class=\"wp-video-shortcode\" id=\"video-6378-1\" width=\"640\" height=\"352\" preload=\"metadata\" controls=\"controls\"><source type=\"video\/mp4\" src=\"http:\/\/www.fundacionsancebrian.com\/portal\/wp-content\/uploads\/2020\/03\/VID-20200326-WA0004.mp4?_=1\" \/><a href=\"http:\/\/www.fundacionsancebrian.com\/portal\/wp-content\/uploads\/2020\/03\/VID-20200326-WA0004.mp4\">http:\/\/www.fundacionsancebrian.com\/portal\/wp-content\/uploads\/2020\/03\/VID-20200326-WA0004.mp4<\/a><\/video><\/div>\n<\/div>\n<\/div><\/div><\/div><\/div><\/div>","protected":false},"excerpt":{"rendered":"<p>Un d\u00eda m\u00e1s, Fidel Ramos nos recuerda c\u00f3mo se pasaba el tiempo hace a\u00f1os en San Cebri\u00e1n.Todo ha cambiado. Antes los domingos por la tarde todos los usuarios se juntaba para ver una pel\u00edcula.<\/p>\n","protected":false},"author":2,"featured_media":6465,"comment_status":"open","ping_status":"open","sticky":false,"template":"","format":"standard","meta":{"_seopress_robots_primary_cat":"","_seopress_titles_title":"","_seopress_titles_desc":"","_seopress_robots_index":"","_eb_attr":"","footnotes":""},"categories":[67],"tags":[],"class_list":["post-6378","post","type-post","status-publish","format-standard","has-post-thumbnail","hentry","category-blog","post-with-thumbnail","post-with-thumbnail-icon"],"_links":{"self":[{"href":"https:\/\/www.fundacionsancebrian.com\/portal\/wp-json\/wp\/v2\/posts\/6378","targetHints":{"allow":["GET"]}}],"collection":[{"href":"https:\/\/www.fundacionsancebrian.com\/portal\/wp-json\/wp\/v2\/posts"}],"about":[{"href":"https:\/\/www.fundacionsancebrian.com\/portal\/wp-json\/wp\/v2\/types\/post"}],"author":[{"embeddable":true,"href":"https:\/\/www.fundacionsancebrian.com\/portal\/wp-json\/wp\/v2\/users\/2"}],"replies":[{"embeddable":true,"href":"https:\/\/www.fundacionsancebrian.com\/portal\/wp-json\/wp\/v2\/comments?post=6378"}],"version-history":[{"count":2,"href":"https:\/\/www.fundacionsancebrian.com\/portal\/wp-json\/wp\/v2\/posts\/6378\/revisions"}],"predecessor-version":[{"id":6380,"href":"https:\/\/www.fundacionsancebrian.com\/portal\/wp-json\/wp\/v2\/posts\/6378\/revisions\/6380"}],"wp:featuredmedia":[{"embeddable":true,"href":"https:\/\/www.fundacionsancebrian.com\/portal\/wp-json\/wp\/v2\/media\/6465"}],"wp:attachment":[{"href":"https:\/\/www.fundacionsancebrian.com\/portal\/wp-json\/wp\/v2\/media?parent=6378"}],"wp:term":[{"taxonomy":"category","embeddable":true,"href":"https:\/\/www.fundacionsancebrian.com\/portal\/wp-json\/wp\/v2\/categories?post=6378"},{"taxonomy":"post_tag","embeddable":true,"href":"https:\/\/www.fundacionsancebrian.com\/portal\/wp-json\/wp\/v2\/tags?post=6378"}],"curies":[{"name":"wp","href":"https:\/\/api.w.org\/{rel}","templated":true}]}}