{"id":7187,"date":"2019-12-01T13:23:29","date_gmt":"2019-12-01T12:23:29","guid":{"rendered":"http:\/\/www.fundacionsancebrian.com\/portal\/?p=7187"},"modified":"2020-11-16T14:21:07","modified_gmt":"2020-11-16T13:21:07","slug":"implementacion-de-un-sistema-tecnologico-en-residencia-y-hogares-de-mayores","status":"publish","type":"post","link":"https:\/\/www.fundacionsancebrian.com\/portal\/implementacion-de-un-sistema-tecnologico-en-residencia-y-hogares-de-mayores\/","title":{"rendered":"Implementaci\u00f3n de un sistema tecnologico en residencia y hogares de mayores"},"content":{"rendered":"<div id=\"pl-7187\"  class=\"panel-layout\" ><div id=\"pg-7187-0\"  class=\"panel-grid panel-no-style\" ><div id=\"pgc-7187-0-0\"  class=\"panel-grid-cell\" ><div id=\"panel-7187-0-0-0\" class=\"so-panel widget widget_sow-editor panel-first-child panel-last-child\" data-index=\"0\" ><div\n\t\t\t\n\t\t\tclass=\"so-widget-sow-editor so-widget-sow-editor-base\"\n\t\t\t\n\t\t>\n<div class=\"siteorigin-widget-tinymce textwidget\">\n\t<p><a href=\"http:\/\/www.fundacionsancebrian.com\/portal\/wp-content\/uploads\/2020\/11\/photo-1549109926-58f039549485.jpg\"><img fetchpriority=\"high\" fetchpriority=\"high\" decoding=\"async\" class=\"alignright wp-image-7188\" src=\"http:\/\/www.fundacionsancebrian.com\/portal\/wp-content\/uploads\/2020\/11\/photo-1549109926-58f039549485.jpg\" alt=\"\" width=\"550\" height=\"367\" srcset=\"https:\/\/www.fundacionsancebrian.com\/portal\/wp-content\/uploads\/2020\/11\/photo-1549109926-58f039549485.jpg 1350w, https:\/\/www.fundacionsancebrian.com\/portal\/wp-content\/uploads\/2020\/11\/photo-1549109926-58f039549485-300x200.jpg 300w, https:\/\/www.fundacionsancebrian.com\/portal\/wp-content\/uploads\/2020\/11\/photo-1549109926-58f039549485-1024x683.jpg 1024w, https:\/\/www.fundacionsancebrian.com\/portal\/wp-content\/uploads\/2020\/11\/photo-1549109926-58f039549485-768x512.jpg 768w, https:\/\/www.fundacionsancebrian.com\/portal\/wp-content\/uploads\/2020\/11\/photo-1549109926-58f039549485-600x400.jpg 600w, https:\/\/www.fundacionsancebrian.com\/portal\/wp-content\/uploads\/2020\/11\/photo-1549109926-58f039549485-272x182.jpg 272w\" sizes=\"(max-width: 550px) 100vw, 550px\" \/><\/a>Implementaci\u00f3n de un sistema tecnologico en residencia y hogares de mayores de Fundaci\u00f3n San Cebrian en San cebrian de Campos, con el objeto de proporcionar seguridad y protecci\u00f3n a las personas que conviven en dichos servicios.<\/p>\n<p>El proyecto ha sido financiado con la participaci\u00f3n de Fundaci\u00f3n ONCE .<\/p>\n<p>Son personas que van envejeciendo y necesitan cada vez m\u00e1s de una supervicsi\u00f3n . La acci\u00f3n consiste en la instalaci\u00f3n de camaras, detectores, sistemas de recogida de imagenes y datos en dichas instalaciones que nos permitan preveer necesidades, y llegar antes a las personas.<\/p>\n<p><a href=\"http:\/\/www.fundacionsancebrian.com\/portal\/wp-content\/uploads\/2020\/11\/82b4e06eeb1257ca1505cd212e65d75c-750x375-1.jpg\"><img decoding=\"async\" class=\" wp-image-7189 alignleft\" src=\"http:\/\/www.fundacionsancebrian.com\/portal\/wp-content\/uploads\/2020\/11\/82b4e06eeb1257ca1505cd212e65d75c-750x375-1.jpg\" alt=\"\" width=\"292\" height=\"146\" srcset=\"https:\/\/www.fundacionsancebrian.com\/portal\/wp-content\/uploads\/2020\/11\/82b4e06eeb1257ca1505cd212e65d75c-750x375-1.jpg 750w, https:\/\/www.fundacionsancebrian.com\/portal\/wp-content\/uploads\/2020\/11\/82b4e06eeb1257ca1505cd212e65d75c-750x375-1-300x150.jpg 300w, https:\/\/www.fundacionsancebrian.com\/portal\/wp-content\/uploads\/2020\/11\/82b4e06eeb1257ca1505cd212e65d75c-750x375-1-600x300.jpg 600w\" sizes=\"(max-width: 292px) 100vw, 292px\" \/><\/a><\/p>\n<\/div>\n<\/div><\/div><\/div><\/div><\/div>","protected":false},"excerpt":{"rendered":"<p>Implementaci\u00f3n de un sistema tecnologico en residencia y hogares de mayores de Fundaci\u00f3n San Cebrian en San cebrian de Campos, con el objeto de proporcionar seguridad y protecci\u00f3n a las personas que conviven en dichos servicios. El proyecto ha sido financiado con la participaci\u00f3n de Fundaci\u00f3n ONCE . Son personas que van envejeciendo y necesitan [&hellip;]<\/p>\n","protected":false},"author":2,"featured_media":7188,"comment_status":"open","ping_status":"open","sticky":false,"template":"","format":"standard","meta":{"_seopress_robots_primary_cat":"","_seopress_titles_title":"","_seopress_titles_desc":"","_seopress_robots_index":"","_eb_attr":"","footnotes":""},"categories":[8],"tags":[],"class_list":["post-7187","post","type-post","status-publish","format-standard","has-post-thumbnail","hentry","category-noticias","post-with-thumbnail","post-with-thumbnail-icon"],"_links":{"self":[{"href":"https:\/\/www.fundacionsancebrian.com\/portal\/wp-json\/wp\/v2\/posts\/7187","targetHints":{"allow":["GET"]}}],"collection":[{"href":"https:\/\/www.fundacionsancebrian.com\/portal\/wp-json\/wp\/v2\/posts"}],"about":[{"href":"https:\/\/www.fundacionsancebrian.com\/portal\/wp-json\/wp\/v2\/types\/post"}],"author":[{"embeddable":true,"href":"https:\/\/www.fundacionsancebrian.com\/portal\/wp-json\/wp\/v2\/users\/2"}],"replies":[{"embeddable":true,"href":"https:\/\/www.fundacionsancebrian.com\/portal\/wp-json\/wp\/v2\/comments?post=7187"}],"version-history":[{"count":3,"href":"https:\/\/www.fundacionsancebrian.com\/portal\/wp-json\/wp\/v2\/posts\/7187\/revisions"}],"predecessor-version":[{"id":7192,"href":"https:\/\/www.fundacionsancebrian.com\/portal\/wp-json\/wp\/v2\/posts\/7187\/revisions\/7192"}],"wp:featuredmedia":[{"embeddable":true,"href":"https:\/\/www.fundacionsancebrian.com\/portal\/wp-json\/wp\/v2\/media\/7188"}],"wp:attachment":[{"href":"https:\/\/www.fundacionsancebrian.com\/portal\/wp-json\/wp\/v2\/media?parent=7187"}],"wp:term":[{"taxonomy":"category","embeddable":true,"href":"https:\/\/www.fundacionsancebrian.com\/portal\/wp-json\/wp\/v2\/categories?post=7187"},{"taxonomy":"post_tag","embeddable":true,"href":"https:\/\/www.fundacionsancebrian.com\/portal\/wp-json\/wp\/v2\/tags?post=7187"}],"curies":[{"name":"wp","href":"https:\/\/api.w.org\/{rel}","templated":true}]}}