{"id":7198,"date":"2020-11-18T10:52:20","date_gmt":"2020-11-18T09:52:20","guid":{"rendered":"http:\/\/www.fundacionsancebrian.com\/portal\/?p=7198"},"modified":"2020-11-18T10:52:20","modified_gmt":"2020-11-18T09:52:20","slug":"mas-de-850-personas-siguieron-de-forma-virtual-la-gala-40-aniversario-del-grupo-fundacion-san-cebrian-emitido-en-su-canal-de-youtube","status":"publish","type":"post","link":"https:\/\/www.fundacionsancebrian.com\/portal\/mas-de-850-personas-siguieron-de-forma-virtual-la-gala-40-aniversario-del-grupo-fundacion-san-cebrian-emitido-en-su-canal-de-youtube\/","title":{"rendered":"M\u00e1s de 850 personas siguieron de forma virtual la Gala 40 aniversario del Grupo Fundaci\u00f3n San Cebri\u00e1n, emitido en su canal de Youtube"},"content":{"rendered":"<div id=\"pl-7198\"  class=\"panel-layout\" ><div id=\"pg-7198-0\"  class=\"panel-grid panel-no-style\" ><div id=\"pgc-7198-0-0\"  class=\"panel-grid-cell\" ><div id=\"panel-7198-0-0-0\" class=\"so-panel widget widget_sow-editor panel-first-child panel-last-child\" data-index=\"0\" ><div\n\t\t\t\n\t\t\tclass=\"so-widget-sow-editor so-widget-sow-editor-base\"\n\t\t\t\n\t\t>\n<div class=\"siteorigin-widget-tinymce textwidget\">\n\t<ul>\n<li><strong><em>La entidad social emiti\u00f3 ayer \u2013 17 noviembre, d\u00eda del aniversario- de forma virtual en su Canal de Youtube los 40 a\u00f1os de historia, con un formato\u00a0 <img fetchpriority=\"high\" fetchpriority=\"high\" decoding=\"async\" class=\"size-medium wp-image-7200 alignright\" src=\"http:\/\/www.fundacionsancebrian.com\/portal\/wp-content\/uploads\/2020\/11\/Imagen-antes-y-ahora.-Clemente-Munoz-300x169.png\" alt=\"\" width=\"300\" height=\"169\" srcset=\"https:\/\/www.fundacionsancebrian.com\/portal\/wp-content\/uploads\/2020\/11\/Imagen-antes-y-ahora.-Clemente-Munoz-300x169.png 300w, https:\/\/www.fundacionsancebrian.com\/portal\/wp-content\/uploads\/2020\/11\/Imagen-antes-y-ahora.-Clemente-Munoz-1024x576.png 1024w, https:\/\/www.fundacionsancebrian.com\/portal\/wp-content\/uploads\/2020\/11\/Imagen-antes-y-ahora.-Clemente-Munoz-768x432.png 768w, https:\/\/www.fundacionsancebrian.com\/portal\/wp-content\/uploads\/2020\/11\/Imagen-antes-y-ahora.-Clemente-Munoz-1536x864.png 1536w, https:\/\/www.fundacionsancebrian.com\/portal\/wp-content\/uploads\/2020\/11\/Imagen-antes-y-ahora.-Clemente-Munoz-600x338.png 600w, https:\/\/www.fundacionsancebrian.com\/portal\/wp-content\/uploads\/2020\/11\/Imagen-antes-y-ahora.-Clemente-Munoz.png 1920w\" sizes=\"(max-width: 300px) 100vw, 300px\" \/>\u00a0novedoso. <\/em><\/strong><\/li>\n<li><strong><em>La Gala virtual incluy\u00f3 un Concurso \u2018Pasapalabra\u2019, el programa \u2018Me acerco al pueblo\u2019, un telediario que recorri\u00f3 los 40 a\u00f1os de historia y la serie \u2018Aquellos maravillosos a\u00f1os\u2019.<\/em><\/strong><\/li>\n<li><strong><em>Se emiti\u00f3 adem\u00e1s, una partida de cartas \u2018Un mus de an\u00e9cdotas\u2019 donde 4 profesionales jugaron a las cartas mientras contaron an\u00e9cdotas de los 40 a\u00f1os<\/em><\/strong><\/li>\n<li><strong><em>Las emisiones alcanzaron m\u00e1s de 850 visualizaciones en el Canal de Youtube de la Fundaci\u00f3n San Cebri\u00e1n en la jornada de ayer.<\/em><\/strong><\/li>\n<li><strong><em>Los v\u00eddeos son p\u00fablicos y est\u00e1n subidos al Canal.<\/em><\/strong><\/li>\n<\/ul>\n<p><strong>\u00a0<\/strong><\/p>\n<p>Esta pandemia est\u00e1 obligando a cambiar los planes y a adaptar los actos y eventos a una nueva realidad donde la tecnolog\u00eda es la base. El Grupo Fundaci\u00f3n San Cebri\u00e1n cumple en este 2020, 40 a\u00f1os de historia, y lo celebr\u00f3 en la jornada de ayer, d\u00eda de su aniversario, con la emisi\u00f3n de una gran Gala Virtual con la que se quiso rendir homenaje a las personas con discapacidad, a los profesionales, a las familias y a todas las personas que durante estos 40 a\u00f1os han estado a su lado.<\/p>\n<p>La Gala Virtual incluy\u00f3 un Telediario que repas\u00f3 desde 1980 aquellos hitos destacados en la organizaci\u00f3n; el concurso \u2018<em>Pasapalabra\u2019<\/em> donde profesionales de la entidad respondieron a preguntas relacionadas con el Grupo; la serie \u2018<em>Aquellos Maravillosos a\u00f1os\u2019<\/em> como homenaje a los primeros usuarios y el programa \u2018<em>Me acerco al pueblo\u2019<\/em> en el que se<\/p>\n<p>recorrieron las 6 localidades en las que el Grupo est\u00e1 presente: Carri\u00f3n de los Condes, Fr\u00f3mista, San Cebri\u00e1n de Campos, Villarramiel, Villamuriel y Bahillo.<\/p>\n<p>La emisi\u00f3n finaliz\u00f3 con un mensaje de la Consejera de Familia, M\u00aa Isabel Blanco quien destac\u00f3 \u201c<em>el inmenso trabajo que realizan con las personas con discapacidad; han sido meses duros y dif\u00edciles y siguen siendo situaciones complicadas y sabemos que ellos est\u00e1n all\u00ed apoyando a las personas m\u00e1s vulnerables\u201d.<\/em><\/p>\n<p>Adem\u00e1s y tambi\u00e9n dentro los actos del 40 aniversario se emiti\u00f3, en el canal de Youtube de la Fundaci\u00f3n San Cebri\u00e1n- una partida de cartas <em>\u2018Un mus de an\u00e9cdotas\u2019<\/em> donde trabajadores y ex directivos de la entidad, Jos\u00e9 Luis Quirce, Raquel Losada, Fidel Ramos y Carmen Espina contaron algunas de las an\u00e9cdotas de los 40 a\u00f1os de historia.<\/p>\n<p><strong>Aniversario 12 a\u00f1os<\/strong>. Como cada 17 de noviembre, el grupo Fundaci\u00f3n San Cebri\u00e1n homenaje a aquellos profesiones y personas con discapacidad que llevan en la entidad 12 a\u00f1os. En la jornada de ayer, se homenaje\u00f3 de forma virtual a 21 personas.<\/p>\n<p>ENLACES A LOS V\u00cdDEOS<\/p>\n<p><a href=\"https:\/\/youtu.be\/ioCUIH3u3PY\">Gala 40 Aniversario <div class=\"su-youtube su-u-responsive-media-yes\"><iframe width=\"500\" height=\"340\" src=\"https:\/\/www.youtube.com\/embed\/ioCUIH3u3PY?\" frameborder=\"0\" allowfullscreen allow=\"autoplay; encrypted-media; picture-in-picture\" title=\"\"><\/iframe><\/div><\/a><\/p>\n<p>Partida 'Un mus de an\u00e9cdotas' <div class=\"su-youtube su-u-responsive-media-yes\"><iframe width=\"500\" height=\"340\" src=\"https:\/\/www.youtube.com\/embed\/GlH_1UDeTC4?\" frameborder=\"0\" allowfullscreen allow=\"autoplay; encrypted-media; picture-in-picture\" title=\"\"><\/iframe><\/div><\/p>\n<p>Homenaje 12 a\u00f1os <div class=\"su-youtube su-u-responsive-media-yes\"><iframe width=\"500\" height=\"340\" src=\"https:\/\/www.youtube.com\/embed\/Tg07j8UjuQ8?\" frameborder=\"0\" allowfullscreen allow=\"autoplay; encrypted-media; picture-in-picture\" title=\"\"><\/iframe><\/div><\/p>\n<p>&nbsp;<\/p>\n<p>&nbsp;<\/p>\n<\/div>\n<\/div><\/div><\/div><\/div><\/div>","protected":false},"excerpt":{"rendered":"<p>La entidad social emiti\u00f3 ayer \u2013 17 noviembre, d\u00eda del aniversario- de forma virtual en su Canal de Youtube los 40 a\u00f1os de historia, con un formato\u00a0 \u00a0novedoso. La Gala virtual incluy\u00f3 un Concurso \u2018Pasapalabra\u2019, el programa \u2018Me acerco al pueblo\u2019, un telediario que recorri\u00f3 los 40 a\u00f1os de historia y la serie \u2018Aquellos maravillosos [&hellip;]<\/p>\n","protected":false},"author":1,"featured_media":7200,"comment_status":"open","ping_status":"open","sticky":false,"template":"","format":"standard","meta":{"_seopress_robots_primary_cat":"","_seopress_titles_title":"","_seopress_titles_desc":"","_seopress_robots_index":"","_eb_attr":"","footnotes":""},"categories":[8],"tags":[],"class_list":["post-7198","post","type-post","status-publish","format-standard","has-post-thumbnail","hentry","category-noticias","post-with-thumbnail","post-with-thumbnail-icon"],"_links":{"self":[{"href":"https:\/\/www.fundacionsancebrian.com\/portal\/wp-json\/wp\/v2\/posts\/7198","targetHints":{"allow":["GET"]}}],"collection":[{"href":"https:\/\/www.fundacionsancebrian.com\/portal\/wp-json\/wp\/v2\/posts"}],"about":[{"href":"https:\/\/www.fundacionsancebrian.com\/portal\/wp-json\/wp\/v2\/types\/post"}],"author":[{"embeddable":true,"href":"https:\/\/www.fundacionsancebrian.com\/portal\/wp-json\/wp\/v2\/users\/1"}],"replies":[{"embeddable":true,"href":"https:\/\/www.fundacionsancebrian.com\/portal\/wp-json\/wp\/v2\/comments?post=7198"}],"version-history":[{"count":3,"href":"https:\/\/www.fundacionsancebrian.com\/portal\/wp-json\/wp\/v2\/posts\/7198\/revisions"}],"predecessor-version":[{"id":7203,"href":"https:\/\/www.fundacionsancebrian.com\/portal\/wp-json\/wp\/v2\/posts\/7198\/revisions\/7203"}],"wp:featuredmedia":[{"embeddable":true,"href":"https:\/\/www.fundacionsancebrian.com\/portal\/wp-json\/wp\/v2\/media\/7200"}],"wp:attachment":[{"href":"https:\/\/www.fundacionsancebrian.com\/portal\/wp-json\/wp\/v2\/media?parent=7198"}],"wp:term":[{"taxonomy":"category","embeddable":true,"href":"https:\/\/www.fundacionsancebrian.com\/portal\/wp-json\/wp\/v2\/categories?post=7198"},{"taxonomy":"post_tag","embeddable":true,"href":"https:\/\/www.fundacionsancebrian.com\/portal\/wp-json\/wp\/v2\/tags?post=7198"}],"curies":[{"name":"wp","href":"https:\/\/api.w.org\/{rel}","templated":true}]}}