{"id":7217,"date":"2020-11-25T14:34:16","date_gmt":"2020-11-25T13:34:16","guid":{"rendered":"http:\/\/www.fundacionsancebrian.com\/portal\/?p=7217"},"modified":"2020-12-01T15:44:39","modified_gmt":"2020-12-01T14:44:39","slug":"el-grupo-fundacion-san-cebrian-se-suma-a-los-actos-del-dia-contra-la-violencia-machista","status":"publish","type":"post","link":"https:\/\/www.fundacionsancebrian.com\/portal\/el-grupo-fundacion-san-cebrian-se-suma-a-los-actos-del-dia-contra-la-violencia-machista\/","title":{"rendered":"El Grupo Fundaci\u00f3n San Cebri\u00e1n se suma a los actos del D\u00eda contra la Violencia machista"},"content":{"rendered":"<div id=\"pl-7217\"  class=\"panel-layout\" ><div id=\"pg-7217-0\"  class=\"panel-grid panel-no-style\" ><div id=\"pgc-7217-0-0\"  class=\"panel-grid-cell\" ><div id=\"panel-7217-0-0-0\" class=\"so-panel widget widget_sow-editor panel-first-child panel-last-child\" data-index=\"0\" ><div\n\t\t\t\n\t\t\tclass=\"so-widget-sow-editor so-widget-sow-editor-base\"\n\t\t\t\n\t\t>\n<div class=\"siteorigin-widget-tinymce textwidget\">\n\t<p><a href=\"http:\/\/www.fundacionsancebrian.com\/portal\/wp-content\/uploads\/2020\/11\/Voy-tapada-no-callada-1.jpg\"><img fetchpriority=\"high\" fetchpriority=\"high\" decoding=\"async\" class=\"alignright wp-image-7218\" src=\"http:\/\/www.fundacionsancebrian.com\/portal\/wp-content\/uploads\/2020\/11\/Voy-tapada-no-callada-1-212x300.jpg\" alt=\"\" width=\"350\" height=\"495\" srcset=\"https:\/\/www.fundacionsancebrian.com\/portal\/wp-content\/uploads\/2020\/11\/Voy-tapada-no-callada-1-212x300.jpg 212w, https:\/\/www.fundacionsancebrian.com\/portal\/wp-content\/uploads\/2020\/11\/Voy-tapada-no-callada-1-724x1024.jpg 724w, https:\/\/www.fundacionsancebrian.com\/portal\/wp-content\/uploads\/2020\/11\/Voy-tapada-no-callada-1-768x1086.jpg 768w, https:\/\/www.fundacionsancebrian.com\/portal\/wp-content\/uploads\/2020\/11\/Voy-tapada-no-callada-1-1086x1536.jpg 1086w, https:\/\/www.fundacionsancebrian.com\/portal\/wp-content\/uploads\/2020\/11\/Voy-tapada-no-callada-1-600x849.jpg 600w, https:\/\/www.fundacionsancebrian.com\/portal\/wp-content\/uploads\/2020\/11\/Voy-tapada-no-callada-1.jpg 1240w\" sizes=\"(max-width: 350px) 100vw, 350px\" \/><\/a><\/p>\n<p>El Grupo Fundaci\u00f3n San Cebri\u00e1n se ha sumado a los actos del D\u00eda Internacional de eliminaci\u00f3n de la violencia machista. Hoy 25 de noviembre se conmemora este d\u00eda y desde la entidad social muchos profesionales y personas con discapacidad intelectual se han sumado a la campa\u00f1a #Voytapadanocallada, puesta en marcha por Plena Inclusi\u00f3n.<\/p>\n<p>Las mujeres con discapacidad sufren violencia psicol\u00f3gica de control por parte de sus parejas de manera reiterada, en un porcentaje que duplica el del resto de mujeres (44,2% frente al 20,4%), y en el caso de la violencia f\u00edsica o sexual, el porcentaje supera los 7 puntos (un 20,7% de mujeres con discapacidad, frente a un 13,8% del resto). Estos datos \u2013descritos en la \"Macroencuesta de Violencia contra la Mujer\" realizada por la Subdirecci\u00f3n General de Sensibilizaci\u00f3n, Prevenci\u00f3n y Estudios de la Violencia de G\u00e9nero (Delegaci\u00f3n del Gobierno contra la Violencia de G\u00e9nero)\u2013, revelan una grave situaci\u00f3n de vulneraci\u00f3n de derechos de las mujeres con discapacidad. En el caso de aquellas mujeres con discapacidad intelectual o del desarrollo, esta situaci\u00f3n se agrava por su dificultades de comprensi\u00f3n y de comunicaci\u00f3n, sus dificultades a la hora de denunciar este tipo de hechos, etc.<\/p>\n<p>&nbsp;<\/p>\n<p><a href=\"http:\/\/www.fundacionsancebrian.com\/portal\/wp-content\/uploads\/2020\/11\/Voy-tapada-no-callada.jpg\"><img decoding=\"async\" class=\"alignnone wp-image-7222 size-medium\" src=\"http:\/\/www.fundacionsancebrian.com\/portal\/wp-content\/uploads\/2020\/11\/Voy-tapada-no-callada-212x300.jpg\" alt=\"\" width=\"212\" height=\"300\" srcset=\"https:\/\/www.fundacionsancebrian.com\/portal\/wp-content\/uploads\/2020\/11\/Voy-tapada-no-callada-212x300.jpg 212w, https:\/\/www.fundacionsancebrian.com\/portal\/wp-content\/uploads\/2020\/11\/Voy-tapada-no-callada-724x1024.jpg 724w, https:\/\/www.fundacionsancebrian.com\/portal\/wp-content\/uploads\/2020\/11\/Voy-tapada-no-callada-768x1086.jpg 768w, https:\/\/www.fundacionsancebrian.com\/portal\/wp-content\/uploads\/2020\/11\/Voy-tapada-no-callada-1086x1536.jpg 1086w, https:\/\/www.fundacionsancebrian.com\/portal\/wp-content\/uploads\/2020\/11\/Voy-tapada-no-callada-600x849.jpg 600w, https:\/\/www.fundacionsancebrian.com\/portal\/wp-content\/uploads\/2020\/11\/Voy-tapada-no-callada.jpg 1240w\" sizes=\"(max-width: 212px) 100vw, 212px\" \/><\/a>\u00a0 \u00a0 \u00a0 \u00a0 <a href=\"http:\/\/www.fundacionsancebrian.com\/portal\/wp-content\/uploads\/2020\/11\/Voy-tapada-no-callada-3.jpg\"><img decoding=\"async\" class=\"alignnone wp-image-7221 size-medium\" src=\"http:\/\/www.fundacionsancebrian.com\/portal\/wp-content\/uploads\/2020\/11\/Voy-tapada-no-callada-3-212x300.jpg\" alt=\"\" width=\"212\" height=\"300\" srcset=\"https:\/\/www.fundacionsancebrian.com\/portal\/wp-content\/uploads\/2020\/11\/Voy-tapada-no-callada-3-212x300.jpg 212w, https:\/\/www.fundacionsancebrian.com\/portal\/wp-content\/uploads\/2020\/11\/Voy-tapada-no-callada-3-724x1024.jpg 724w, https:\/\/www.fundacionsancebrian.com\/portal\/wp-content\/uploads\/2020\/11\/Voy-tapada-no-callada-3-768x1086.jpg 768w, https:\/\/www.fundacionsancebrian.com\/portal\/wp-content\/uploads\/2020\/11\/Voy-tapada-no-callada-3-1086x1536.jpg 1086w, https:\/\/www.fundacionsancebrian.com\/portal\/wp-content\/uploads\/2020\/11\/Voy-tapada-no-callada-3-600x849.jpg 600w, https:\/\/www.fundacionsancebrian.com\/portal\/wp-content\/uploads\/2020\/11\/Voy-tapada-no-callada-3.jpg 1240w\" sizes=\"(max-width: 212px) 100vw, 212px\" \/><\/a><\/p>\n<p>&nbsp;<\/p>\n<p>Esta noticia est\u00e1 relacionada con los siguientes ODS:<\/p>\n<p>&nbsp;<\/p>\n<p><img loading=\"lazy\" loading=\"lazy\" decoding=\"async\" class=\"alignnone size-full wp-image-4592\" src=\"http:\/\/www.fundacionsancebrian.com\/portal\/wp-content\/uploads\/2018\/11\/sdg-es-05.png\" alt=\"\" width=\"150\" height=\"150\" srcset=\"https:\/\/www.fundacionsancebrian.com\/portal\/wp-content\/uploads\/2018\/11\/sdg-es-05.png 150w, https:\/\/www.fundacionsancebrian.com\/portal\/wp-content\/uploads\/2018\/11\/sdg-es-05-100x100.png 100w, https:\/\/www.fundacionsancebrian.com\/portal\/wp-content\/uploads\/2018\/11\/sdg-es-05-75x75.png 75w\" sizes=\"auto, (max-width: 150px) 100vw, 150px\" \/> <img loading=\"lazy\" loading=\"lazy\" decoding=\"async\" class=\"alignnone size-full wp-image-4597\" src=\"http:\/\/www.fundacionsancebrian.com\/portal\/wp-content\/uploads\/2018\/11\/sdg-es-10.png\" alt=\"Objetivo 10: reducir la desigualdad entre pa\u00edses.\" width=\"150\" height=\"150\" srcset=\"https:\/\/www.fundacionsancebrian.com\/portal\/wp-content\/uploads\/2018\/11\/sdg-es-10.png 150w, https:\/\/www.fundacionsancebrian.com\/portal\/wp-content\/uploads\/2018\/11\/sdg-es-10-100x100.png 100w, https:\/\/www.fundacionsancebrian.com\/portal\/wp-content\/uploads\/2018\/11\/sdg-es-10-75x75.png 75w\" sizes=\"auto, (max-width: 150px) 100vw, 150px\" \/> <img loading=\"lazy\" loading=\"lazy\" decoding=\"async\" class=\"alignnone size-full wp-image-4603\" src=\"http:\/\/www.fundacionsancebrian.com\/portal\/wp-content\/uploads\/2018\/11\/sdg-es-16.png\" alt=\"\" width=\"150\" height=\"150\" srcset=\"https:\/\/www.fundacionsancebrian.com\/portal\/wp-content\/uploads\/2018\/11\/sdg-es-16.png 150w, https:\/\/www.fundacionsancebrian.com\/portal\/wp-content\/uploads\/2018\/11\/sdg-es-16-100x100.png 100w, https:\/\/www.fundacionsancebrian.com\/portal\/wp-content\/uploads\/2018\/11\/sdg-es-16-75x75.png 75w\" sizes=\"auto, (max-width: 150px) 100vw, 150px\" \/><\/p>\n<\/div>\n<\/div><\/div><\/div><\/div><\/div>","protected":false},"excerpt":{"rendered":"<p>El Grupo Fundaci\u00f3n San Cebri\u00e1n se ha sumado a los actos del D\u00eda Internacional de eliminaci\u00f3n de la violencia machista. Hoy 25 de noviembre se conmemora este d\u00eda y desde la entidad social muchos profesionales y personas con discapacidad intelectual se han sumado a la campa\u00f1a #Voytapadanocallada, puesta en marcha por Plena Inclusi\u00f3n. Las mujeres [&hellip;]<\/p>\n","protected":false},"author":1,"featured_media":7218,"comment_status":"open","ping_status":"open","sticky":false,"template":"","format":"standard","meta":{"_seopress_robots_primary_cat":"","_seopress_titles_title":"","_seopress_titles_desc":"","_seopress_robots_index":"","_eb_attr":"","footnotes":""},"categories":[8],"tags":[],"class_list":["post-7217","post","type-post","status-publish","format-standard","has-post-thumbnail","hentry","category-noticias","post-with-thumbnail","post-with-thumbnail-icon"],"_links":{"self":[{"href":"https:\/\/www.fundacionsancebrian.com\/portal\/wp-json\/wp\/v2\/posts\/7217","targetHints":{"allow":["GET"]}}],"collection":[{"href":"https:\/\/www.fundacionsancebrian.com\/portal\/wp-json\/wp\/v2\/posts"}],"about":[{"href":"https:\/\/www.fundacionsancebrian.com\/portal\/wp-json\/wp\/v2\/types\/post"}],"author":[{"embeddable":true,"href":"https:\/\/www.fundacionsancebrian.com\/portal\/wp-json\/wp\/v2\/users\/1"}],"replies":[{"embeddable":true,"href":"https:\/\/www.fundacionsancebrian.com\/portal\/wp-json\/wp\/v2\/comments?post=7217"}],"version-history":[{"count":6,"href":"https:\/\/www.fundacionsancebrian.com\/portal\/wp-json\/wp\/v2\/posts\/7217\/revisions"}],"predecessor-version":[{"id":7262,"href":"https:\/\/www.fundacionsancebrian.com\/portal\/wp-json\/wp\/v2\/posts\/7217\/revisions\/7262"}],"wp:featuredmedia":[{"embeddable":true,"href":"https:\/\/www.fundacionsancebrian.com\/portal\/wp-json\/wp\/v2\/media\/7218"}],"wp:attachment":[{"href":"https:\/\/www.fundacionsancebrian.com\/portal\/wp-json\/wp\/v2\/media?parent=7217"}],"wp:term":[{"taxonomy":"category","embeddable":true,"href":"https:\/\/www.fundacionsancebrian.com\/portal\/wp-json\/wp\/v2\/categories?post=7217"},{"taxonomy":"post_tag","embeddable":true,"href":"https:\/\/www.fundacionsancebrian.com\/portal\/wp-json\/wp\/v2\/tags?post=7217"}],"curies":[{"name":"wp","href":"https:\/\/api.w.org\/{rel}","templated":true}]}}