{"id":7241,"date":"2020-11-27T13:56:14","date_gmt":"2020-11-27T12:56:14","guid":{"rendered":"http:\/\/www.fundacionsancebrian.com\/portal\/?p=7241"},"modified":"2020-12-01T15:42:25","modified_gmt":"2020-12-01T14:42:25","slug":"el-grupo-fundacion-san-cebrian-invita-a-los-alumnos-de-primaria-de-todos-los-colegios-de-la-provincia-a-participar-en-su-7o-certamen-de-relatos-navidenos-para-fomentar-la-inclusion-y-un-mayor-conocim","status":"publish","type":"post","link":"https:\/\/www.fundacionsancebrian.com\/portal\/el-grupo-fundacion-san-cebrian-invita-a-los-alumnos-de-primaria-de-todos-los-colegios-de-la-provincia-a-participar-en-su-7o-certamen-de-relatos-navidenos-para-fomentar-la-inclusion-y-un-mayor-conocim\/","title":{"rendered":"El Grupo Fundaci\u00f3n San Cebri\u00e1n invita a los alumnos de Primaria de todos los colegios de la Provincia a participar en su 7\u00ba Certamen de Relatos navide\u00f1os"},"content":{"rendered":"<div id=\"pl-7241\"  class=\"panel-layout\" ><div id=\"pg-7241-0\"  class=\"panel-grid panel-no-style\" ><div id=\"pgc-7241-0-0\"  class=\"panel-grid-cell\" ><div id=\"panel-7241-0-0-0\" class=\"so-panel widget widget_sow-editor panel-first-child panel-last-child\" data-index=\"0\" ><div\n\t\t\t\n\t\t\tclass=\"so-widget-sow-editor so-widget-sow-editor-base\"\n\t\t\t\n\t\t>\n<div class=\"siteorigin-widget-tinymce textwidget\">\n\t<p><a href=\"http:\/\/www.fundacionsancebrian.com\/portal\/wp-content\/uploads\/2020\/11\/25802019324_b2b47e5ec0_h.jpg\"><img fetchpriority=\"high\" fetchpriority=\"high\" decoding=\"async\" class=\"alignright wp-image-7242\" src=\"http:\/\/www.fundacionsancebrian.com\/portal\/wp-content\/uploads\/2020\/11\/25802019324_b2b47e5ec0_h-300x200.jpg\" alt=\"\" width=\"550\" height=\"366\" srcset=\"https:\/\/www.fundacionsancebrian.com\/portal\/wp-content\/uploads\/2020\/11\/25802019324_b2b47e5ec0_h-300x200.jpg 300w, https:\/\/www.fundacionsancebrian.com\/portal\/wp-content\/uploads\/2020\/11\/25802019324_b2b47e5ec0_h-1024x681.jpg 1024w, https:\/\/www.fundacionsancebrian.com\/portal\/wp-content\/uploads\/2020\/11\/25802019324_b2b47e5ec0_h-768x511.jpg 768w, https:\/\/www.fundacionsancebrian.com\/portal\/wp-content\/uploads\/2020\/11\/25802019324_b2b47e5ec0_h-600x399.jpg 600w, https:\/\/www.fundacionsancebrian.com\/portal\/wp-content\/uploads\/2020\/11\/25802019324_b2b47e5ec0_h-1536x1021.jpg 1536w, https:\/\/www.fundacionsancebrian.com\/portal\/wp-content\/uploads\/2020\/11\/25802019324_b2b47e5ec0_h-272x182.jpg 272w, https:\/\/www.fundacionsancebrian.com\/portal\/wp-content\/uploads\/2020\/11\/25802019324_b2b47e5ec0_h.jpg 1600w\" sizes=\"(max-width: 550px) 100vw, 550px\" \/><\/a><\/p>\n<p>El Grupo Fundaci\u00f3n San Cebri\u00e1n convoca un a\u00f1o m\u00e1s su tradicional Certamen de Relatos Navide\u00f1os y lo hace con una novedad, ya que si en ediciones anteriores el certamen era interno, este a\u00f1o, el certamen sale al exterior y podr\u00e1n participar ni\u00f1os de 3 \u00ba y 4 \u00ba de Primaria de todos los centros educativos de la capital y la provincia, que as\u00ed lo deseen.<\/p>\n<p>Unos de los objetivos de este Certamen es fomentar la participaci\u00f3n de todas las personas de la entidad, cada una con los apoyos que necesite. Este certamen pretende contribuir a la inclusi\u00f3n de las personas con discapacidad intelectual en la sociedad fomentando la participaci\u00f3n del \u00e1mbito educativo para lograr conseguir esa doble educaci\u00f3n y contribuir al conocimiento del mundo de la discapacidad en los centros educativos.<\/p>\n<p>Se establecen cuatro categor\u00edas:<\/p>\n<p>Categor\u00eda I \u00a0\u00a0\u201cPersona sin necesidad de apoyos en la redacci\u00f3n del relato\u201d.<\/p>\n<p>Categor\u00eda II\u00a0 \u201cPersona apadrinad@ con apoyo del padrino\/madrina\u201d.<\/p>\n<p>Categor\u00eda III \u201cPersona con apoyo de su familia\u201d.<\/p>\n<p>Categor\u00eda IV \u201cFamiliares y socios\u201d.<\/p>\n<p>Categor\u00eda V\u00a0 \u201cAlumnos de 3\u00ba y 4\u00ba de Primaria \u201d<\/p>\n<p>&nbsp;<\/p>\n<p>En cuanto a las bases. El relato tendr\u00e1 una extensi\u00f3n m\u00ednima de 10 l\u00edneas y m\u00e1xima de dos folios por una sola cara, presentados en tipo de letra Arial, tama\u00f1o 12 y con interlineado de 1,5. El relato deber\u00e1 contener obligatoriamente las siguientes 5 palabras clave o su plural en letra <strong>negrita<\/strong>: <strong>Persona, Navidad, <\/strong><strong>inclusi\u00f3n, igualdad y<\/strong><strong>\u00a0coronavirus<\/strong><\/p>\n<p><strong>\u00a0El relato debe encabezarse con un t\u00edtulo<\/strong>. Como firma del relato aparecer\u00e1n las tres iniciales del nombre del autor\/a m\u00e1s las dos \u00faltimas de su a\u00f1o de nacimiento y la categor\u00eda en la que se presenta (CI, CII, CIII, CIV o CV -esta solo para colegios-). Ejemplo (Arturo Mart\u00ednez Fern\u00e1ndez del a\u00f1o 1987 en categor\u00eda II) aparecer\u00e1 al final del texto a la derecha AMF87CII.<\/p>\n<p><strong>\u00a0<\/strong>El plazo de entrega es <strong>hasta el d\u00eda 16 de diciembre de 2020.<\/strong><\/p>\n<p><strong>\u00a0<\/strong>Se recibir\u00e1 v\u00eda correo ordinario en la siguiente direcci\u00f3n:<\/p>\n<p>-Sede social. Fundaci\u00f3n San Cebri\u00e1n. Plaza Juan XXIII 5 Bajo. 34005 Palencia<\/p>\n<p><strong>\u00a0<\/strong>-Tambi\u00e9n puede entregarse en mano y en sobre cerrado a su persona de referencia para que la haga llegar a la sede social.<\/p>\n<p>-O bien, mediante correo electr\u00f3nico a la siguiente direcci\u00f3n: <a href=\"mailto:L.RAMOS@fundacionsancebrian.com\"><strong>L.RAMOS@fundacionsancebrian.com<\/strong><\/a><strong> (Leonor Ramos)<\/strong><\/p>\n<p>La <strong>entrega de los premios<\/strong> se celebrar\u00e1 en las instalaciones del Grupo Fundaci\u00f3n San Cebrian el <strong>23 de diciembre<\/strong><\/p>\n<p>&nbsp;<\/p>\n<p>&nbsp;<\/p>\n<\/div>\n<\/div><\/div><\/div><\/div><\/div>","protected":false},"excerpt":{"rendered":"<p>El Grupo Fundaci\u00f3n San Cebri\u00e1n convoca un a\u00f1o m\u00e1s su tradicional Certamen de Relatos Navide\u00f1os y lo hace con una novedad, ya que si en ediciones anteriores el certamen era interno, este a\u00f1o, el certamen sale al exterior y podr\u00e1n participar ni\u00f1os de 3 \u00ba y 4 \u00ba de Primaria de todos los centros educativos [&hellip;]<\/p>\n","protected":false},"author":1,"featured_media":7242,"comment_status":"open","ping_status":"open","sticky":false,"template":"","format":"standard","meta":{"_seopress_robots_primary_cat":"","_seopress_titles_title":"","_seopress_titles_desc":"","_seopress_robots_index":"","_eb_attr":"","footnotes":""},"categories":[8],"tags":[],"class_list":["post-7241","post","type-post","status-publish","format-standard","has-post-thumbnail","hentry","category-noticias","post-with-thumbnail","post-with-thumbnail-icon"],"_links":{"self":[{"href":"https:\/\/www.fundacionsancebrian.com\/portal\/wp-json\/wp\/v2\/posts\/7241","targetHints":{"allow":["GET"]}}],"collection":[{"href":"https:\/\/www.fundacionsancebrian.com\/portal\/wp-json\/wp\/v2\/posts"}],"about":[{"href":"https:\/\/www.fundacionsancebrian.com\/portal\/wp-json\/wp\/v2\/types\/post"}],"author":[{"embeddable":true,"href":"https:\/\/www.fundacionsancebrian.com\/portal\/wp-json\/wp\/v2\/users\/1"}],"replies":[{"embeddable":true,"href":"https:\/\/www.fundacionsancebrian.com\/portal\/wp-json\/wp\/v2\/comments?post=7241"}],"version-history":[{"count":5,"href":"https:\/\/www.fundacionsancebrian.com\/portal\/wp-json\/wp\/v2\/posts\/7241\/revisions"}],"predecessor-version":[{"id":7260,"href":"https:\/\/www.fundacionsancebrian.com\/portal\/wp-json\/wp\/v2\/posts\/7241\/revisions\/7260"}],"wp:featuredmedia":[{"embeddable":true,"href":"https:\/\/www.fundacionsancebrian.com\/portal\/wp-json\/wp\/v2\/media\/7242"}],"wp:attachment":[{"href":"https:\/\/www.fundacionsancebrian.com\/portal\/wp-json\/wp\/v2\/media?parent=7241"}],"wp:term":[{"taxonomy":"category","embeddable":true,"href":"https:\/\/www.fundacionsancebrian.com\/portal\/wp-json\/wp\/v2\/categories?post=7241"},{"taxonomy":"post_tag","embeddable":true,"href":"https:\/\/www.fundacionsancebrian.com\/portal\/wp-json\/wp\/v2\/tags?post=7241"}],"curies":[{"name":"wp","href":"https:\/\/api.w.org\/{rel}","templated":true}]}}