{"id":7309,"date":"2020-12-21T10:07:15","date_gmt":"2020-12-21T09:07:15","guid":{"rendered":"http:\/\/www.fundacionsancebrian.com\/portal\/?p=7309"},"modified":"2020-12-21T10:19:22","modified_gmt":"2020-12-21T09:19:22","slug":"el-grupo-fundacion-san-cebrian-presta-servicios-en-el-programa-de-soledad-del-ayuntamiento-de-palencia","status":"publish","type":"post","link":"https:\/\/www.fundacionsancebrian.com\/portal\/el-grupo-fundacion-san-cebrian-presta-servicios-en-el-programa-de-soledad-del-ayuntamiento-de-palencia\/","title":{"rendered":"El Grupo Fundaci\u00f3n San Cebri\u00e1n presta servicios en el Programa de Soledad del Ayuntamiento de Palencia"},"content":{"rendered":"<div id=\"pl-7309\"  class=\"panel-layout\" ><div id=\"pg-7309-0\"  class=\"panel-grid panel-no-style\" ><div id=\"pgc-7309-0-0\"  class=\"panel-grid-cell\" ><div id=\"panel-7309-0-0-0\" class=\"so-panel widget widget_sow-editor panel-first-child panel-last-child\" data-index=\"0\" ><div\n\t\t\t\n\t\t\tclass=\"so-widget-sow-editor so-widget-sow-editor-base\"\n\t\t\t\n\t\t><h3 class=\"widget-title\">Para todos los que lo deseen se ha puesto a disposici\u00f3n de todos aquellos que se encuentren en esta situaci\u00f3n de soledad un tel\u00e9fono (608 624 226) en horario de 9 a 14 y de 17 a 21 horas<\/h3>\n<div class=\"siteorigin-widget-tinymce textwidget\">\n\t<p>Que nadie est\u00e9 s\u00f3lo estas Navidades, este es el objetivo del Ayuntamiento de Palencia en el Programa de Soledad, presentado recientemente y que cuenta con la gesti\u00f3n del Grupo <img fetchpriority=\"high\" fetchpriority=\"high\" decoding=\"async\" class=\"size-medium wp-image-7310 alignright\" src=\"http:\/\/www.fundacionsancebrian.com\/portal\/wp-content\/uploads\/2020\/12\/photo5983507171750557631-300x169.jpg\" alt=\"\" width=\"300\" height=\"169\" srcset=\"https:\/\/www.fundacionsancebrian.com\/portal\/wp-content\/uploads\/2020\/12\/photo5983507171750557631-300x169.jpg 300w, https:\/\/www.fundacionsancebrian.com\/portal\/wp-content\/uploads\/2020\/12\/photo5983507171750557631-1024x576.jpg 1024w, https:\/\/www.fundacionsancebrian.com\/portal\/wp-content\/uploads\/2020\/12\/photo5983507171750557631-768x432.jpg 768w, https:\/\/www.fundacionsancebrian.com\/portal\/wp-content\/uploads\/2020\/12\/photo5983507171750557631-600x338.jpg 600w, https:\/\/www.fundacionsancebrian.com\/portal\/wp-content\/uploads\/2020\/12\/photo5983507171750557631.jpg 1280w\" sizes=\"(max-width: 300px) 100vw, 300px\" \/>Fundaci\u00f3n San Cebri\u00e1n, que se encargar\u00e1 de prestar los servicios necesarios.<\/p>\n<p>La Concejal\u00eda de Servicios Sociales del Ayuntamiento de Palencia invertir\u00e1 casi 30.000 euros en dos programas de intervenci\u00f3n social para que las personas mayores y dependientes de la capital pasen las fechas navide\u00f1as de la mejor forma posible, \u201cgracias a la colaboraci\u00f3n con los profesionales de una entidad tan arraigada en nuestra tierra como es la Fundaci\u00f3n San Cebri\u00e1n\u201d, explic\u00f3 la edil responsable del \u00e1rea, Raquel Mart\u00edn.<\/p>\n<p>Estas propuestas, \u201cen las que llev\u00e1bamos trabajando hace ya unas semanas porque quer\u00edamos implementarlas en las fechas de Navidad y que se financiar\u00e1n con cargo al Segundo Fondo Extraordinario COVID-19 de la Gerencia Regional de Servicios Sociales de la Consejer\u00eda de Familia e Igualdad de Oportunidades de la Junta de Castilla y Le\u00f3n\u201d, revel\u00f3 Mart\u00edn, se concretan, por un lado, en la prestaci\u00f3n de apoyo emocional y acompa\u00f1amiento a las personas que se encuentran en situaci\u00f3n de soledad, \u201calrededor de 8.000 en Palencia seg\u00fan los datos del Instituto Nacional de Estad\u00edstica -INE-\u201c, agreg\u00f3; y, por otro, en la mejora de su estado f\u00edsico a trav\u00e9s de sesiones de fisioterapia, \u201cespecialmente a aquellos que han pasado la enfermedad provocada por el coronavirus, m\u00e1xime si han requerido de hospitalizaci\u00f3n\u201d, explic\u00f3 la concejal.<\/p>\n<p>El primero de los casos tiene como objetivo prioritario, \u201cque nadie se sienta solo en estas fechas\u201d, asegur\u00f3 Mart\u00edn. Para ello se , \u201cdonde siempre encontrar\u00e1n alguien al otro lado del auricular que les escuche y atienda, mejorando su bienestar emocional, bastante debilitado por el aislamiento al que les ha sometido la pandemia\u201d, indic\u00f3 la edil, complement\u00e1ndolo con una atenci\u00f3n presencial a partir del d\u00eda 23 de diciembre, \u201cdando respuesta a sus necesidades y tratando de resta\u00f1ar o frenar el deterioro cognitivo surgido durante todos estos meses de inactividad\u201d, advirti\u00f3.<\/p>\n<p>En el segundo, \u201cdestinado de forma prioritaria a los beneficiarios del Servicio de Ayuda a Domicilio y Teleasistencia, por pertenecer a los colectivos m\u00e1s vulnerables\u201d, adelant\u00f3 Raquel Mart\u00edn, lo que se quiere es \u201crealizar una intervenci\u00f3n f\u00edsica terap\u00e9utica para recuperar el agravamiento de las patolog\u00edas preexistentes que la situaci\u00f3n de confinamiento les haya podido crear, as\u00ed como atajar aquellas que hayan podido surgir en este tiempo\u201d, manifest\u00f3 Raquel Mart\u00edn.<\/p>\n<p>Para poderse beneficiar de estas sesiones, \u201cque podr\u00e1n tener lugar a domicilio o en el Centro de Vida Independiente \u2018Fidel Ramos\u2019, en cuyo caso se pondr\u00e1 a su disposici\u00f3n un servicio de transporte y asistencia para los traslados\u201d, detall\u00f3 la edil de Servicios Sociales, tan s\u00f3lo es necesario ponerse en contacto con su CEAS de referencia y solicitarlo.<\/p>\n<p>\u201cLas Navidades son para todos un tiempo muy especial, que, tradicionalmente, empleamos para disfrutar al m\u00e1ximo de nuestros seres queridos y allegados, a los cu\u00e1les, en muchos casos, s\u00f3lo vemos en estas fechas, y, aunque en este 2020 nos veamos obligados a limitar al m\u00ednimo indispensable dichos contactos para evitar los contagios, seguramente no celebremos las fiestas solos, por eso, ahora m\u00e1s que nunca, es necesario que aquellos que se encuentran en esa situaci\u00f3n, no lo sientan tanto, o al menos no lo hagan durante un tiempo determinado\u201d, declar\u00f3 Raquel Mart\u00edn, quien concluy\u00f3 agradeciendo a la Fundaci\u00f3n San Cebri\u00e1n, \u201csu implicaci\u00f3n en la realizaci\u00f3n de estos dos proyectos, que esperamos que logren ayudar al m\u00e1ximo n\u00famero de personas posibles\u201d.<\/p>\n<p><a href=\"https:\/\/drive.google.com\/file\/d\/1SpiKdaAGBSFypbS2K9lghxFWElCCbsd8\/view?usp=sharing\"><img decoding=\"async\" class=\"alignnone size-medium wp-image-7311\" src=\"http:\/\/www.fundacionsancebrian.com\/portal\/wp-content\/uploads\/2020\/12\/cartel-soledad_v2-219x300.jpg\" alt=\"\" width=\"219\" height=\"300\" srcset=\"https:\/\/www.fundacionsancebrian.com\/portal\/wp-content\/uploads\/2020\/12\/cartel-soledad_v2-219x300.jpg 219w, https:\/\/www.fundacionsancebrian.com\/portal\/wp-content\/uploads\/2020\/12\/cartel-soledad_v2-747x1024.jpg 747w, https:\/\/www.fundacionsancebrian.com\/portal\/wp-content\/uploads\/2020\/12\/cartel-soledad_v2-768x1053.jpg 768w, https:\/\/www.fundacionsancebrian.com\/portal\/wp-content\/uploads\/2020\/12\/cartel-soledad_v2-1120x1536.jpg 1120w, https:\/\/www.fundacionsancebrian.com\/portal\/wp-content\/uploads\/2020\/12\/cartel-soledad_v2-1493x2048.jpg 1493w, https:\/\/www.fundacionsancebrian.com\/portal\/wp-content\/uploads\/2020\/12\/cartel-soledad_v2-600x823.jpg 600w, https:\/\/www.fundacionsancebrian.com\/portal\/wp-content\/uploads\/2020\/12\/cartel-soledad_v2-scaled.jpg 1867w\" sizes=\"(max-width: 219px) 100vw, 219px\" \/>\u00a0 \u00a0\u00a0\u00a0\u00a0\u00a0\u00a0\u00a0\u00a0\u00a0\u00a0\u00a0 <img decoding=\"async\" class=\"alignnone size-medium wp-image-7315\" src=\"http:\/\/www.fundacionsancebrian.com\/portal\/wp-content\/uploads\/2020\/12\/Salmon-Onda-Abstracta-Cuidado-de-la-Piel-Belleza-Poster-212x300.jpg\" alt=\"\" width=\"212\" height=\"300\" srcset=\"https:\/\/www.fundacionsancebrian.com\/portal\/wp-content\/uploads\/2020\/12\/Salmon-Onda-Abstracta-Cuidado-de-la-Piel-Belleza-Poster-212x300.jpg 212w, https:\/\/www.fundacionsancebrian.com\/portal\/wp-content\/uploads\/2020\/12\/Salmon-Onda-Abstracta-Cuidado-de-la-Piel-Belleza-Poster-724x1024.jpg 724w, https:\/\/www.fundacionsancebrian.com\/portal\/wp-content\/uploads\/2020\/12\/Salmon-Onda-Abstracta-Cuidado-de-la-Piel-Belleza-Poster-768x1086.jpg 768w, https:\/\/www.fundacionsancebrian.com\/portal\/wp-content\/uploads\/2020\/12\/Salmon-Onda-Abstracta-Cuidado-de-la-Piel-Belleza-Poster-1086x1536.jpg 1086w, https:\/\/www.fundacionsancebrian.com\/portal\/wp-content\/uploads\/2020\/12\/Salmon-Onda-Abstracta-Cuidado-de-la-Piel-Belleza-Poster-600x848.jpg 600w, https:\/\/www.fundacionsancebrian.com\/portal\/wp-content\/uploads\/2020\/12\/Salmon-Onda-Abstracta-Cuidado-de-la-Piel-Belleza-Poster.jpg 1414w\" sizes=\"(max-width: 212px) 100vw, 212px\" \/><\/a><\/p>\n<\/div>\n<\/div><\/div><\/div><\/div><\/div>","protected":false},"excerpt":{"rendered":"<p>Que nadie est\u00e9 s\u00f3lo estas Navidades, este es el objetivo del Ayuntamiento de Palencia en el Programa de Soledad, presentado recientemente y que cuenta con la gesti\u00f3n del Grupo Fundaci\u00f3n San Cebri\u00e1n, que se encargar\u00e1 de prestar los servicios necesarios. La Concejal\u00eda de Servicios Sociales del Ayuntamiento de Palencia invertir\u00e1 casi 30.000 euros en dos [&hellip;]<\/p>\n","protected":false},"author":1,"featured_media":7310,"comment_status":"open","ping_status":"open","sticky":false,"template":"","format":"standard","meta":{"_seopress_robots_primary_cat":"","_seopress_titles_title":"","_seopress_titles_desc":"","_seopress_robots_index":"","_eb_attr":"","footnotes":""},"categories":[8],"tags":[],"class_list":["post-7309","post","type-post","status-publish","format-standard","has-post-thumbnail","hentry","category-noticias","post-with-thumbnail","post-with-thumbnail-icon"],"_links":{"self":[{"href":"https:\/\/www.fundacionsancebrian.com\/portal\/wp-json\/wp\/v2\/posts\/7309","targetHints":{"allow":["GET"]}}],"collection":[{"href":"https:\/\/www.fundacionsancebrian.com\/portal\/wp-json\/wp\/v2\/posts"}],"about":[{"href":"https:\/\/www.fundacionsancebrian.com\/portal\/wp-json\/wp\/v2\/types\/post"}],"author":[{"embeddable":true,"href":"https:\/\/www.fundacionsancebrian.com\/portal\/wp-json\/wp\/v2\/users\/1"}],"replies":[{"embeddable":true,"href":"https:\/\/www.fundacionsancebrian.com\/portal\/wp-json\/wp\/v2\/comments?post=7309"}],"version-history":[{"count":4,"href":"https:\/\/www.fundacionsancebrian.com\/portal\/wp-json\/wp\/v2\/posts\/7309\/revisions"}],"predecessor-version":[{"id":7318,"href":"https:\/\/www.fundacionsancebrian.com\/portal\/wp-json\/wp\/v2\/posts\/7309\/revisions\/7318"}],"wp:featuredmedia":[{"embeddable":true,"href":"https:\/\/www.fundacionsancebrian.com\/portal\/wp-json\/wp\/v2\/media\/7310"}],"wp:attachment":[{"href":"https:\/\/www.fundacionsancebrian.com\/portal\/wp-json\/wp\/v2\/media?parent=7309"}],"wp:term":[{"taxonomy":"category","embeddable":true,"href":"https:\/\/www.fundacionsancebrian.com\/portal\/wp-json\/wp\/v2\/categories?post=7309"},{"taxonomy":"post_tag","embeddable":true,"href":"https:\/\/www.fundacionsancebrian.com\/portal\/wp-json\/wp\/v2\/tags?post=7309"}],"curies":[{"name":"wp","href":"https:\/\/api.w.org\/{rel}","templated":true}]}}