{"id":7321,"date":"2020-12-24T12:30:29","date_gmt":"2020-12-24T11:30:29","guid":{"rendered":"http:\/\/www.fundacionsancebrian.com\/portal\/?p=7321"},"modified":"2020-12-24T12:30:29","modified_gmt":"2020-12-24T11:30:29","slug":"el-grupo-fundacion-san-cebrian-entrega-los-premios-de-su-7-certamen-de-relatos-de-navidad","status":"publish","type":"post","link":"https:\/\/www.fundacionsancebrian.com\/portal\/el-grupo-fundacion-san-cebrian-entrega-los-premios-de-su-7-certamen-de-relatos-de-navidad\/","title":{"rendered":"El Grupo Fundaci\u00f3n San Cebri\u00e1n entrega los premios de su 7 Certamen de Relatos de Navidad"},"content":{"rendered":"<div id=\"pl-7321\"  class=\"panel-layout\" ><div id=\"pg-7321-0\"  class=\"panel-grid panel-no-style\" ><div id=\"pgc-7321-0-0\"  class=\"panel-grid-cell\" ><div id=\"panel-7321-0-0-0\" class=\"so-panel widget widget_sow-editor panel-first-child panel-last-child\" data-index=\"0\" ><div\n\t\t\t\n\t\t\tclass=\"so-widget-sow-editor so-widget-sow-editor-base\"\n\t\t\t\n\t\t><h3 class=\"widget-title\">Este a\u00f1o al certamen se presentaron alumnos de 3 y 4 Primaria de colegios de la Provincia<\/h3>\n<div class=\"siteorigin-widget-tinymce textwidget\">\n\t<p>El Grupo Fundaci\u00f3n San Cebri\u00e1n convoca cada a\u00f1o el Certamen de Relatos de Navidad para promover la escritura, la creatividad y la actividad en cada uno de los servicios y para que las familias y socios se animen a escribir.<img decoding=\"async\" class=\"size-medium wp-image-7322 alignright\" src=\"http:\/\/www.fundacionsancebrian.com\/portal\/wp-content\/uploads\/2020\/12\/Captura-300x134.png\" alt=\"\" width=\"300\" height=\"134\" srcset=\"https:\/\/www.fundacionsancebrian.com\/portal\/wp-content\/uploads\/2020\/12\/Captura-300x134.png 300w, https:\/\/www.fundacionsancebrian.com\/portal\/wp-content\/uploads\/2020\/12\/Captura-1024x459.png 1024w, https:\/\/www.fundacionsancebrian.com\/portal\/wp-content\/uploads\/2020\/12\/Captura-768x344.png 768w, https:\/\/www.fundacionsancebrian.com\/portal\/wp-content\/uploads\/2020\/12\/Captura-600x269.png 600w, https:\/\/www.fundacionsancebrian.com\/portal\/wp-content\/uploads\/2020\/12\/Captura.png 1302w\" sizes=\"(max-width: 300px) 100vw, 300px\" \/><\/p>\n<p>Unos de los objetivos de este Certamen es fomentar la participaci\u00f3n de todas las personas de la entidad, cada una con los apoyos que necesite.<br \/>\nEste certamen pretende contribuir a la inclusi\u00f3n de las personas con discapacidad intelectual en la sociedad fomentando la participaci\u00f3n del \u00e1mbito educativo para lograr conseguir esa doble<\/p>\n<p>educaci\u00f3n y contribuir al conocimiento del mundo de la discapacidad en los centros educativos.<\/p>\n<p>Durante los \u00faltimos 6 a\u00f1os el Certamen ha tenido una alta participaci\u00f3n pero este a\u00f1o, y como novedad, para promover la inclusi\u00f3n de las personas con discapacidad en el \u00e1mbito educativo se opt\u00f3 por invitar a participar a los alumnos de 3 y 4\u00ba de Primaria de los colegios de la provincia. En total se recibieron m\u00e1s de 80 relatos con unos mensajes muy valiosos por la inclusi\u00f3n.<img fetchpriority=\"high\" fetchpriority=\"high\" decoding=\"async\" class=\"size-medium wp-image-7323 alignright\" src=\"http:\/\/www.fundacionsancebrian.com\/portal\/wp-content\/uploads\/2020\/12\/50749950968_6885e52a76_k-300x225.jpg\" alt=\"\" width=\"300\" height=\"225\" srcset=\"https:\/\/www.fundacionsancebrian.com\/portal\/wp-content\/uploads\/2020\/12\/50749950968_6885e52a76_k-300x225.jpg 300w, https:\/\/www.fundacionsancebrian.com\/portal\/wp-content\/uploads\/2020\/12\/50749950968_6885e52a76_k-1024x768.jpg 1024w, https:\/\/www.fundacionsancebrian.com\/portal\/wp-content\/uploads\/2020\/12\/50749950968_6885e52a76_k-768x576.jpg 768w, https:\/\/www.fundacionsancebrian.com\/portal\/wp-content\/uploads\/2020\/12\/50749950968_6885e52a76_k-1536x1152.jpg 1536w, https:\/\/www.fundacionsancebrian.com\/portal\/wp-content\/uploads\/2020\/12\/50749950968_6885e52a76_k-600x450.jpg 600w, https:\/\/www.fundacionsancebrian.com\/portal\/wp-content\/uploads\/2020\/12\/50749950968_6885e52a76_k.jpg 2048w\" sizes=\"(max-width: 300px) 100vw, 300px\" \/><\/p>\n<p>Las categor\u00edas:<br \/>\nCategor\u00eda I \u201cPersona sin necesidad de apoyos en la redacci\u00f3n del relato\u201d.<br \/>\nCategor\u00eda II \u201cPersona apadrinad@ con apoyo del padrino\/madrina\u201d.<br \/>\nCategor\u00eda III \u201cPersona con apoyo de su familia\u201d.<br \/>\nCategor\u00eda IV \u201cFamiliares y socios\u201d.<br \/>\nCategor\u00eda V \u201cAlumnos de 3\u00ba y 4\u00ba de Primaria \u201d<\/p>\n<p>El jurado formado por una profesional de la entidad, Maria Jos\u00e9 Rodr\u00edguez; Isabel Aus\u00edn, miembro del Patronato; Loli Tor\u00edo, familiar; Rosa Garc\u00eda, personas con discapacidad y la escritora palentina, Carmen Arroyo, eligi\u00f3 como los mejores de las categor\u00edas:<\/p>\n<p><strong>I Categor\u00eda.<\/strong><\/p>\n<p>- Primero premio para el relato \u201c CAMBIO DE VIDA \u201c de Rosa Mar\u00eda S\u00e1nchez<br \/>\nRelato interesante donde la aceptaci\u00f3n de los cambios es esencial para alcanzar la Felicidad. Y se abren oportunidades a vivir nuevas experiencias.<br \/>\n- Segundo premio para el relato \u201c LAS NAVIDADES DE ADEL \u201c de Inmaculada Guti\u00e9rrez<\/p>\n<p><strong>II Categor\u00eda<\/strong><\/p>\n<p>- Primer premio para el relato \u201c INCLUSI\u00d3N DEL CORONAVIRUS\u201d de Dionisio Abia<br \/>\nUn relato donde r\u00e1pidamente y con alegre desenvoltura se mueve a trav\u00e9s del a\u00f1o del coronavirus, con un final positivo, lleno de Esperanza donde nos recuerda que la felicidad se construye de peque\u00f1as cosas.<br \/>\n\u00c9ramos felices y no lo sab\u00edamos.<br \/>\n- Y el segundo premio para el relato \u201d UNA NAVIDAD ESPECIAL\u201d de David P\u00e9rez<br \/>\nEs relato aflora los miedos que el coronavirus nos hace sentir, miedo al contagio, miedo a lo desconocido, pero a\u00fan as\u00ed, el esp\u00edritu navide\u00f1o est\u00e1 ah\u00ed para ayudar familias y a ni\u00f1os para que puedan tener buenos recuerdos de la navidad, con juguetes, ropa y comida.<\/p>\n<p><strong>III Categor\u00eda<\/strong><\/p>\n<p>- El primero premio para el relato \u201cLLEGA LA NAVIDAD\u201d de Jorge Gonz\u00e1lez<br \/>\nEn este relato nos vemos reflejados casi todos porque nos muestra muy claramente los estados de \u00e1nimo y emociones que estamos sintiendo durante esta pandemia anhelo, tristezas, resignaci\u00f3n y esperanza<\/p>\n<p><strong>IV Categor\u00eda<\/strong><\/p>\n<p>- El primer premio para \u201cMIS SUPERHEROES VIVEN MUY CERCA\u201d de Chari Abril<br \/>\nVivir constantemente en una fantas\u00eda, hace que no se vea la realidad, pero algunas veces si sobreviene una desgracia te hace poner los pies en eL suelo y te das cuenta que todo lo que te rodea puede ser mucho mejor y divertido\u201d<\/p>\n<p>Y la<strong> CATEGORIA V<\/strong> ha contado con dos primeros premios y dos segundos:<\/p>\n<p>PRIMER PREMIO<br \/>\n- Primer premio. Para el relato \u2018LAS MAGAS DE ORIENTE\u2019 de Leire S\u00e1iz del Colegio San Jos\u00e9. Este relato lo primero que llama la atenci\u00f3n es la chispa, la musicalidad que tienen sus frases. Y el mensaje muy bonito:\u201dIniciar algo nuevo, en ocasiones puede traer miedo y nuestros magos han vencido ese miedo\u201d.<br \/>\n- Primero premio para el relato \u2018La gata sin pata de Julia Caballero del Padre Claret. Un bonito relato que nos hace reflexionar sobre el valor de la diferencia.<\/p>\n<p>SEGUNDO PREMIO :<br \/>\n- Segundo premio para LA SONRISA DE CARLA de Laura Herrero del Colegio Padre Claret. La tristeza y alejamiento de los amigos cuando m\u00e1s lo necesitamos y la aceptaci\u00f3n y la ayuda de personas desconocidas me han hecho reflexionar sobre muchos de los valores de la vida. \u201cIgualdad, inclusi\u00f3n, respeto, entendimiento\u201d.<br \/>\n- Y el segundo premio para el relato EL TORNEO de un alumno\/a del colegio San Jos\u00e9.<br \/>\nEl relato nos marca el mensaje\u2026El resultado es lo de menos, la aut\u00e9ntica victoria es exponerse a las adversidades actuando juntos y en equipo.<\/p>\n<p>LEE TODOS LOS TEXTO EN ESTE ENLACE<br \/>\n<a href=\"https:\/\/drive.google.com\/drive\/folders\/14OoFQdm0RpRVLZLpSuLNRb463oBVp1Ki?usp=sharing\">https:\/\/drive.google.com\/drive\/folders\/14OoFQdm0RpRVLZLpSuLNRb463oBVp1Ki?usp=sharing<\/a><\/p>\n<p>Mira el v\u00eddeo de la entrega de premios ONLINE<\/p>\n<p><a href=\"https:\/\/youtu.be\/Ecq-eFNy394\"><div class=\"su-youtube su-u-responsive-media-yes\"><iframe width=\"560\" height=\"340\" src=\"https:\/\/www.youtube.com\/embed\/Ecq-eFNy394?autoplay=1\" frameborder=\"0\" allowfullscreen allow=\"autoplay; encrypted-media; picture-in-picture\" title=\"Entrega online de Premios del Certamen Relatos Navidad\"><\/iframe><\/div>https:\/\/youtu.be\/Ecq-eFNy394<\/a><\/p>\n<\/div>\n<\/div><\/div><\/div><\/div><\/div>","protected":false},"excerpt":{"rendered":"<p>El Grupo Fundaci\u00f3n San Cebri\u00e1n convoca cada a\u00f1o el Certamen de Relatos de Navidad para promover la escritura, la creatividad y la actividad en cada uno de los servicios y para que las familias y socios se animen a escribir. Unos de los objetivos de este Certamen es fomentar la participaci\u00f3n de todas las personas [&hellip;]<\/p>\n","protected":false},"author":1,"featured_media":7322,"comment_status":"open","ping_status":"open","sticky":false,"template":"","format":"standard","meta":{"_seopress_robots_primary_cat":"","_seopress_titles_title":"","_seopress_titles_desc":"","_seopress_robots_index":"","_eb_attr":"","footnotes":""},"categories":[8],"tags":[],"class_list":["post-7321","post","type-post","status-publish","format-standard","has-post-thumbnail","hentry","category-noticias","post-with-thumbnail","post-with-thumbnail-icon"],"_links":{"self":[{"href":"https:\/\/www.fundacionsancebrian.com\/portal\/wp-json\/wp\/v2\/posts\/7321","targetHints":{"allow":["GET"]}}],"collection":[{"href":"https:\/\/www.fundacionsancebrian.com\/portal\/wp-json\/wp\/v2\/posts"}],"about":[{"href":"https:\/\/www.fundacionsancebrian.com\/portal\/wp-json\/wp\/v2\/types\/post"}],"author":[{"embeddable":true,"href":"https:\/\/www.fundacionsancebrian.com\/portal\/wp-json\/wp\/v2\/users\/1"}],"replies":[{"embeddable":true,"href":"https:\/\/www.fundacionsancebrian.com\/portal\/wp-json\/wp\/v2\/comments?post=7321"}],"version-history":[{"count":3,"href":"https:\/\/www.fundacionsancebrian.com\/portal\/wp-json\/wp\/v2\/posts\/7321\/revisions"}],"predecessor-version":[{"id":7326,"href":"https:\/\/www.fundacionsancebrian.com\/portal\/wp-json\/wp\/v2\/posts\/7321\/revisions\/7326"}],"wp:featuredmedia":[{"embeddable":true,"href":"https:\/\/www.fundacionsancebrian.com\/portal\/wp-json\/wp\/v2\/media\/7322"}],"wp:attachment":[{"href":"https:\/\/www.fundacionsancebrian.com\/portal\/wp-json\/wp\/v2\/media?parent=7321"}],"wp:term":[{"taxonomy":"category","embeddable":true,"href":"https:\/\/www.fundacionsancebrian.com\/portal\/wp-json\/wp\/v2\/categories?post=7321"},{"taxonomy":"post_tag","embeddable":true,"href":"https:\/\/www.fundacionsancebrian.com\/portal\/wp-json\/wp\/v2\/tags?post=7321"}],"curies":[{"name":"wp","href":"https:\/\/api.w.org\/{rel}","templated":true}]}}