{"id":8232,"date":"2021-09-30T14:09:00","date_gmt":"2021-09-30T12:09:00","guid":{"rendered":"http:\/\/www.fundacionsancebrian.com\/portal\/?p=8232"},"modified":"2021-09-30T14:09:01","modified_gmt":"2021-09-30T12:09:01","slug":"el-grupo-fundacion-san-cebrian-galardonada-en-los-premios-ser-palentino-de-la-cadena-ser","status":"publish","type":"post","link":"https:\/\/www.fundacionsancebrian.com\/portal\/el-grupo-fundacion-san-cebrian-galardonada-en-los-premios-ser-palentino-de-la-cadena-ser\/","title":{"rendered":"El Grupo Fundaci\u00f3n San Cebri\u00e1n galardonada en los Premios \u2018SER Palentino\u2019 de la Cadena SER"},"content":{"rendered":"<div id=\"pl-8232\"  class=\"panel-layout\" ><div id=\"pg-8232-0\"  class=\"panel-grid panel-no-style\" ><div id=\"pgc-8232-0-0\"  class=\"panel-grid-cell\" ><div id=\"panel-8232-0-0-0\" class=\"so-panel widget widget_sow-editor panel-first-child\" data-index=\"0\" ><div\n\t\t\t\n\t\t\tclass=\"so-widget-sow-editor so-widget-sow-editor-base\"\n\t\t\t\n\t\t><h3 class=\"widget-title\">La gala de entrega de premios se celebrar\u00e1 el 21 de octubre en el Teatro Principal<\/h3>\n<div class=\"siteorigin-widget-tinymce textwidget\">\n\t<p>La entidad social recibir\u00e1 el galard\u00f3n el pr\u00f3ximo 21 de octubre en un acto que se celebrar\u00e1 en el teatro Principal de la capital palentina. Seg\u00fan la nota de prensa remitida por la emisora: \u201c<em>La Fundaci\u00f3n San Cebri\u00e1n <img fetchpriority=\"high\" fetchpriority=\"high\" decoding=\"async\" class=\"size-medium wp-image-8233 alignright\" src=\"http:\/\/www.fundacionsancebrian.com\/portal\/wp-content\/uploads\/2021\/09\/1632980174_448598_1632983730_noticia_normal_recorte1-300x285.jpg\" alt=\"\" width=\"300\" height=\"285\" srcset=\"https:\/\/www.fundacionsancebrian.com\/portal\/wp-content\/uploads\/2021\/09\/1632980174_448598_1632983730_noticia_normal_recorte1-300x285.jpg 300w, https:\/\/www.fundacionsancebrian.com\/portal\/wp-content\/uploads\/2021\/09\/1632980174_448598_1632983730_noticia_normal_recorte1-1024x974.jpg 1024w, https:\/\/www.fundacionsancebrian.com\/portal\/wp-content\/uploads\/2021\/09\/1632980174_448598_1632983730_noticia_normal_recorte1-768x730.jpg 768w, https:\/\/www.fundacionsancebrian.com\/portal\/wp-content\/uploads\/2021\/09\/1632980174_448598_1632983730_noticia_normal_recorte1.jpg 1300w\" sizes=\"(max-width: 300px) 100vw, 300px\" \/> trabaja desde el a\u00f1o 1979 con personas con discapacidad intelectual. Radio Palencia considera m\u00e1s que merecido un premio que reconoce el reto de que cada persona sea aut\u00f3noma en todas las \u00e1reas de su vida. Como su directora general, Eva del R\u00edo ha dicho en alg\u00fan momento, es una entidad viva basada en acompa\u00f1ar a todas las personas en todo su proceso de planificaci\u00f3n de toda su vida\u201d. <\/em><\/p>\n<p>Con estos premios la Cadena SER\u00a0reconoce el talento, la solidaridad o la relevancia de personas y entidades palentinas. Ser\u00e1n un total de\u00a0<strong>ocho premios<\/strong>\u00a0que se entregar\u00e1n en el\u00a0<strong>Teatro Orte<\/strong><strong>ga<\/strong> de la capital palentina. Tras un a\u00f1o en formato virtual, los premios vuelven a ser presenciales. Esta es la relaci\u00f3n de galardonados: dispositivo de vacunaci\u00f3n, decatleta Jos\u00e9 San Pastor, empresa Medg\u00f3n, Catedral de Palencia, Teatro Ortega, Ciri Gonz\u00e1lez y Fernando Mart\u00ednez Zulaica.<\/p>\n<p>&nbsp;<\/p>\n<p>Enlace a la notica de la Cadena SER\u00a0<a href=\"https:\/\/cadenaser.com\/emisora\/2021\/09\/30\/radio_palencia\/1632980174_448598.html\">https:\/\/cadenaser.com\/emisora\/2021\/09\/30\/radio_palencia\/1632980174_448598.html<\/a><\/p>\n<\/div>\n<\/div><\/div><div id=\"panel-8232-0-0-1\" class=\"so-panel widget widget_sow-editor panel-last-child\" data-index=\"1\" ><div\n\t\t\t\n\t\t\tclass=\"so-widget-sow-editor so-widget-sow-editor-base\"\n\t\t\t\n\t\t><h3 class=\"widget-title\">La gala de entrega de premios se celebrar\u00e1 el 21 de octubre en el Teatro Principal<\/h3>\n<div class=\"siteorigin-widget-tinymce textwidget\">\n\t<p>Esta noticia est\u00e1 relacionada con los siguientes ODS:<\/p>\n<p><img decoding=\"async\" class=\"alignnone size-full wp-image-4604\" src=\"http:\/\/www.fundacionsancebrian.com\/portal\/wp-content\/uploads\/2018\/11\/sdg-es-17.png\" alt=\"\" width=\"150\" height=\"150\" srcset=\"https:\/\/www.fundacionsancebrian.com\/portal\/wp-content\/uploads\/2018\/11\/sdg-es-17.png 150w, https:\/\/www.fundacionsancebrian.com\/portal\/wp-content\/uploads\/2018\/11\/sdg-es-17-100x100.png 100w, https:\/\/www.fundacionsancebrian.com\/portal\/wp-content\/uploads\/2018\/11\/sdg-es-17-75x75.png 75w\" sizes=\"(max-width: 150px) 100vw, 150px\" \/><\/p>\n<\/div>\n<\/div><\/div><\/div><\/div><\/div>","protected":false},"excerpt":{"rendered":"<p>La entidad social recibir\u00e1 el galard\u00f3n el pr\u00f3ximo 21 de octubre en un acto que se celebrar\u00e1 en el teatro Principal de la capital palentina. Seg\u00fan la nota de prensa remitida por la emisora: \u201cLa Fundaci\u00f3n San Cebri\u00e1n trabaja desde el a\u00f1o 1979 con personas con discapacidad intelectual. Radio Palencia considera m\u00e1s que merecido un [&hellip;]<\/p>\n","protected":false},"author":1,"featured_media":8233,"comment_status":"open","ping_status":"open","sticky":false,"template":"","format":"standard","meta":{"_seopress_robots_primary_cat":"","_seopress_titles_title":"","_seopress_titles_desc":"","_seopress_robots_index":"","_eb_attr":"","footnotes":""},"categories":[8],"tags":[],"class_list":["post-8232","post","type-post","status-publish","format-standard","has-post-thumbnail","hentry","category-noticias","post-with-thumbnail","post-with-thumbnail-icon"],"_links":{"self":[{"href":"https:\/\/www.fundacionsancebrian.com\/portal\/wp-json\/wp\/v2\/posts\/8232","targetHints":{"allow":["GET"]}}],"collection":[{"href":"https:\/\/www.fundacionsancebrian.com\/portal\/wp-json\/wp\/v2\/posts"}],"about":[{"href":"https:\/\/www.fundacionsancebrian.com\/portal\/wp-json\/wp\/v2\/types\/post"}],"author":[{"embeddable":true,"href":"https:\/\/www.fundacionsancebrian.com\/portal\/wp-json\/wp\/v2\/users\/1"}],"replies":[{"embeddable":true,"href":"https:\/\/www.fundacionsancebrian.com\/portal\/wp-json\/wp\/v2\/comments?post=8232"}],"version-history":[{"count":8,"href":"https:\/\/www.fundacionsancebrian.com\/portal\/wp-json\/wp\/v2\/posts\/8232\/revisions"}],"predecessor-version":[{"id":8242,"href":"https:\/\/www.fundacionsancebrian.com\/portal\/wp-json\/wp\/v2\/posts\/8232\/revisions\/8242"}],"wp:featuredmedia":[{"embeddable":true,"href":"https:\/\/www.fundacionsancebrian.com\/portal\/wp-json\/wp\/v2\/media\/8233"}],"wp:attachment":[{"href":"https:\/\/www.fundacionsancebrian.com\/portal\/wp-json\/wp\/v2\/media?parent=8232"}],"wp:term":[{"taxonomy":"category","embeddable":true,"href":"https:\/\/www.fundacionsancebrian.com\/portal\/wp-json\/wp\/v2\/categories?post=8232"},{"taxonomy":"post_tag","embeddable":true,"href":"https:\/\/www.fundacionsancebrian.com\/portal\/wp-json\/wp\/v2\/tags?post=8232"}],"curies":[{"name":"wp","href":"https:\/\/api.w.org\/{rel}","templated":true}]}}