{"id":8383,"date":"2021-11-17T17:00:04","date_gmt":"2021-11-17T16:00:04","guid":{"rendered":"http:\/\/www.fundacionsancebrian.com\/portal\/?p=8383"},"modified":"2021-11-18T12:40:53","modified_gmt":"2021-11-18T11:40:53","slug":"el-grupo-fundacion-san-cebrian-revalida-el-sello-de-calidad-efqm-400-homenajea-a-profesionales-y-personas-con-discapacidad-y-presenta-las-fotos-del-calendario-2022-durante-el-acto-de-su-41-anivers","status":"publish","type":"post","link":"https:\/\/www.fundacionsancebrian.com\/portal\/el-grupo-fundacion-san-cebrian-revalida-el-sello-de-calidad-efqm-400-homenajea-a-profesionales-y-personas-con-discapacidad-y-presenta-las-fotos-del-calendario-2022-durante-el-acto-de-su-41-anivers\/","title":{"rendered":"El Grupo Fundaci\u00f3n San Cebri\u00e1n celebra sus 41 a\u00f1os"},"content":{"rendered":"<div id=\"pl-8383\"  class=\"panel-layout\" ><div id=\"pg-8383-0\"  class=\"panel-grid panel-no-style\" ><div id=\"pgc-8383-0-0\"  class=\"panel-grid-cell panel-grid-cell-mobile-last\" ><div id=\"panel-8383-0-0-0\" class=\"so-panel widget widget_sow-image panel-first-child\" data-index=\"0\" ><div class=\"panel-widget-style panel-widget-style-for-8383-0-0-0\" ><div\n\t\t\t\n\t\t\tclass=\"so-widget-sow-image so-widget-sow-image-default-4e6925654b7a-8383\"\n\t\t\t\n\t\t>\n<div class=\"sow-image-container\">\n\t\t<img loading=\"lazy\" \n\tsrc=\"https:\/\/www.fundacionsancebrian.com\/portal\/wp-content\/uploads\/2019\/12\/EtR3-e1575535111209.png\" width=\"250\" height=\"50\" sizes=\"(max-width: 250px) 100vw, 250px\" title=\"EtR3\" alt=\"\" \t\tclass=\"so-widget-image\"\/>\n\t<\/div>\n\n<\/div><\/div><\/div><div id=\"panel-8383-0-0-1\" class=\"so-panel widget widget_sow-editor panel-last-child\" data-index=\"1\" ><div class=\"panel-widget-style panel-widget-style-for-8383-0-0-1\" ><div\n\t\t\t\n\t\t\tclass=\"so-widget-sow-editor so-widget-sow-editor-base\"\n\t\t\t\n\t\t>\n<div class=\"siteorigin-widget-tinymce textwidget\">\n\t<div style=\"font-size: 18px; line-height: 1.8em; font-family: Arial;\">\n<p><strong>El Grupo Fundaci\u00f3n San Cebri\u00e1n celebra sus 41 a\u00f1os<\/strong><\/p>\n<p>El Grupo Fundaci\u00f3n San Cebri\u00e1n cumple 41 a\u00f1os<br \/>\ny ha celebrado esta ma\u00f1ana un acto presencial y virtual,<br \/>\nen el Centro Cultural Lecr\u00e1c.<br \/>\nHan ido personas importantes<br \/>\ncomo el delegado territorial de la Junta Jos\u00e9 Antonio Rubio Mielgo<br \/>\nel diputado de Servicios Sociales Alfonso Polanco<br \/>\ny representantes de familias, trabajadores<br \/>\ny personas con discapacidad de la Fundaci\u00f3n.<\/p>\n<p>Eva del R\u00edo dijo:<\/p>\n<blockquote>\n<p>\u201c Somos una entidad flexible y din\u00e1mica, que cada a\u00f1o sigue avanzando y en estos 41 a\u00f1os de historia lo estamos demostrando y lo seguiremos haciendo para mejorar la vida de todas las personas y seguir facilitando los apoyos necesarios\u201d<br \/>\n\u201cRecibir de nuevo el sello de Calidad 400 + sin duda alaba nuestra gesti\u00f3n de trabajo, y la destaca como excelente por lo que este reconocimiento est\u00e1 sin duda, dedicado a todas las personas que forman esta entidad, a las m\u00e1s de 350 personas que desde distintas perspectivas aportan su granito de areno para que todo funcione\u201d<\/p>\n<\/blockquote>\n<p>Primero el Club de Excelencia en la Gesti\u00f3n<br \/>\nentreg\u00f3 el Sello de Calidad EFQM 400 +<br \/>\nal Grupo Fundaci\u00f3n San Cebri\u00e1n<\/p>\n<p>Alfredo Mill\u00e1n es el Director de Servicios EFQM del Club Excelencia en Gesti\u00f3n<br \/>\ny dijo que:<\/p>\n<blockquote>\n<p>\"La definici\u00f3n de un prop\u00f3sito inspirador, la consolidaci\u00f3n de un Modelo de Planificaci\u00f3n centrado en la persona y los usuarios y familias como centro de su prop\u00f3sito o el desarrollo de proyectos innovadores centrados en sus grupos de inter\u00e9s son algunos de los motivos que ponen de manifiesto el compromiso de la Fundaci\u00f3n San Cebri\u00e1n con la mejora continua y la gesti\u00f3n excelente, innovadora y sostenible y que hoy le hacen valedor de un Sello EFQM 400 convirti\u00e9ndose en un referente en un referente en nuestro pa\u00eds para las organizaciones del tercer sector\u201d.<\/p>\n<\/blockquote>\n<p>Despu\u00e9s fue el homenaje a los profesionales y personas con discapacidad.<br \/>\nque llevan 12 a\u00f1os en la Fundaci\u00f3n San Cebri\u00e1n<br \/>\nFueron 19 personas y recibieron un reloj de reglado.<br \/>\nUna de las personas del homenaje dijo:<\/p>\n<blockquote>\n<p>\u201cQuiero agradecer a la entidad y a todas las personas con las que trabajo diariamente este homenaje y reconocimiento porque sin duda anima a seguir trabajando para que ellos est\u00e9n bien\u201d<\/p>\n<\/blockquote>\n<p>En el homenaje hubo l\u00e1grimas, emoci\u00f3n y alegr\u00eda<br \/>\ncuando se pusieron unos v\u00eddeos de familiares y compa\u00f1eros.<\/p>\n<p>Al final del evento se presentaron las fotos del Calendario 2022.<br \/>\nTrabajadores y personas con discapacidad eligieron con qui\u00e9n salir en las fotos.<br \/>\nM\u00e1s de 60 personas participaron en las fotos.<br \/>\nEl fot\u00f3grafo palentino Manuel Br\u00e1gimo y otras personas<br \/>\neligieron las 12 fotos saldr\u00e1n en el Calendario 2022.<\/p>\n<p>Puedes comprar el calendario en un par de semanas.<\/p>\n<\/div>\n<\/div>\n<\/div><\/div><\/div><\/div><div id=\"pgc-8383-0-1\"  class=\"panel-grid-cell panel-grid-cell-empty\" ><\/div><\/div><div id=\"pg-8383-1\"  class=\"panel-grid panel-no-style\" ><div id=\"pgc-8383-1-0\"  class=\"panel-grid-cell\" ><div id=\"panel-8383-1-0-0\" class=\"so-panel widget widget_sow-editor panel-first-child\" data-index=\"2\" ><div\n\t\t\t\n\t\t\tclass=\"so-widget-sow-editor so-widget-sow-editor-base\"\n\t\t\t\n\t\t><h3 class=\"widget-title\">\tEl sal\u00f3n de actos del Centro Cultural Lecr\u00e1c ha acogido esta ma\u00f1ana el acto del 41 aniversario del Grupo Fundaci\u00f3n San Cebri\u00e1n. <\/h3>\n<div class=\"siteorigin-widget-tinymce textwidget\">\n\t<p>El Grupo Fundaci\u00f3n San Cebri\u00e1n cumple 41 a\u00f1os de historia y por este motivo ha celebrado esta ma\u00f1ana un acto, presencial y virtual, en el Centro Cultural Lecr\u00e1c al que han acudido, entre otros, el delegado territorial de la Junta, Jos\u00e9 Antonio Rubio Mielgo; el diputado de Servicios Sociales, Alfonso Polanco y representantes de otros sectores de la sociedad, junto a familias, trabajadores y personas con discapacidad de la entidad.<\/p>\n<p><a href=\"http:\/\/www.fundacionsancebrian.com\/portal\/?attachment_id=8384#main\" rel=\"attachment wp-att-8384\"><img fetchpriority=\"high\" fetchpriority=\"high\" decoding=\"async\" class=\"alignright wp-image-8384\" src=\"http:\/\/www.fundacionsancebrian.com\/portal\/wp-content\/uploads\/2021\/11\/IMG_20211117_115447-300x225.jpg\" alt=\"\" width=\"500\" height=\"375\" srcset=\"https:\/\/www.fundacionsancebrian.com\/portal\/wp-content\/uploads\/2021\/11\/IMG_20211117_115447-300x225.jpg 300w, https:\/\/www.fundacionsancebrian.com\/portal\/wp-content\/uploads\/2021\/11\/IMG_20211117_115447-1024x769.jpg 1024w, https:\/\/www.fundacionsancebrian.com\/portal\/wp-content\/uploads\/2021\/11\/IMG_20211117_115447-768x577.jpg 768w, https:\/\/www.fundacionsancebrian.com\/portal\/wp-content\/uploads\/2021\/11\/IMG_20211117_115447-1536x1153.jpg 1536w, https:\/\/www.fundacionsancebrian.com\/portal\/wp-content\/uploads\/2021\/11\/IMG_20211117_115447-2048x1538.jpg 2048w\" sizes=\"(max-width: 500px) 100vw, 500px\" \/><\/a>\u201c <em>Somos una entidad flexible y din\u00e1mica, que cada a\u00f1o sigue avanzando y en estos 41 a\u00f1os de historia lo estamos demostrando y lo seguiremos haciendo para mejorar la vida de todas las personas y seguir facilitando los apoyos necesarios<\/em>\u201d, apunt\u00f3 la gerente de la entidad, Eva del R\u00edo antes del comienzo del acto. <em>\u201cRecibir de nuevo el sello de Calidad 400 + sin duda alaba nuestra gesti\u00f3n de trabajo, y la destaca como excelente por lo que este reconocimiento est\u00e1 sin duda, dedicado a todas las personas que forman esta entidad, a las m\u00e1s de 350 personas que desde distintas perspectivas aportan su granito de areno para que todo funcione\u201d,<\/em> destac\u00f3.<\/p>\n<p>El inicio del acto, estuvo marcado por la entrega virtual del Sello de Calidad EFQM 400 + por parte del Club de Excelencia en la Gesti\u00f3n.<\/p>\n<p>Para\u00a0Alfredo\u00a0Mill\u00e1n, Director de Servicios EFQM del Club Excelencia en Gesti\u00f3n,\u00a0\u201c<em>la definici\u00f3n de un prop\u00f3sito inspirador, la consolidaci\u00f3n de un Modelo de Planificaci\u00f3n centrado en la persona y los usuarios y familias como centro de su prop\u00f3sito o el desarrollo de proyectos innovadores centrados en sus grupos de inter\u00e9s son algunos de los motivos que ponen de manifiesto el compromiso de la Fundaci\u00f3n San Cebri\u00e1n con la mejora continua y la gesti\u00f3n excelente, innovadora y sostenible y que hoy le hacen valedor de un Sello EFQM 400 convirti\u00e9ndose en un referente en un referente en nuestro pa\u00eds para las organizaciones del tercer sector\u201d.<\/em><\/p>\n<p><strong>Aniversario 12 a\u00f1os<\/strong>. Tras esto, tuvo lugar el Homenaje a personas que llevan 12 a\u00f1os en la entidad, profesionales y personas con discapacidad. 19 personas recibieron el homenaje y un reloj, como detalle de la entidad. <em>\u201cQuiero agradecer a la entidad y a todas las personas con las que trabajo diariamente este homenaje y reconocimiento porque sin duda anima a seguir trabajando para que ellos est\u00e9n bien\u201d,<\/em> apunt\u00f3 una de las homenajeadas.<\/p>\n<p>L\u00e1grimas, emoci\u00f3n y alegr\u00eda durante el recibimiento del homenaje en el que se visionaron v\u00eddeos de familiares y compa\u00f1eros.<\/p>\n<p><strong>Calendario 2022. <\/strong>Como colof\u00f3n a la Gala de aniversario se presentaron las fotos del Calendario 2022 de la entidad. Trabajadores y personas con discapacidad eligieron con qui\u00e9n salir en las fotos <em>\u201cpara destacar el fuerte v\u00ednculo que se hab\u00eda generado entre ellos tras la pandemia , <\/em>se\u00f1alan desde la organizaci\u00f3n- M\u00e1s de 60 personas se presentaron para las fotos, pero tras una selecci\u00f3n, primero gracias al fot\u00f3grafo palentino, Manuel Br\u00e1gimo, y posteriormente una nueva selecci\u00f3n por parte de colaborares externos: medios de comunicaci\u00f3n; Ayuntamiento de Palencia, proveedores; familias, entidades del tercer sector; asesor\u00eda, Gerencia de Servicios Sociales\u2026se eligieron las 12 fotos que acompa\u00f1ar\u00e1n al Calendario 2022.<\/p>\n<p>En las pr\u00f3ximas semanas se pondr\u00e1 a la venta para todas aquellas personas que quieran adquirir uno.<\/p>\n<p>&nbsp;<\/p>\n\n\t\t<style type=\"text\/css\">\n\t\t\t#gallery-1 {\n\t\t\t\tmargin: auto;\n\t\t\t}\n\t\t\t#gallery-1 .gallery-item {\n\t\t\t\tfloat: left;\n\t\t\t\tmargin-top: 10px;\n\t\t\t\ttext-align: center;\n\t\t\t\twidth: 33%;\n\t\t\t}\n\t\t\t#gallery-1 img {\n\t\t\t\tborder: 2px solid #cfcfcf;\n\t\t\t}\n\t\t\t#gallery-1 .gallery-caption {\n\t\t\t\tmargin-left: 0;\n\t\t\t}\n\t\t\t\/* see gallery_shortcode() in wp-includes\/media.php *\/\n\t\t<\/style>\n\t\t<div id='gallery-1' class='gallery galleryid-8383 gallery-columns-3 gallery-size-thumbnail'><dl class='gallery-item'>\n\t\t\t<dt class='gallery-icon landscape'>\n\t\t\t\t<a href='https:\/\/www.fundacionsancebrian.com\/portal\/el-grupo-fundacion-san-cebrian-revalida-el-sello-de-calidad-efqm-400-homenajea-a-profesionales-y-personas-con-discapacidad-y-presenta-las-fotos-del-calendario-2022-durante-el-acto-de-su-41-anivers\/img_20211117_115447-2\/#main'><img loading=\"lazy\" decoding=\"async\" width=\"150\" height=\"150\" src=\"https:\/\/www.fundacionsancebrian.com\/portal\/wp-content\/uploads\/2021\/11\/IMG_20211117_115447-1-150x150.jpg\" class=\"attachment-thumbnail size-thumbnail\" alt=\"\" aria-describedby=\"gallery-1-8385\" \/><\/a>\n\t\t\t<\/dt>\n\t\t\t\t<dd class='wp-caption-text gallery-caption' id='gallery-1-8385'>\n\t\t\t\tEntrega Sello EFQM\n\t\t\t\t<\/dd><\/dl><dl class='gallery-item'>\n\t\t\t<dt class='gallery-icon portrait'>\n\t\t\t\t<a href='https:\/\/www.fundacionsancebrian.com\/portal\/el-grupo-fundacion-san-cebrian-revalida-el-sello-de-calidad-efqm-400-homenajea-a-profesionales-y-personas-con-discapacidad-y-presenta-las-fotos-del-calendario-2022-durante-el-acto-de-su-41-anivers\/img_20211117_120816\/#main'><img loading=\"lazy\" decoding=\"async\" width=\"150\" height=\"150\" src=\"https:\/\/www.fundacionsancebrian.com\/portal\/wp-content\/uploads\/2021\/11\/IMG_20211117_120816-150x150.jpg\" class=\"attachment-thumbnail size-thumbnail\" alt=\"\" aria-describedby=\"gallery-1-8386\" \/><\/a>\n\t\t\t<\/dt>\n\t\t\t\t<dd class='wp-caption-text gallery-caption' id='gallery-1-8386'>\n\t\t\t\tHomenaje a Enrique Garc\u00eda\n\t\t\t\t<\/dd><\/dl><dl class='gallery-item'>\n\t\t\t<dt class='gallery-icon landscape'>\n\t\t\t\t<a href='https:\/\/www.fundacionsancebrian.com\/portal\/el-grupo-fundacion-san-cebrian-revalida-el-sello-de-calidad-efqm-400-homenajea-a-profesionales-y-personas-con-discapacidad-y-presenta-las-fotos-del-calendario-2022-durante-el-acto-de-su-41-anivers\/img_20211117_121622\/#main'><img loading=\"lazy\" decoding=\"async\" width=\"150\" height=\"150\" src=\"https:\/\/www.fundacionsancebrian.com\/portal\/wp-content\/uploads\/2021\/11\/IMG_20211117_121622-150x150.jpg\" class=\"attachment-thumbnail size-thumbnail\" alt=\"\" aria-describedby=\"gallery-1-8387\" \/><\/a>\n\t\t\t<\/dt>\n\t\t\t\t<dd class='wp-caption-text gallery-caption' id='gallery-1-8387'>\n\t\t\t\tHomenaje a Jos\u00e9 Mar\u00eda P\u00e9rez\n\t\t\t\t<\/dd><\/dl><br style=\"clear: both\" \/><dl class='gallery-item'>\n\t\t\t<dt class='gallery-icon portrait'>\n\t\t\t\t<a href='https:\/\/www.fundacionsancebrian.com\/portal\/el-grupo-fundacion-san-cebrian-revalida-el-sello-de-calidad-efqm-400-homenajea-a-profesionales-y-personas-con-discapacidad-y-presenta-las-fotos-del-calendario-2022-durante-el-acto-de-su-41-anivers\/img_20211117_122842\/#main'><img loading=\"lazy\" decoding=\"async\" width=\"150\" height=\"150\" src=\"https:\/\/www.fundacionsancebrian.com\/portal\/wp-content\/uploads\/2021\/11\/IMG_20211117_122842-150x150.jpg\" class=\"attachment-thumbnail size-thumbnail\" alt=\"\" aria-describedby=\"gallery-1-8388\" \/><\/a>\n\t\t\t<\/dt>\n\t\t\t\t<dd class='wp-caption-text gallery-caption' id='gallery-1-8388'>\n\t\t\t\tHomenaje a Sagrario Lobato\n\t\t\t\t<\/dd><\/dl><dl class='gallery-item'>\n\t\t\t<dt class='gallery-icon landscape'>\n\t\t\t\t<a href='https:\/\/www.fundacionsancebrian.com\/portal\/el-grupo-fundacion-san-cebrian-revalida-el-sello-de-calidad-efqm-400-homenajea-a-profesionales-y-personas-con-discapacidad-y-presenta-las-fotos-del-calendario-2022-durante-el-acto-de-su-41-anivers\/img_20211117_124114\/#main'><img loading=\"lazy\" decoding=\"async\" width=\"150\" height=\"150\" src=\"https:\/\/www.fundacionsancebrian.com\/portal\/wp-content\/uploads\/2021\/11\/IMG_20211117_124114-150x150.jpg\" class=\"attachment-thumbnail size-thumbnail\" alt=\"\" aria-describedby=\"gallery-1-8389\" \/><\/a>\n\t\t\t<\/dt>\n\t\t\t\t<dd class='wp-caption-text gallery-caption' id='gallery-1-8389'>\n\t\t\t\tHomenajeados 2021\n\t\t\t\t<\/dd><\/dl><dl class='gallery-item'>\n\t\t\t<dt class='gallery-icon portrait'>\n\t\t\t\t<a href='https:\/\/www.fundacionsancebrian.com\/portal\/el-grupo-fundacion-san-cebrian-revalida-el-sello-de-calidad-efqm-400-homenajea-a-profesionales-y-personas-con-discapacidad-y-presenta-las-fotos-del-calendario-2022-durante-el-acto-de-su-41-anivers\/img_20211117_125244\/#main'><img loading=\"lazy\" decoding=\"async\" width=\"150\" height=\"150\" src=\"https:\/\/www.fundacionsancebrian.com\/portal\/wp-content\/uploads\/2021\/11\/IMG_20211117_125244-150x150.jpg\" class=\"attachment-thumbnail size-thumbnail\" alt=\"\" aria-describedby=\"gallery-1-8390\" \/><\/a>\n\t\t\t<\/dt>\n\t\t\t\t<dd class='wp-caption-text gallery-caption' id='gallery-1-8390'>\n\t\t\t\tCalendario 2022\n\t\t\t\t<\/dd><\/dl><br style=\"clear: both\" \/>\n\t\t<\/div>\n\n<p>&nbsp;<\/p>\n<p>GALA 41 ANIVERSARIO<\/p>\n<div class=\"su-youtube su-u-responsive-media-no\"><iframe width=\"520\" height=\"360\" src=\"https:\/\/www.youtube.com\/embed\/WdJcxxZ9fdk?\" frameborder=\"0\" allowfullscreen allow=\"autoplay; encrypted-media; picture-in-picture\" title=\"Gala 41 Aniversario Grupo Fundaci\u00f3n San Cebri\u00e1n\"><\/iframe><\/div>\n<p>&nbsp;<\/p>\n<p>Los ODS con los que est\u00e1 noticia est\u00e1 relacionada:<\/p>\n<p><a href=\"http:\/\/www.fundacionsancebrian.com\/portal\/las-personas-con-discapacidad-piden-un-lenguaje-claro-y-accesible-en-los-temas-judiciales\/sdg-es-16\/#main\" rel=\"attachment wp-att-4603\"><img decoding=\"async\" class=\"alignnone size-full wp-image-4603\" src=\"http:\/\/www.fundacionsancebrian.com\/portal\/wp-content\/uploads\/2018\/11\/sdg-es-16.png\" alt=\"\" width=\"150\" height=\"150\" srcset=\"https:\/\/www.fundacionsancebrian.com\/portal\/wp-content\/uploads\/2018\/11\/sdg-es-16.png 150w, https:\/\/www.fundacionsancebrian.com\/portal\/wp-content\/uploads\/2018\/11\/sdg-es-16-100x100.png 100w, https:\/\/www.fundacionsancebrian.com\/portal\/wp-content\/uploads\/2018\/11\/sdg-es-16-75x75.png 75w\" sizes=\"(max-width: 150px) 100vw, 150px\" \/><\/a> <a href=\"http:\/\/www.fundacionsancebrian.com\/portal\/las-personas-con-discapacidad-piden-un-lenguaje-claro-y-accesible-en-los-temas-judiciales\/sdg-es-17\/#main\" rel=\"attachment wp-att-4604\"><img decoding=\"async\" class=\"alignnone size-full wp-image-4604\" src=\"http:\/\/www.fundacionsancebrian.com\/portal\/wp-content\/uploads\/2018\/11\/sdg-es-17.png\" alt=\"\" width=\"150\" height=\"150\" srcset=\"https:\/\/www.fundacionsancebrian.com\/portal\/wp-content\/uploads\/2018\/11\/sdg-es-17.png 150w, https:\/\/www.fundacionsancebrian.com\/portal\/wp-content\/uploads\/2018\/11\/sdg-es-17-100x100.png 100w, https:\/\/www.fundacionsancebrian.com\/portal\/wp-content\/uploads\/2018\/11\/sdg-es-17-75x75.png 75w\" sizes=\"(max-width: 150px) 100vw, 150px\" \/><\/a><\/p>\n<\/div>\n<\/div><\/div><div id=\"panel-8383-1-0-1\" class=\"so-panel widget widget_sow-editor panel-last-child\" data-index=\"3\" ><div\n\t\t\t\n\t\t\tclass=\"so-widget-sow-editor so-widget-sow-editor-base\"\n\t\t\t\n\t\t>\n<div class=\"siteorigin-widget-tinymce textwidget\">\n\t<p>Los\u00a0<strong>Objetivos del Desarrollo Sostenible 2030<\/strong>\u00a0a los que este proyecto contribuye son:<\/p>\n<p><a href=\"http:\/\/www.fundacionsancebrian.com\/portal\/wp-content\/uploads\/2018\/11\/sdg-es-08.png\"><img loading=\"lazy\" loading=\"lazy\" decoding=\"async\" class=\"size-full wp-image-4595 alignleft\" src=\"http:\/\/www.fundacionsancebrian.com\/portal\/wp-content\/uploads\/2018\/11\/sdg-es-08.png\" alt=\"\" width=\"150\" height=\"150\" srcset=\"https:\/\/www.fundacionsancebrian.com\/portal\/wp-content\/uploads\/2018\/11\/sdg-es-08.png 150w, https:\/\/www.fundacionsancebrian.com\/portal\/wp-content\/uploads\/2018\/11\/sdg-es-08-100x100.png 100w, https:\/\/www.fundacionsancebrian.com\/portal\/wp-content\/uploads\/2018\/11\/sdg-es-08-75x75.png 75w\" sizes=\"auto, (max-width: 150px) 100vw, 150px\" \/><\/a><a href=\"http:\/\/www.fundacionsancebrian.com\/portal\/wp-content\/uploads\/2018\/11\/sdg-es-10.png\"><img loading=\"lazy\" loading=\"lazy\" decoding=\"async\" class=\"size-full wp-image-4597 alignleft\" src=\"http:\/\/www.fundacionsancebrian.com\/portal\/wp-content\/uploads\/2018\/11\/sdg-es-10.png\" alt=\"Objetivo 10: reducir la desigualdad entre pa\u00edses.\" width=\"150\" height=\"150\" srcset=\"https:\/\/www.fundacionsancebrian.com\/portal\/wp-content\/uploads\/2018\/11\/sdg-es-10.png 150w, https:\/\/www.fundacionsancebrian.com\/portal\/wp-content\/uploads\/2018\/11\/sdg-es-10-100x100.png 100w, https:\/\/www.fundacionsancebrian.com\/portal\/wp-content\/uploads\/2018\/11\/sdg-es-10-75x75.png 75w\" sizes=\"auto, (max-width: 150px) 100vw, 150px\" \/><\/a><\/p>\n<\/div>\n<\/div><\/div><\/div><\/div><\/div>","protected":false},"excerpt":{"rendered":"<p>El Grupo Fundaci\u00f3n San Cebri\u00e1n celebra sus 41 a\u00f1os El Grupo Fundaci\u00f3n San Cebri\u00e1n cumple 41 a\u00f1os y ha celebrado esta ma\u00f1ana un acto presencial y virtual, en el Centro Cultural Lecr\u00e1c. Han ido personas importantes como el delegado territorial de la Junta Jos\u00e9 Antonio Rubio Mielgo el diputado de Servicios Sociales Alfonso Polanco y [&hellip;]<\/p>\n","protected":false},"author":1,"featured_media":8391,"comment_status":"open","ping_status":"open","sticky":false,"template":"","format":"standard","meta":{"_seopress_robots_primary_cat":"","_seopress_titles_title":"","_seopress_titles_desc":"","_seopress_robots_index":"","_eb_attr":"","footnotes":""},"categories":[8],"tags":[],"class_list":["post-8383","post","type-post","status-publish","format-standard","has-post-thumbnail","hentry","category-noticias","post-with-thumbnail","post-with-thumbnail-icon"],"_links":{"self":[{"href":"https:\/\/www.fundacionsancebrian.com\/portal\/wp-json\/wp\/v2\/posts\/8383","targetHints":{"allow":["GET"]}}],"collection":[{"href":"https:\/\/www.fundacionsancebrian.com\/portal\/wp-json\/wp\/v2\/posts"}],"about":[{"href":"https:\/\/www.fundacionsancebrian.com\/portal\/wp-json\/wp\/v2\/types\/post"}],"author":[{"embeddable":true,"href":"https:\/\/www.fundacionsancebrian.com\/portal\/wp-json\/wp\/v2\/users\/1"}],"replies":[{"embeddable":true,"href":"https:\/\/www.fundacionsancebrian.com\/portal\/wp-json\/wp\/v2\/comments?post=8383"}],"version-history":[{"count":27,"href":"https:\/\/www.fundacionsancebrian.com\/portal\/wp-json\/wp\/v2\/posts\/8383\/revisions"}],"predecessor-version":[{"id":8418,"href":"https:\/\/www.fundacionsancebrian.com\/portal\/wp-json\/wp\/v2\/posts\/8383\/revisions\/8418"}],"wp:featuredmedia":[{"embeddable":true,"href":"https:\/\/www.fundacionsancebrian.com\/portal\/wp-json\/wp\/v2\/media\/8391"}],"wp:attachment":[{"href":"https:\/\/www.fundacionsancebrian.com\/portal\/wp-json\/wp\/v2\/media?parent=8383"}],"wp:term":[{"taxonomy":"category","embeddable":true,"href":"https:\/\/www.fundacionsancebrian.com\/portal\/wp-json\/wp\/v2\/categories?post=8383"},{"taxonomy":"post_tag","embeddable":true,"href":"https:\/\/www.fundacionsancebrian.com\/portal\/wp-json\/wp\/v2\/tags?post=8383"}],"curies":[{"name":"wp","href":"https:\/\/api.w.org\/{rel}","templated":true}]}}