{"id":8443,"date":"2021-11-23T13:18:02","date_gmt":"2021-11-23T12:18:02","guid":{"rendered":"http:\/\/www.fundacionsancebrian.com\/portal\/?p=8443"},"modified":"2021-11-23T13:48:14","modified_gmt":"2021-11-23T12:48:14","slug":"carolina-triana-nueva-representante-de-la-plataforma-estatal-de-plena-inclusion","status":"publish","type":"post","link":"https:\/\/www.fundacionsancebrian.com\/portal\/carolina-triana-nueva-representante-de-la-plataforma-estatal-de-plena-inclusion\/","title":{"rendered":"Carolina Triana, nueva representante de la Plataforma Estatal de Plena Inclusi\u00f3n"},"content":{"rendered":"<div id=\"pl-8443\"  class=\"panel-layout\" ><div id=\"pg-8443-0\"  class=\"panel-grid panel-no-style\" ><div id=\"pgc-8443-0-0\"  class=\"panel-grid-cell\" ><div id=\"panel-8443-0-0-0\" class=\"so-panel widget widget_sow-editor panel-first-child panel-last-child\" data-index=\"0\" ><div\n\t\t\t\n\t\t\tclass=\"so-widget-sow-editor so-widget-sow-editor-base\"\n\t\t\t\n\t\t><h3 class=\"widget-title\">Sustituye en el cargo a Ver\u00f3nica Cipri\u00e1n<\/h3>\n<div class=\"siteorigin-widget-tinymce textwidget\">\n\t<p>Carolina Triana es la nueva representante del El Foro de personas con discapacidad de Plena Inclusi\u00f3n Castilla y Le\u00f3n, que es un \u00f3rgano de la federaci\u00f3n. El Foro es un \u00f3rgano de participaci\u00f3n. Esto quiere decir que el Foro no toma decisiones, pero s\u00ed da su opini\u00f3n y participa en actos de la Federaci\u00f3n. El Foro se cre\u00f3 en 2018 y est\u00e1 regulado en los estatutos de la Federaci\u00f3n. En \u00e9l participa 1 representante de cada <a href=\"http:\/\/www.fundacionsancebrian.com\/portal\/?attachment_id=8446#main\" rel=\"attachment wp-att-8446\"><img fetchpriority=\"high\" fetchpriority=\"high\" decoding=\"async\" class=\"alignright wp-image-8446 size-medium\" src=\"http:\/\/www.fundacionsancebrian.com\/portal\/wp-content\/uploads\/2021\/11\/51591652196_06cb5d260b_c-300x225.jpg\" alt=\"\" width=\"300\" height=\"225\" srcset=\"https:\/\/www.fundacionsancebrian.com\/portal\/wp-content\/uploads\/2021\/11\/51591652196_06cb5d260b_c-300x225.jpg 300w, https:\/\/www.fundacionsancebrian.com\/portal\/wp-content\/uploads\/2021\/11\/51591652196_06cb5d260b_c-768x576.jpg 768w, https:\/\/www.fundacionsancebrian.com\/portal\/wp-content\/uploads\/2021\/11\/51591652196_06cb5d260b_c.jpg 800w\" sizes=\"(max-width: 300px) 100vw, 300px\" \/><\/a> asociaci\u00f3n y se renueva cada 2 a\u00f1os.<\/p>\n<p>Las funciones del Foro son:<\/p>\n<ul>\n<li>Representar a las personas con discapacidad intelectual en toda la regi\u00f3n<\/li>\n<li>Aconsejar a la Junta Directiva sobre los temas que afectan a las personas con discapacidad intelectual.<\/li>\n<li>Representar a las personas con discapacidad intelectual en los medios de comunicaci\u00f3n.<\/li>\n<li>Hablar en nombre de las personas con discapacidad en actos de la Federaci\u00f3n<\/li>\n<li>Representar a las personas con discapacidad intelectual de toda la regi\u00f3n en la Federaci\u00f3n<\/li>\n<\/ul>\n<p>&nbsp;<\/p>\n<p>&nbsp;<\/p>\n<p>&nbsp;<\/p>\n<p>&nbsp;<\/p>\n<p>Esta noticia est\u00e1 relacionada con los siguientes ODS:<\/p>\n<p><a href=\"http:\/\/www.fundacionsancebrian.com\/portal\/las-personas-con-discapacidad-piden-un-lenguaje-claro-y-accesible-en-los-temas-judiciales\/sdg-es-10\/#main\" rel=\"attachment wp-att-4597\"><img decoding=\"async\" class=\"alignnone size-full wp-image-4597\" src=\"http:\/\/www.fundacionsancebrian.com\/portal\/wp-content\/uploads\/2018\/11\/sdg-es-10.png\" alt=\"Objetivo 10: reducir la desigualdad entre pa\u00edses.\" width=\"150\" height=\"150\" srcset=\"https:\/\/www.fundacionsancebrian.com\/portal\/wp-content\/uploads\/2018\/11\/sdg-es-10.png 150w, https:\/\/www.fundacionsancebrian.com\/portal\/wp-content\/uploads\/2018\/11\/sdg-es-10-100x100.png 100w, https:\/\/www.fundacionsancebrian.com\/portal\/wp-content\/uploads\/2018\/11\/sdg-es-10-75x75.png 75w\" sizes=\"(max-width: 150px) 100vw, 150px\" \/>\u00a0<\/a> <a href=\"http:\/\/www.fundacionsancebrian.com\/portal\/las-personas-con-discapacidad-piden-un-lenguaje-claro-y-accesible-en-los-temas-judiciales\/sdg-es-17\/#main\" rel=\"attachment wp-att-4604\"><img decoding=\"async\" class=\"alignnone size-full wp-image-4604\" src=\"http:\/\/www.fundacionsancebrian.com\/portal\/wp-content\/uploads\/2018\/11\/sdg-es-17.png\" alt=\"\" width=\"150\" height=\"150\" srcset=\"https:\/\/www.fundacionsancebrian.com\/portal\/wp-content\/uploads\/2018\/11\/sdg-es-17.png 150w, https:\/\/www.fundacionsancebrian.com\/portal\/wp-content\/uploads\/2018\/11\/sdg-es-17-100x100.png 100w, https:\/\/www.fundacionsancebrian.com\/portal\/wp-content\/uploads\/2018\/11\/sdg-es-17-75x75.png 75w\" sizes=\"(max-width: 150px) 100vw, 150px\" \/><\/a>\u00a0 <a href=\"http:\/\/www.fundacionsancebrian.com\/portal\/las-personas-con-discapacidad-piden-un-lenguaje-claro-y-accesible-en-los-temas-judiciales\/sdg-es-16\/#main\" rel=\"attachment wp-att-4603\"><img loading=\"lazy\" loading=\"lazy\" decoding=\"async\" class=\"alignnone size-full wp-image-4603\" src=\"http:\/\/www.fundacionsancebrian.com\/portal\/wp-content\/uploads\/2018\/11\/sdg-es-16.png\" alt=\"\" width=\"150\" height=\"150\" srcset=\"https:\/\/www.fundacionsancebrian.com\/portal\/wp-content\/uploads\/2018\/11\/sdg-es-16.png 150w, https:\/\/www.fundacionsancebrian.com\/portal\/wp-content\/uploads\/2018\/11\/sdg-es-16-100x100.png 100w, https:\/\/www.fundacionsancebrian.com\/portal\/wp-content\/uploads\/2018\/11\/sdg-es-16-75x75.png 75w\" sizes=\"auto, (max-width: 150px) 100vw, 150px\" \/><\/a><\/p>\n<p>&nbsp;<\/p>\n<\/div>\n<\/div><\/div><\/div><\/div><\/div>","protected":false},"excerpt":{"rendered":"<p>Carolina Triana es la nueva representante del El Foro de personas con discapacidad de Plena Inclusi\u00f3n Castilla y Le\u00f3n, que es un \u00f3rgano de la federaci\u00f3n. El Foro es un \u00f3rgano de participaci\u00f3n. Esto quiere decir que el Foro no toma decisiones, pero s\u00ed da su opini\u00f3n y participa en actos de la Federaci\u00f3n. El [&hellip;]<\/p>\n","protected":false},"author":1,"featured_media":8450,"comment_status":"open","ping_status":"open","sticky":false,"template":"","format":"standard","meta":{"_seopress_robots_primary_cat":"","_seopress_titles_title":"","_seopress_titles_desc":"","_seopress_robots_index":"","_eb_attr":"","footnotes":""},"categories":[8],"tags":[],"class_list":["post-8443","post","type-post","status-publish","format-standard","has-post-thumbnail","hentry","category-noticias","post-with-thumbnail","post-with-thumbnail-icon"],"_links":{"self":[{"href":"https:\/\/www.fundacionsancebrian.com\/portal\/wp-json\/wp\/v2\/posts\/8443","targetHints":{"allow":["GET"]}}],"collection":[{"href":"https:\/\/www.fundacionsancebrian.com\/portal\/wp-json\/wp\/v2\/posts"}],"about":[{"href":"https:\/\/www.fundacionsancebrian.com\/portal\/wp-json\/wp\/v2\/types\/post"}],"author":[{"embeddable":true,"href":"https:\/\/www.fundacionsancebrian.com\/portal\/wp-json\/wp\/v2\/users\/1"}],"replies":[{"embeddable":true,"href":"https:\/\/www.fundacionsancebrian.com\/portal\/wp-json\/wp\/v2\/comments?post=8443"}],"version-history":[{"count":6,"href":"https:\/\/www.fundacionsancebrian.com\/portal\/wp-json\/wp\/v2\/posts\/8443\/revisions"}],"predecessor-version":[{"id":8452,"href":"https:\/\/www.fundacionsancebrian.com\/portal\/wp-json\/wp\/v2\/posts\/8443\/revisions\/8452"}],"wp:featuredmedia":[{"embeddable":true,"href":"https:\/\/www.fundacionsancebrian.com\/portal\/wp-json\/wp\/v2\/media\/8450"}],"wp:attachment":[{"href":"https:\/\/www.fundacionsancebrian.com\/portal\/wp-json\/wp\/v2\/media?parent=8443"}],"wp:term":[{"taxonomy":"category","embeddable":true,"href":"https:\/\/www.fundacionsancebrian.com\/portal\/wp-json\/wp\/v2\/categories?post=8443"},{"taxonomy":"post_tag","embeddable":true,"href":"https:\/\/www.fundacionsancebrian.com\/portal\/wp-json\/wp\/v2\/tags?post=8443"}],"curies":[{"name":"wp","href":"https:\/\/api.w.org\/{rel}","templated":true}]}}