{"id":8459,"date":"2021-11-29T16:46:49","date_gmt":"2021-11-29T15:46:49","guid":{"rendered":"http:\/\/www.fundacionsancebrian.com\/portal\/?p=8459"},"modified":"2021-11-29T16:58:50","modified_gmt":"2021-11-29T15:58:50","slug":"el-grupo-fundacion-san-cebrian-invita-a-sumarse-a-la-campana-solomeimportatunombre-por-el-dia-de-la-discapacidad","status":"publish","type":"post","link":"https:\/\/www.fundacionsancebrian.com\/portal\/el-grupo-fundacion-san-cebrian-invita-a-sumarse-a-la-campana-solomeimportatunombre-por-el-dia-de-la-discapacidad\/","title":{"rendered":"El Grupo Fundaci\u00f3n San Cebri\u00e1n invita a sumarse a la Campa\u00f1a #solomeimportatunombre por el D\u00eda de la Discapacidad"},"content":{"rendered":"<div id=\"pl-8459\"  class=\"panel-layout\" ><div id=\"pg-8459-0\"  class=\"panel-grid panel-no-style\" ><div id=\"pgc-8459-0-0\"  class=\"panel-grid-cell\" ><div id=\"panel-8459-0-0-0\" class=\"so-panel widget widget_sow-editor panel-first-child panel-last-child\" data-index=\"0\" ><div\n\t\t\t\n\t\t\tclass=\"so-widget-sow-editor so-widget-sow-editor-base\"\n\t\t\t\n\t\t><h3 class=\"widget-title\">El objetivo de la campa\u00f1a, demostrar que lo importante en las personas no es su discapacidad sino su nombre, su historia de vida, sus sue\u00f1os y sus ilusiones...<\/h3>\n<div class=\"siteorigin-widget-tinymce textwidget\">\n\t<p>El pr\u00f3ximo 3 de diciembre se conmemora el D\u00eda Internacional de las Personas con Discapacidad, y es por este motivo, que el Grupo Fundaci\u00f3n San Cebri\u00e1n ha puesto en marcha la Campa\u00f1a #solomeimportatunombre para hacer ver a la sociedad que lo importante en las personas no es su discapacidad, sino su nombre, sus ideas, sus sue\u00f1os, su historia de vida, sus metas...<\/p>\n<p>Una Campa\u00f1a a la que invitan a sumarse a todos los ayuntamientos donde tiene\u00a0 servicios la entidad, tales como: San Cebri\u00e1n de Campos, Fr\u00f3mista, Carri\u00f3n de los Condes, Fr\u00f3mista, Villamuriel, Bahillo, Villarramiel... <a href=\"http:\/\/www.fundacionsancebrian.com\/portal\/?attachment_id=8460#main\" rel=\"attachment wp-att-8460\"><img fetchpriority=\"high\" fetchpriority=\"high\" decoding=\"async\" class=\"alignright wp-image-8460 size-medium\" src=\"http:\/\/www.fundacionsancebrian.com\/portal\/wp-content\/uploads\/2021\/11\/Cartel-3-diciembre-solomeimportatunombre-200x300.jpg\" alt=\"\" width=\"200\" height=\"300\" srcset=\"https:\/\/www.fundacionsancebrian.com\/portal\/wp-content\/uploads\/2021\/11\/Cartel-3-diciembre-solomeimportatunombre-200x300.jpg 200w, https:\/\/www.fundacionsancebrian.com\/portal\/wp-content\/uploads\/2021\/11\/Cartel-3-diciembre-solomeimportatunombre-683x1024.jpg 683w, https:\/\/www.fundacionsancebrian.com\/portal\/wp-content\/uploads\/2021\/11\/Cartel-3-diciembre-solomeimportatunombre-768x1152.jpg 768w, https:\/\/www.fundacionsancebrian.com\/portal\/wp-content\/uploads\/2021\/11\/Cartel-3-diciembre-solomeimportatunombre-1024x1536.jpg 1024w, https:\/\/www.fundacionsancebrian.com\/portal\/wp-content\/uploads\/2021\/11\/Cartel-3-diciembre-solomeimportatunombre-1365x2048.jpg 1365w, https:\/\/www.fundacionsancebrian.com\/portal\/wp-content\/uploads\/2021\/11\/Cartel-3-diciembre-solomeimportatunombre-scaled.jpg 1707w\" sizes=\"(max-width: 200px) 100vw, 200px\" \/><\/a>De esta manera en estas localidades se organizar\u00eda un encuentro en los puntos centrales de los pueblos y todas las personas acudir\u00edan con un papel donde llevar\u00eda escrito s\u00f3lo su nombre.<\/p>\n<p>Adem\u00e1s, la Campa\u00f1a pretende tener impacto en las redes sociales, de esta manera, durante los pr\u00f3ximos d\u00edas, todas las personas que lo deseen podr\u00e1n hacerse una foto en la que se vea un cartel con su nombre y compartirla en sus redes con el #solomeimportatunombre.<\/p>\n<p><strong>M\u00e1s actos<\/strong>. Por su parte, la entidad se suma a los actos organizados por FEDISPA en la capital palentina y ha organizado adem\u00e1s, un programa de radio en directo con una radio de personas con discapacidad de Polonia, Radio SOVO. La intenci\u00f3n de la entidad, realizar un programa de radio donde poder compartir opiniones con periodistas de otras entidades. El programa podr\u00e1 seguirse el viernes, 3 de diciembre desde las 11 horas en el Canal de Youtube del Grupo Fundaci\u00f3n San Cebri\u00e1n<\/p>\n<p>&nbsp;<\/p>\n<p>&nbsp;<\/p>\n<p>&nbsp;<\/p>\n<p>Esta noticia est\u00e1 relacionada con los siguientes ODS:<\/p>\n<p><a href=\"http:\/\/www.fundacionsancebrian.com\/portal\/las-personas-con-discapacidad-piden-un-lenguaje-claro-y-accesible-en-los-temas-judiciales\/sdg-es-10\/#main\" rel=\"attachment wp-att-4597\"><img decoding=\"async\" class=\"alignnone size-full wp-image-4597\" src=\"http:\/\/www.fundacionsancebrian.com\/portal\/wp-content\/uploads\/2018\/11\/sdg-es-10.png\" alt=\"Objetivo 10: reducir la desigualdad entre pa\u00edses.\" width=\"150\" height=\"150\" srcset=\"https:\/\/www.fundacionsancebrian.com\/portal\/wp-content\/uploads\/2018\/11\/sdg-es-10.png 150w, https:\/\/www.fundacionsancebrian.com\/portal\/wp-content\/uploads\/2018\/11\/sdg-es-10-100x100.png 100w, https:\/\/www.fundacionsancebrian.com\/portal\/wp-content\/uploads\/2018\/11\/sdg-es-10-75x75.png 75w\" sizes=\"(max-width: 150px) 100vw, 150px\" \/><\/a> <a href=\"http:\/\/www.fundacionsancebrian.com\/portal\/las-personas-con-discapacidad-piden-un-lenguaje-claro-y-accesible-en-los-temas-judiciales\/sdg-es-17\/#main\" rel=\"attachment wp-att-4604\"><img decoding=\"async\" class=\"alignnone size-full wp-image-4604\" src=\"http:\/\/www.fundacionsancebrian.com\/portal\/wp-content\/uploads\/2018\/11\/sdg-es-17.png\" alt=\"\" width=\"150\" height=\"150\" srcset=\"https:\/\/www.fundacionsancebrian.com\/portal\/wp-content\/uploads\/2018\/11\/sdg-es-17.png 150w, https:\/\/www.fundacionsancebrian.com\/portal\/wp-content\/uploads\/2018\/11\/sdg-es-17-100x100.png 100w, https:\/\/www.fundacionsancebrian.com\/portal\/wp-content\/uploads\/2018\/11\/sdg-es-17-75x75.png 75w\" sizes=\"(max-width: 150px) 100vw, 150px\" \/><\/a> <a href=\"http:\/\/www.fundacionsancebrian.com\/portal\/las-personas-con-discapacidad-piden-un-lenguaje-claro-y-accesible-en-los-temas-judiciales\/sdg-es-16\/#main\" rel=\"attachment wp-att-4603\"><img loading=\"lazy\" loading=\"lazy\" decoding=\"async\" class=\"alignnone size-full wp-image-4603\" src=\"http:\/\/www.fundacionsancebrian.com\/portal\/wp-content\/uploads\/2018\/11\/sdg-es-16.png\" alt=\"\" width=\"150\" height=\"150\" srcset=\"https:\/\/www.fundacionsancebrian.com\/portal\/wp-content\/uploads\/2018\/11\/sdg-es-16.png 150w, https:\/\/www.fundacionsancebrian.com\/portal\/wp-content\/uploads\/2018\/11\/sdg-es-16-100x100.png 100w, https:\/\/www.fundacionsancebrian.com\/portal\/wp-content\/uploads\/2018\/11\/sdg-es-16-75x75.png 75w\" sizes=\"auto, (max-width: 150px) 100vw, 150px\" \/><\/a><\/p>\n<\/div>\n<\/div><\/div><\/div><\/div><\/div>","protected":false},"excerpt":{"rendered":"<p>El pr\u00f3ximo 3 de diciembre se conmemora el D\u00eda Internacional de las Personas con Discapacidad, y es por este motivo, que el Grupo Fundaci\u00f3n San Cebri\u00e1n ha puesto en marcha la Campa\u00f1a #solomeimportatunombre para hacer ver a la sociedad que lo importante en las personas no es su discapacidad, sino su nombre, sus ideas, sus [&hellip;]<\/p>\n","protected":false},"author":1,"featured_media":8462,"comment_status":"open","ping_status":"open","sticky":false,"template":"","format":"standard","meta":{"_seopress_robots_primary_cat":"","_seopress_titles_title":"","_seopress_titles_desc":"","_seopress_robots_index":"","_eb_attr":"","footnotes":""},"categories":[8],"tags":[],"class_list":["post-8459","post","type-post","status-publish","format-standard","has-post-thumbnail","hentry","category-noticias","post-with-thumbnail","post-with-thumbnail-icon"],"_links":{"self":[{"href":"https:\/\/www.fundacionsancebrian.com\/portal\/wp-json\/wp\/v2\/posts\/8459","targetHints":{"allow":["GET"]}}],"collection":[{"href":"https:\/\/www.fundacionsancebrian.com\/portal\/wp-json\/wp\/v2\/posts"}],"about":[{"href":"https:\/\/www.fundacionsancebrian.com\/portal\/wp-json\/wp\/v2\/types\/post"}],"author":[{"embeddable":true,"href":"https:\/\/www.fundacionsancebrian.com\/portal\/wp-json\/wp\/v2\/users\/1"}],"replies":[{"embeddable":true,"href":"https:\/\/www.fundacionsancebrian.com\/portal\/wp-json\/wp\/v2\/comments?post=8459"}],"version-history":[{"count":6,"href":"https:\/\/www.fundacionsancebrian.com\/portal\/wp-json\/wp\/v2\/posts\/8459\/revisions"}],"predecessor-version":[{"id":8470,"href":"https:\/\/www.fundacionsancebrian.com\/portal\/wp-json\/wp\/v2\/posts\/8459\/revisions\/8470"}],"wp:featuredmedia":[{"embeddable":true,"href":"https:\/\/www.fundacionsancebrian.com\/portal\/wp-json\/wp\/v2\/media\/8462"}],"wp:attachment":[{"href":"https:\/\/www.fundacionsancebrian.com\/portal\/wp-json\/wp\/v2\/media?parent=8459"}],"wp:term":[{"taxonomy":"category","embeddable":true,"href":"https:\/\/www.fundacionsancebrian.com\/portal\/wp-json\/wp\/v2\/categories?post=8459"},{"taxonomy":"post_tag","embeddable":true,"href":"https:\/\/www.fundacionsancebrian.com\/portal\/wp-json\/wp\/v2\/tags?post=8459"}],"curies":[{"name":"wp","href":"https:\/\/api.w.org\/{rel}","templated":true}]}}