{"id":8502,"date":"2021-12-16T10:24:40","date_gmt":"2021-12-16T09:24:40","guid":{"rendered":"http:\/\/www.fundacionsancebrian.com\/portal\/?p=8502"},"modified":"2021-12-16T10:24:41","modified_gmt":"2021-12-16T09:24:41","slug":"la-asociacion-de-tutores-y-amigos-de-la-fundacion-san-cebrian-celebra-asamblea-ordinaria","status":"publish","type":"post","link":"https:\/\/www.fundacionsancebrian.com\/portal\/la-asociacion-de-tutores-y-amigos-de-la-fundacion-san-cebrian-celebra-asamblea-ordinaria\/","title":{"rendered":"La Asociaci\u00f3n de Tutores y Amigos de la Fundaci\u00f3n San Cebri\u00e1n celebra Asamblea Ordinaria"},"content":{"rendered":"<div id=\"pl-8502\"  class=\"panel-layout\" ><div id=\"pg-8502-0\"  class=\"panel-grid panel-no-style\" ><div id=\"pgc-8502-0-0\"  class=\"panel-grid-cell\" ><div id=\"panel-8502-0-0-0\" class=\"so-panel widget widget_sow-editor panel-first-child panel-last-child\" data-index=\"0\" ><div\n\t\t\t\n\t\t\tclass=\"so-widget-sow-editor so-widget-sow-editor-base\"\n\t\t\t\n\t\t><h3 class=\"widget-title\">La Asamblea se celebrar\u00e1 en el Centro Cultural Lecr\u00e1c<\/h3>\n<div class=\"siteorigin-widget-tinymce textwidget\">\n\t<p>La Asociaci\u00f3n de Tutores y amigos de la Fundaci\u00f3n San Cebri\u00e1n, ATACES, entidad que forma parte del Grupo Fundaci\u00f3n San Cebri\u00e1n y que representa la parte asociativa de la misma celebra esta tarde Asamblea General ordinaria y extraordinaria.<a href=\"http:\/\/www.fundacionsancebrian.com\/portal\/?attachment_id=8503#main\" rel=\"attachment wp-att-8503\"><img fetchpriority=\"high\" fetchpriority=\"high\" decoding=\"async\" class=\"alignright wp-image-8503 size-medium\" src=\"http:\/\/www.fundacionsancebrian.com\/portal\/wp-content\/uploads\/2021\/12\/39020249322_e9a3b4d3b6_k-300x200.jpg\" alt=\"\" width=\"300\" height=\"200\" srcset=\"https:\/\/www.fundacionsancebrian.com\/portal\/wp-content\/uploads\/2021\/12\/39020249322_e9a3b4d3b6_k-300x200.jpg 300w, https:\/\/www.fundacionsancebrian.com\/portal\/wp-content\/uploads\/2021\/12\/39020249322_e9a3b4d3b6_k-1024x681.jpg 1024w, https:\/\/www.fundacionsancebrian.com\/portal\/wp-content\/uploads\/2021\/12\/39020249322_e9a3b4d3b6_k-768x511.jpg 768w, https:\/\/www.fundacionsancebrian.com\/portal\/wp-content\/uploads\/2021\/12\/39020249322_e9a3b4d3b6_k-600x400.jpg 600w, https:\/\/www.fundacionsancebrian.com\/portal\/wp-content\/uploads\/2021\/12\/39020249322_e9a3b4d3b6_k-1536x1022.jpg 1536w, https:\/\/www.fundacionsancebrian.com\/portal\/wp-content\/uploads\/2021\/12\/39020249322_e9a3b4d3b6_k-272x182.jpg 272w, https:\/\/www.fundacionsancebrian.com\/portal\/wp-content\/uploads\/2021\/12\/39020249322_e9a3b4d3b6_k.jpg 2048w\" sizes=\"(max-width: 300px) 100vw, 300px\" \/><\/a><\/p>\n<p>Como cada a\u00f1o, Ataces celebra su tradicional Asamblea Ordinaria. En esta ocasi\u00f3n se celebrar\u00e1 en el Centro Cultural Lecr\u00e1c con todas las medidas de seguridad pertinente. A la cita est\u00e1n llamados todos los socios de Ataces.<\/p>\n<p>Durante la Asamblea Ordinaria\u00a0 se proceder\u00e1 a la lectura de la anterior acta; se informar\u00e1 del Plan Estrat\u00e9gico del Grupo Fundaci\u00f3n San Cebri\u00e1n 2022-2024; se avanzar\u00e1 en los presupuestos y se informar\u00e1 de asuntos de relevancia.<\/p>\n<p>Adem\u00e1s, tras la Asamblea Ordinaria se celebrar\u00e1 Asamblea Extraordinaria donde se proceder\u00e1 a la elecci\u00f3n de la nueva Junta Directiva con la renovaci\u00f3n de varios cargos. La actual Junta Directiva es la siguiente:<\/p>\n<ul>\n<li>Presidente: Tom\u00e1s Bragado<\/li>\n<li>Vicepresidente: Teodora Carde\u00f1oso<\/li>\n<li>Secretaria: Teresa Arias<\/li>\n<li>Tesorero: Daniel Cabero<\/li>\n<li>Vocal: Mari Mar Cabo<\/li>\n<li>Vocal: Leonor Ramos.<\/li>\n<li>Vocal: Agust\u00edn Hern\u00e1ndez.<\/li>\n<li>Vocal: Mar\u00eda Teresa Abril.<\/li>\n<li>Vocal: Soraya de la Fuente.<\/li>\n<\/ul>\n<p>Esta tarde se conocer\u00e1 la nueva Junta Directiva<\/p>\n<\/div>\n<\/div><\/div><\/div><\/div><\/div>","protected":false},"excerpt":{"rendered":"<p>La Asociaci\u00f3n de Tutores y amigos de la Fundaci\u00f3n San Cebri\u00e1n, ATACES, entidad que forma parte del Grupo Fundaci\u00f3n San Cebri\u00e1n y que representa la parte asociativa de la misma celebra esta tarde Asamblea General ordinaria y extraordinaria. Como cada a\u00f1o, Ataces celebra su tradicional Asamblea Ordinaria. En esta ocasi\u00f3n se celebrar\u00e1 en el Centro [&hellip;]<\/p>\n","protected":false},"author":1,"featured_media":8503,"comment_status":"open","ping_status":"open","sticky":false,"template":"","format":"standard","meta":{"_seopress_robots_primary_cat":"","_seopress_titles_title":"","_seopress_titles_desc":"","_seopress_robots_index":"","_eb_attr":"","footnotes":""},"categories":[8],"tags":[],"class_list":["post-8502","post","type-post","status-publish","format-standard","has-post-thumbnail","hentry","category-noticias","post-with-thumbnail","post-with-thumbnail-icon"],"_links":{"self":[{"href":"https:\/\/www.fundacionsancebrian.com\/portal\/wp-json\/wp\/v2\/posts\/8502","targetHints":{"allow":["GET"]}}],"collection":[{"href":"https:\/\/www.fundacionsancebrian.com\/portal\/wp-json\/wp\/v2\/posts"}],"about":[{"href":"https:\/\/www.fundacionsancebrian.com\/portal\/wp-json\/wp\/v2\/types\/post"}],"author":[{"embeddable":true,"href":"https:\/\/www.fundacionsancebrian.com\/portal\/wp-json\/wp\/v2\/users\/1"}],"replies":[{"embeddable":true,"href":"https:\/\/www.fundacionsancebrian.com\/portal\/wp-json\/wp\/v2\/comments?post=8502"}],"version-history":[{"count":4,"href":"https:\/\/www.fundacionsancebrian.com\/portal\/wp-json\/wp\/v2\/posts\/8502\/revisions"}],"predecessor-version":[{"id":8507,"href":"https:\/\/www.fundacionsancebrian.com\/portal\/wp-json\/wp\/v2\/posts\/8502\/revisions\/8507"}],"wp:featuredmedia":[{"embeddable":true,"href":"https:\/\/www.fundacionsancebrian.com\/portal\/wp-json\/wp\/v2\/media\/8503"}],"wp:attachment":[{"href":"https:\/\/www.fundacionsancebrian.com\/portal\/wp-json\/wp\/v2\/media?parent=8502"}],"wp:term":[{"taxonomy":"category","embeddable":true,"href":"https:\/\/www.fundacionsancebrian.com\/portal\/wp-json\/wp\/v2\/categories?post=8502"},{"taxonomy":"post_tag","embeddable":true,"href":"https:\/\/www.fundacionsancebrian.com\/portal\/wp-json\/wp\/v2\/tags?post=8502"}],"curies":[{"name":"wp","href":"https:\/\/api.w.org\/{rel}","templated":true}]}}