{"id":8542,"date":"2021-12-21T14:50:48","date_gmt":"2021-12-21T13:50:48","guid":{"rendered":"http:\/\/www.fundacionsancebrian.com\/portal\/?p=8542"},"modified":"2021-12-21T14:50:48","modified_gmt":"2021-12-21T13:50:48","slug":"el-curso-de-asistente-personal-impartido-en-baltanas-por-el-grupo-fundacion-san-cebrian-finaliza-con-la-formacion-de-6-alumnas","status":"publish","type":"post","link":"https:\/\/www.fundacionsancebrian.com\/portal\/el-curso-de-asistente-personal-impartido-en-baltanas-por-el-grupo-fundacion-san-cebrian-finaliza-con-la-formacion-de-6-alumnas\/","title":{"rendered":"El curso de Asistente Personal impartido en Baltan\u00e1s por el Grupo Fundaci\u00f3n San Cebri\u00e1n finaliza con la formaci\u00f3n de 6 alumnas"},"content":{"rendered":"<div id=\"pl-8542\"  class=\"panel-layout\" ><div id=\"pg-8542-0\"  class=\"panel-grid panel-no-style\" ><div id=\"pgc-8542-0-0\"  class=\"panel-grid-cell\" ><div id=\"panel-8542-0-0-0\" class=\"so-panel widget widget_sow-editor panel-first-child panel-last-child\" data-index=\"0\" ><div\n\t\t\t\n\t\t\tclass=\"so-widget-sow-editor so-widget-sow-editor-base\"\n\t\t\t\n\t\t><h3 class=\"widget-title\">El curso comenz\u00f3 el 29 de noviembre y finaliz\u00f3 el pasado el 17 de diciembre<\/h3>\n<div class=\"siteorigin-widget-tinymce textwidget\">\n\t<p>La Fundaci\u00f3n San Cebri\u00e1n ha impartido con la colaboraci\u00f3n del Ayuntamiento de Baltan\u00e1s, el curso de Asistente Personal desde el pasado 29 de noviembre al 17 de diciembre. Se han formado en total 6 mujeres, que han recibido su diploma en la clausura del curso, celebrada el pasado lunes, 20 de diciembre. A la clausura acudi\u00f3, la alcaldesa de Baltan\u00e1s, Mar\u00eda Jos\u00e9 de la Fuente; la Directora de Proyectos e Innovaci\u00f3n del Grupo Fundaci\u00f3n San Cebri\u00e1n, Mar\u00eda Jos\u00e9 Rodriguez y la trabajadora Susana Mart\u00ednez.<\/p>\n<p><img fetchpriority=\"high\" fetchpriority=\"high\" decoding=\"async\" class=\"wp-image-8543 size-medium alignright\" src=\"http:\/\/www.fundacionsancebrian.com\/portal\/wp-content\/uploads\/2021\/12\/curso-AP-BALTANAS-300x276.jpg\" alt=\"\" width=\"300\" height=\"276\" srcset=\"https:\/\/www.fundacionsancebrian.com\/portal\/wp-content\/uploads\/2021\/12\/curso-AP-BALTANAS-300x276.jpg 300w, https:\/\/www.fundacionsancebrian.com\/portal\/wp-content\/uploads\/2021\/12\/curso-AP-BALTANAS-1024x940.jpg 1024w, https:\/\/www.fundacionsancebrian.com\/portal\/wp-content\/uploads\/2021\/12\/curso-AP-BALTANAS-768x705.jpg 768w, https:\/\/www.fundacionsancebrian.com\/portal\/wp-content\/uploads\/2021\/12\/curso-AP-BALTANAS.jpg 1029w\" sizes=\"(max-width: 300px) 100vw, 300px\" \/><\/p>\n<p>La Asistencia Personal es el recurso de apoyo para la vida independiente y el desarrollo del Proyecto de vida de cada persona en su entorno.\u00a0<span data-ccp-props=\"{&quot;201341983&quot;:0,&quot;335551550&quot;:6,&quot;335551620&quot;:6,&quot;335559739&quot;:160,&quot;335559740&quot;:276}\">\u00a0<\/span>Es un recurso\u00a0que figura\u00a0en\u00a0la cartera de servicios sociales\u00a0acompa\u00f1ada de una prestaci\u00f3n econ\u00f3mica\u00a0y que cada d\u00eda cobra mayor relevancia en la atenci\u00f3n personalizada de las personas dependientes.\u00a0<span data-ccp-props=\"{&quot;201341983&quot;:0,&quot;335551550&quot;:6,&quot;335551620&quot;:6,&quot;335559739&quot;:160,&quot;335559740&quot;:276}\">\u00a0<\/span><\/p>\n<p>Los asistentes personales prestan los apoyos necesarios para que cada persona con discapacidad\u00a0intelectual y\/o dependiente pueda llevar una vida con mayor\u00a0autonom\u00eda personal,\u00a0autodeterminaci\u00f3n, toma de decisiones plena\u00a0y disfrutar de un empoderamiento real en cualquier contexto de su vida.<span data-ccp-props=\"{&quot;201341983&quot;:0,&quot;335551550&quot;:6,&quot;335551620&quot;:6,&quot;335559739&quot;:160,&quot;335559740&quot;:276}\">\u00a0<\/span><\/p>\n<p><span data-contrast=\"auto\">Ante una sociedad cada vez m\u00e1s individualista, su figura es muy importante para prevenir esa temible soledad de las personas mayores y dependientes. Acompa\u00f1a, comparte,\u00a0apoya \u2026el d\u00eda a d\u00eda de cada uno.<\/span><span data-ccp-props=\"{&quot;201341983&quot;:0,&quot;335551550&quot;:6,&quot;335551620&quot;:6,&quot;335559739&quot;:160,&quot;335559740&quot;:276}\">\u00a0<\/span><\/p>\n<p>Los m\u00f3dulos y contenidos durante el curso: Fundamentos vida independiente; asistencia personal; personas dependientes: discapacidad y personas mayores; aspectos \u00e9ticos y confidencialidad; aspectos legales y jur\u00eddicos de la asistencia personal y por \u00faltimo, introducci\u00f3n a los proyectos de apoyo; primero auxilios y herramientas para la prevenci\u00f3n.<\/p>\n\n\t\t<style type=\"text\/css\">\n\t\t\t#gallery-1 {\n\t\t\t\tmargin: auto;\n\t\t\t}\n\t\t\t#gallery-1 .gallery-item {\n\t\t\t\tfloat: left;\n\t\t\t\tmargin-top: 10px;\n\t\t\t\ttext-align: center;\n\t\t\t\twidth: 33%;\n\t\t\t}\n\t\t\t#gallery-1 img {\n\t\t\t\tborder: 2px solid #cfcfcf;\n\t\t\t}\n\t\t\t#gallery-1 .gallery-caption {\n\t\t\t\tmargin-left: 0;\n\t\t\t}\n\t\t\t\/* see gallery_shortcode() in wp-includes\/media.php *\/\n\t\t<\/style>\n\t\t<div id='gallery-1' class='gallery galleryid-8542 gallery-columns-3 gallery-size-thumbnail'><dl class='gallery-item'>\n\t\t\t<dt class='gallery-icon portrait'>\n\t\t\t\t<a href='https:\/\/www.fundacionsancebrian.com\/portal\/el-curso-de-asistente-personal-impartido-en-baltanas-por-el-grupo-fundacion-san-cebrian-finaliza-con-la-formacion-de-6-alumnas\/attachment\/1640083801122\/#main'><img decoding=\"async\" width=\"150\" height=\"150\" src=\"https:\/\/www.fundacionsancebrian.com\/portal\/wp-content\/uploads\/2021\/12\/1640083801122-150x150.jpg\" class=\"attachment-thumbnail size-thumbnail\" alt=\"\" aria-describedby=\"gallery-1-8545\" \/><\/a>\n\t\t\t<\/dt>\n\t\t\t\t<dd class='wp-caption-text gallery-caption' id='gallery-1-8545'>\n\t\t\t\tEntrega diplomas\n\t\t\t\t<\/dd><\/dl><dl class='gallery-item'>\n\t\t\t<dt class='gallery-icon portrait'>\n\t\t\t\t<a href='https:\/\/www.fundacionsancebrian.com\/portal\/el-curso-de-asistente-personal-impartido-en-baltanas-por-el-grupo-fundacion-san-cebrian-finaliza-con-la-formacion-de-6-alumnas\/attachment\/1640083801095\/#main'><img decoding=\"async\" width=\"150\" height=\"150\" src=\"https:\/\/www.fundacionsancebrian.com\/portal\/wp-content\/uploads\/2021\/12\/1640083801095-150x150.jpg\" class=\"attachment-thumbnail size-thumbnail\" alt=\"\" aria-describedby=\"gallery-1-8546\" \/><\/a>\n\t\t\t<\/dt>\n\t\t\t\t<dd class='wp-caption-text gallery-caption' id='gallery-1-8546'>\n\t\t\t\tEntrega diplomas\n\t\t\t\t<\/dd><\/dl><dl class='gallery-item'>\n\t\t\t<dt class='gallery-icon portrait'>\n\t\t\t\t<a href='https:\/\/www.fundacionsancebrian.com\/portal\/el-curso-de-asistente-personal-impartido-en-baltanas-por-el-grupo-fundacion-san-cebrian-finaliza-con-la-formacion-de-6-alumnas\/attachment\/1640083801111\/#main'><img loading=\"lazy\" decoding=\"async\" width=\"150\" height=\"150\" src=\"https:\/\/www.fundacionsancebrian.com\/portal\/wp-content\/uploads\/2021\/12\/1640083801111-150x150.jpg\" class=\"attachment-thumbnail size-thumbnail\" alt=\"\" aria-describedby=\"gallery-1-8547\" \/><\/a>\n\t\t\t<\/dt>\n\t\t\t\t<dd class='wp-caption-text gallery-caption' id='gallery-1-8547'>\n\t\t\t\tEntrega diplomas\n\t\t\t\t<\/dd><\/dl><br style=\"clear: both\" \/><dl class='gallery-item'>\n\t\t\t<dt class='gallery-icon portrait'>\n\t\t\t\t<a href='https:\/\/www.fundacionsancebrian.com\/portal\/el-curso-de-asistente-personal-impartido-en-baltanas-por-el-grupo-fundacion-san-cebrian-finaliza-con-la-formacion-de-6-alumnas\/attachment\/1640083801081\/#main'><img loading=\"lazy\" decoding=\"async\" width=\"150\" height=\"150\" src=\"https:\/\/www.fundacionsancebrian.com\/portal\/wp-content\/uploads\/2021\/12\/1640083801081-150x150.jpg\" class=\"attachment-thumbnail size-thumbnail\" alt=\"\" aria-describedby=\"gallery-1-8548\" \/><\/a>\n\t\t\t<\/dt>\n\t\t\t\t<dd class='wp-caption-text gallery-caption' id='gallery-1-8548'>\n\t\t\t\tEntrega diplomas\n\t\t\t\t<\/dd><\/dl><dl class='gallery-item'>\n\t\t\t<dt class='gallery-icon landscape'>\n\t\t\t\t<a href='https:\/\/www.fundacionsancebrian.com\/portal\/el-curso-de-asistente-personal-impartido-en-baltanas-por-el-grupo-fundacion-san-cebrian-finaliza-con-la-formacion-de-6-alumnas\/curso-ap-baltanas\/#main'><img loading=\"lazy\" decoding=\"async\" width=\"150\" height=\"150\" src=\"https:\/\/www.fundacionsancebrian.com\/portal\/wp-content\/uploads\/2021\/12\/curso-AP-BALTANAS-150x150.jpg\" class=\"attachment-thumbnail size-thumbnail\" alt=\"\" aria-describedby=\"gallery-1-8543\" \/><\/a>\n\t\t\t<\/dt>\n\t\t\t\t<dd class='wp-caption-text gallery-caption' id='gallery-1-8543'>\n\t\t\t\tAlumnas del Curso\n\t\t\t\t<\/dd><\/dl>\n\t\t\t<br style='clear: both' \/>\n\t\t<\/div>\n\n<p>&nbsp;<\/p>\n<p>&nbsp;<\/p>\n<\/div>\n<\/div><\/div><\/div><\/div><\/div>","protected":false},"excerpt":{"rendered":"<p>La Fundaci\u00f3n San Cebri\u00e1n ha impartido con la colaboraci\u00f3n del Ayuntamiento de Baltan\u00e1s, el curso de Asistente Personal desde el pasado 29 de noviembre al 17 de diciembre. Se han formado en total 6 mujeres, que han recibido su diploma en la clausura del curso, celebrada el pasado lunes, 20 de diciembre. A la clausura [&hellip;]<\/p>\n","protected":false},"author":1,"featured_media":8543,"comment_status":"open","ping_status":"open","sticky":false,"template":"","format":"standard","meta":{"_seopress_robots_primary_cat":"","_seopress_titles_title":"","_seopress_titles_desc":"","_seopress_robots_index":"","_eb_attr":"","footnotes":""},"categories":[8],"tags":[],"class_list":["post-8542","post","type-post","status-publish","format-standard","has-post-thumbnail","hentry","category-noticias","post-with-thumbnail","post-with-thumbnail-icon"],"_links":{"self":[{"href":"https:\/\/www.fundacionsancebrian.com\/portal\/wp-json\/wp\/v2\/posts\/8542","targetHints":{"allow":["GET"]}}],"collection":[{"href":"https:\/\/www.fundacionsancebrian.com\/portal\/wp-json\/wp\/v2\/posts"}],"about":[{"href":"https:\/\/www.fundacionsancebrian.com\/portal\/wp-json\/wp\/v2\/types\/post"}],"author":[{"embeddable":true,"href":"https:\/\/www.fundacionsancebrian.com\/portal\/wp-json\/wp\/v2\/users\/1"}],"replies":[{"embeddable":true,"href":"https:\/\/www.fundacionsancebrian.com\/portal\/wp-json\/wp\/v2\/comments?post=8542"}],"version-history":[{"count":2,"href":"https:\/\/www.fundacionsancebrian.com\/portal\/wp-json\/wp\/v2\/posts\/8542\/revisions"}],"predecessor-version":[{"id":8549,"href":"https:\/\/www.fundacionsancebrian.com\/portal\/wp-json\/wp\/v2\/posts\/8542\/revisions\/8549"}],"wp:featuredmedia":[{"embeddable":true,"href":"https:\/\/www.fundacionsancebrian.com\/portal\/wp-json\/wp\/v2\/media\/8543"}],"wp:attachment":[{"href":"https:\/\/www.fundacionsancebrian.com\/portal\/wp-json\/wp\/v2\/media?parent=8542"}],"wp:term":[{"taxonomy":"category","embeddable":true,"href":"https:\/\/www.fundacionsancebrian.com\/portal\/wp-json\/wp\/v2\/categories?post=8542"},{"taxonomy":"post_tag","embeddable":true,"href":"https:\/\/www.fundacionsancebrian.com\/portal\/wp-json\/wp\/v2\/tags?post=8542"}],"curies":[{"name":"wp","href":"https:\/\/api.w.org\/{rel}","templated":true}]}}