{"id":8551,"date":"2021-12-23T13:47:06","date_gmt":"2021-12-23T12:47:06","guid":{"rendered":"http:\/\/www.fundacionsancebrian.com\/portal\/?p=8551"},"modified":"2021-12-23T13:47:06","modified_gmt":"2021-12-23T12:47:06","slug":"el-grupo-fundacion-san-cebrian-entrega-los-premios-del-viii-certamen-de-relatos-navidenos-al-que-se-presentaron-mas-de-120-cuentos","status":"publish","type":"post","link":"https:\/\/www.fundacionsancebrian.com\/portal\/el-grupo-fundacion-san-cebrian-entrega-los-premios-del-viii-certamen-de-relatos-navidenos-al-que-se-presentaron-mas-de-120-cuentos\/","title":{"rendered":"El Grupo Fundaci\u00f3n San Cebri\u00e1n entrega los premios del VIII Certamen de Relatos Navide\u00f1os al que se presentaron m\u00e1s de 120 cuentos"},"content":{"rendered":"<div id=\"pl-8551\"  class=\"panel-layout\" ><div id=\"pg-8551-0\"  class=\"panel-grid panel-no-style\" ><div id=\"pgc-8551-0-0\"  class=\"panel-grid-cell\" ><div id=\"panel-8551-0-0-0\" class=\"so-panel widget widget_sow-editor panel-first-child panel-last-child\" data-index=\"0\" ><div\n\t\t\t\n\t\t\tclass=\"so-widget-sow-editor so-widget-sow-editor-base\"\n\t\t\t\n\t\t>\n<div class=\"siteorigin-widget-tinymce textwidget\">\n\t<p>El Grupo Fundaci\u00f3n San Cebri\u00e1n ha entregado esta ma\u00f1ana en un acto, organizado de forma online, los premios de su VIII Certamen de Relatos Navide\u00f1os 2021, un certamen que pretende fomentar la participaci\u00f3n de todas las personas en el certamen y lograr la inclusi\u00f3n de la sociedad, permitiendo la participaci\u00f3n de alumnos de los distintos centros escolares de la provincia.\u00a0 <a href=\"http:\/\/www.fundacionsancebrian.com\/portal\/?attachment_id=8552#main\" rel=\"attachment wp-att-8552\"><img fetchpriority=\"high\" fetchpriority=\"high\" decoding=\"async\" class=\"alignright wp-image-8552 size-medium\" src=\"http:\/\/www.fundacionsancebrian.com\/portal\/wp-content\/uploads\/2021\/12\/entrega-relatos-navidad-300x225.jpg\" alt=\"\" width=\"300\" height=\"225\" srcset=\"https:\/\/www.fundacionsancebrian.com\/portal\/wp-content\/uploads\/2021\/12\/entrega-relatos-navidad-300x225.jpg 300w, https:\/\/www.fundacionsancebrian.com\/portal\/wp-content\/uploads\/2021\/12\/entrega-relatos-navidad-1024x768.jpg 1024w, https:\/\/www.fundacionsancebrian.com\/portal\/wp-content\/uploads\/2021\/12\/entrega-relatos-navidad-768x576.jpg 768w, https:\/\/www.fundacionsancebrian.com\/portal\/wp-content\/uploads\/2021\/12\/entrega-relatos-navidad-1536x1152.jpg 1536w, https:\/\/www.fundacionsancebrian.com\/portal\/wp-content\/uploads\/2021\/12\/entrega-relatos-navidad.jpg 2048w\" sizes=\"(max-width: 300px) 100vw, 300px\" \/><\/a><\/p>\n<p>Este a\u00f1o se han recibido un total de 124 relatos, de los que 82 corresponden a alumnos de centros educativos de la provincia, como Jorge Manrique; Clara Campoamor de Villalob\u00f3n, Filipenses, Dominicas, Tello T\u00e9llez y Santo \u00c1ngel.<\/p>\n<p>Los ganadores en las distintas categor\u00edas:<\/p>\n<p>&nbsp;<\/p>\n<p><strong>Categor\u00eda I. persona sin necesidad de apoyos en las redacci\u00f3n del relato: <\/strong><\/p>\n<ol>\n<li>Primer premio. \u2018Mu\u00f1eco\u2019 de Isabel Bouza del servicio ocupacional de Carri\u00f3n de los Condes.<\/li>\n<li>Segundo premio. \u2018Felicidad\u2019 de Dionisio Abia del servicio ocupacional de San Cebri\u00e1n de Campos.<\/li>\n<\/ol>\n<p><strong>II categor\u00eda. Persona apadrinada con el apoyo de su madrino o padrino. <\/strong><\/p>\n<ol>\n<li>Primer premio. \u2018Enanitos del Bosque\u2019 de Andr\u00e9s Garc\u00eda del servicio ocupacional de San Cebri\u00e1n de Campos.<\/li>\n<li>Segundo Premio. \u2018El momento es lo importante\u2019 de Anunciaci\u00f3n Ampudia del servicio ocupacional de Carri\u00f3n de los Condes.<\/li>\n<\/ol>\n<p><strong>III categor\u00eda. Persona con apoyo de su familia <\/strong><\/p>\n<ol>\n<li>Primer premio. \u2018Perdida en navidad\u2019 de Marciano Carde\u00f1oso<\/li>\n<\/ol>\n<p><strong>IV categor\u00eda. Familiares y socios<\/strong><\/p>\n<ol>\n<li>\u2018H\u00e9roe por sorpresa\u2019 de Mario Carde\u00f1oso<\/li>\n<\/ol>\n<p><strong>V Categor\u00eda. Centros educativos <\/strong><\/p>\n<p>Primer premio. \u2018Un h\u00e9roe con gafas\u2019 de Adri\u00e1n Gonz\u00e1lez<\/p>\n<p>Segundo Premio. \u2018La mirada y un \u00e1rbol singular\u2019 de Marcos Dos Santos<\/p>\n<p>Acc\u00e9sit al mensaje. \u2018La lectora\u2019 de L\u00eda Celada<\/p>\n<p>Acc\u00e9sit a la inclusi\u00f3n. \u2018Una persona con discapacidad y su amigo\u2019 de Carmen Gonz\u00e1lez<\/p>\n<p>Acc\u00e9sit a la ilustraci\u00f3n. \u2018El ni\u00f1o y el mu\u00f1eco de nieve\u2019 de In\u00e9s Villacorta.<\/p>\n<p>&nbsp;<\/p>\n<p>Lee los relatos en el siguiente enlace<\/p>\n<p><a href=\"https:\/\/drive.google.com\/drive\/folders\/13DX1q25rk0r6u6lMKYzGxV5Uld5UQ8jx?usp=sharing\">https:\/\/drive.google.com\/drive\/folders\/13DX1q25rk0r6u6lMKYzGxV5Uld5UQ8jx?usp=sharing<\/a><\/p>\n<p>&nbsp;<\/p>\n<p>&nbsp;<\/p>\n<p>&nbsp;<\/p>\n<p>&nbsp;<\/p>\n<p>&nbsp;<\/p>\n<p>&nbsp;<\/p>\n<p>&nbsp;<\/p>\n<p>&nbsp;<\/p>\n<p>&nbsp;<\/p>\n<\/div>\n<\/div><\/div><\/div><\/div><\/div>","protected":false},"excerpt":{"rendered":"<p>El Grupo Fundaci\u00f3n San Cebri\u00e1n ha entregado esta ma\u00f1ana en un acto, organizado de forma online, los premios de su VIII Certamen de Relatos Navide\u00f1os 2021, un certamen que pretende fomentar la participaci\u00f3n de todas las personas en el certamen y lograr la inclusi\u00f3n de la sociedad, permitiendo la participaci\u00f3n de alumnos de los distintos [&hellip;]<\/p>\n","protected":false},"author":1,"featured_media":8552,"comment_status":"open","ping_status":"open","sticky":false,"template":"","format":"standard","meta":{"_seopress_robots_primary_cat":"","_seopress_titles_title":"","_seopress_titles_desc":"","_seopress_robots_index":"","_eb_attr":"","footnotes":""},"categories":[8],"tags":[],"class_list":["post-8551","post","type-post","status-publish","format-standard","has-post-thumbnail","hentry","category-noticias","post-with-thumbnail","post-with-thumbnail-icon"],"_links":{"self":[{"href":"https:\/\/www.fundacionsancebrian.com\/portal\/wp-json\/wp\/v2\/posts\/8551","targetHints":{"allow":["GET"]}}],"collection":[{"href":"https:\/\/www.fundacionsancebrian.com\/portal\/wp-json\/wp\/v2\/posts"}],"about":[{"href":"https:\/\/www.fundacionsancebrian.com\/portal\/wp-json\/wp\/v2\/types\/post"}],"author":[{"embeddable":true,"href":"https:\/\/www.fundacionsancebrian.com\/portal\/wp-json\/wp\/v2\/users\/1"}],"replies":[{"embeddable":true,"href":"https:\/\/www.fundacionsancebrian.com\/portal\/wp-json\/wp\/v2\/comments?post=8551"}],"version-history":[{"count":6,"href":"https:\/\/www.fundacionsancebrian.com\/portal\/wp-json\/wp\/v2\/posts\/8551\/revisions"}],"predecessor-version":[{"id":8558,"href":"https:\/\/www.fundacionsancebrian.com\/portal\/wp-json\/wp\/v2\/posts\/8551\/revisions\/8558"}],"wp:featuredmedia":[{"embeddable":true,"href":"https:\/\/www.fundacionsancebrian.com\/portal\/wp-json\/wp\/v2\/media\/8552"}],"wp:attachment":[{"href":"https:\/\/www.fundacionsancebrian.com\/portal\/wp-json\/wp\/v2\/media?parent=8551"}],"wp:term":[{"taxonomy":"category","embeddable":true,"href":"https:\/\/www.fundacionsancebrian.com\/portal\/wp-json\/wp\/v2\/categories?post=8551"},{"taxonomy":"post_tag","embeddable":true,"href":"https:\/\/www.fundacionsancebrian.com\/portal\/wp-json\/wp\/v2\/tags?post=8551"}],"curies":[{"name":"wp","href":"https:\/\/api.w.org\/{rel}","templated":true}]}}