{"id":8583,"date":"2022-01-10T16:28:53","date_gmt":"2022-01-10T15:28:53","guid":{"rendered":"http:\/\/www.fundacionsancebrian.com\/portal\/?p=8583"},"modified":"2022-01-17T13:38:12","modified_gmt":"2022-01-17T12:38:12","slug":"la-revista-explicate-y-dilo-del-grupo-fundacion-san-cebrian-adaptada-a-lectura-facil-ya-puede-consultarse","status":"publish","type":"post","link":"https:\/\/www.fundacionsancebrian.com\/portal\/la-revista-explicate-y-dilo-del-grupo-fundacion-san-cebrian-adaptada-a-lectura-facil-ya-puede-consultarse\/","title":{"rendered":"La Revista &#8216;Expl\u00edcate y Dilo&#8217; del Grupo Fundaci\u00f3n San Cebri\u00e1n adaptada a lectura f\u00e1cil ya puede consultarse"},"content":{"rendered":"<div id=\"pl-8583\"  class=\"panel-layout\" ><div id=\"pg-8583-0\"  class=\"panel-grid panel-no-style\" ><div id=\"pgc-8583-0-0\"  class=\"panel-grid-cell panel-grid-cell-mobile-last\" ><div id=\"panel-8583-0-0-0\" class=\"so-panel widget widget_sow-image panel-first-child\" data-index=\"0\" ><div class=\"panel-widget-style panel-widget-style-for-8583-0-0-0\" ><div\n\t\t\t\n\t\t\tclass=\"so-widget-sow-image so-widget-sow-image-default-4e6925654b7a-8583\"\n\t\t\t\n\t\t>\n<div class=\"sow-image-container\">\n\t\t<img \n\tsrc=\"https:\/\/www.fundacionsancebrian.com\/portal\/wp-content\/uploads\/2019\/12\/EtR3-e1575535111209.png\" width=\"250\" height=\"50\" sizes=\"(max-width: 250px) 100vw, 250px\" title=\"EtR3\" alt=\"\" \t\tclass=\"so-widget-image\"\/>\n\t<\/div>\n\n<\/div><\/div><\/div><div id=\"panel-8583-0-0-1\" class=\"so-panel widget widget_sow-editor panel-last-child\" data-index=\"1\" ><div class=\"panel-widget-style panel-widget-style-for-8583-0-0-1\" ><div\n\t\t\t\n\t\t\tclass=\"so-widget-sow-editor so-widget-sow-editor-base\"\n\t\t\t\n\t\t>\n<div class=\"siteorigin-widget-tinymce textwidget\">\n\t<div style=\"font-size: 18px; line-height: 1.8em; font-family: Arial;\">\n<p><strong>Ya puedes leer la revista Expl\u00edcate y dilo<\/strong><\/p>\n<p>La revista Expl\u00edcate y dilo ya est\u00e1 en papel<br \/>\ny est\u00e1 adaptada en Lectura F\u00e1cil.<\/p>\n<p>La revista tiene m\u00e1s de 45 p\u00e1ginas.<\/p>\n<p>En la revista hay historias<br \/>\nde los servicios de la Fundaci\u00f3n durante el a\u00f1o 2021.<\/p>\n<p>Este a\u00f1o el grupo de delegados de la Fundaci\u00f3n<br \/>\nparticip\u00f3 en la revista.<\/p>\n<p>Los delegados han entrevistado a trabajadores y usuarios de la Fundaci\u00f3n.<\/p>\n<\/div>\n<\/div>\n<\/div><\/div><\/div><\/div><div id=\"pgc-8583-0-1\"  class=\"panel-grid-cell panel-grid-cell-empty\" ><\/div><\/div><div id=\"pg-8583-1\"  class=\"panel-grid panel-no-style\" ><div id=\"pgc-8583-1-0\"  class=\"panel-grid-cell\" ><div id=\"panel-8583-1-0-0\" class=\"so-panel widget widget_sow-editor panel-first-child\" data-index=\"2\" ><div\n\t\t\t\n\t\t\tclass=\"so-widget-sow-editor so-widget-sow-editor-base\"\n\t\t\t\n\t\t>\n<div class=\"siteorigin-widget-tinymce textwidget\">\n\t<h1>La revista consta de 48 p\u00e1ginas con art\u00edculos, fotos y anuncios de los servicios de la entidad<\/h1>\n<p><a href=\"http:\/\/www.fundacionsancebrian.com\/portal\/wp-content\/uploads\/2022\/01\/Captura-e1641827175308.png\"><img fetchpriority=\"high\" fetchpriority=\"high\" decoding=\"async\" class=\"alignright wp-image-8585\" src=\"http:\/\/www.fundacionsancebrian.com\/portal\/wp-content\/uploads\/2022\/01\/Captura-e1641827175308-300x259.png\" alt=\"\" width=\"300\" height=\"259\" srcset=\"https:\/\/www.fundacionsancebrian.com\/portal\/wp-content\/uploads\/2022\/01\/Captura-e1641827175308-300x259.png 300w, https:\/\/www.fundacionsancebrian.com\/portal\/wp-content\/uploads\/2022\/01\/Captura-e1641827175308.png 654w\" sizes=\"(max-width: 300px) 100vw, 300px\" \/><\/a>El Grupo Fundaci\u00f3n San Cebri\u00e1n ha vuelto a editar su revista Expl\u00edcate y dilo, un documento con m\u00e1s de 45 p\u00e1ginas en los que aparecen historias y vivencias de cada uno de los servicios de la entidad durante el\u00a0 2021.<\/p>\n<p>Un recorrido por las viviendas, por los servicios ocupacionales, servicios de d\u00eda, empleo, educaci\u00f3n, formaci\u00f3n\u2026<\/p>\n<p>Adem\u00e1s, este a\u00f1o la revista ha contado con nuevos redactores y es que pr\u00e1cticamente todos los art\u00edculos han sido elaborados por el grupo de delegados del Grupo Fundaci\u00f3n San Cebri\u00e1n.<\/p>\n<\/div>\n<\/div><\/div><div id=\"panel-8583-1-0-1\" class=\"so-panel widget widget_sow-editor\" data-index=\"3\" ><div\n\t\t\t\n\t\t\tclass=\"so-widget-sow-editor so-widget-sow-editor-base\"\n\t\t\t\n\t\t>\n<div class=\"siteorigin-widget-tinymce textwidget\">\n\t<p>Galer\u00eda:<\/p>\n\n\t\t<style type=\"text\/css\">\n\t\t\t#gallery-1 {\n\t\t\t\tmargin: auto;\n\t\t\t}\n\t\t\t#gallery-1 .gallery-item {\n\t\t\t\tfloat: left;\n\t\t\t\tmargin-top: 10px;\n\t\t\t\ttext-align: center;\n\t\t\t\twidth: 33%;\n\t\t\t}\n\t\t\t#gallery-1 img {\n\t\t\t\tborder: 2px solid #cfcfcf;\n\t\t\t}\n\t\t\t#gallery-1 .gallery-caption {\n\t\t\t\tmargin-left: 0;\n\t\t\t}\n\t\t\t\/* see gallery_shortcode() in wp-includes\/media.php *\/\n\t\t<\/style>\n\t\t<div id='gallery-1' class='gallery galleryid-8583 gallery-columns-3 gallery-size-thumbnail'><dl class='gallery-item'>\n\t\t\t<dt class='gallery-icon portrait'>\n\t\t\t\t<a href='https:\/\/www.fundacionsancebrian.com\/portal\/la-revista-explicate-y-dilo-del-grupo-fundacion-san-cebrian-adaptada-a-lectura-facil-ya-puede-consultarse\/captura1\/#main'><img loading=\"lazy\" decoding=\"async\" width=\"150\" height=\"150\" src=\"https:\/\/www.fundacionsancebrian.com\/portal\/wp-content\/uploads\/2022\/01\/Captura1-150x150.png\" class=\"attachment-thumbnail size-thumbnail\" alt=\"\" \/><\/a>\n\t\t\t<\/dt><\/dl><dl class='gallery-item'>\n\t\t\t<dt class='gallery-icon portrait'>\n\t\t\t\t<a href='https:\/\/www.fundacionsancebrian.com\/portal\/la-revista-explicate-y-dilo-del-grupo-fundacion-san-cebrian-adaptada-a-lectura-facil-ya-puede-consultarse\/captura-11\/#main'><img loading=\"lazy\" decoding=\"async\" width=\"150\" height=\"150\" src=\"https:\/\/www.fundacionsancebrian.com\/portal\/wp-content\/uploads\/2022\/01\/Captura-1-150x150.png\" class=\"attachment-thumbnail size-thumbnail\" alt=\"\" \/><\/a>\n\t\t\t<\/dt><\/dl><dl class='gallery-item'>\n\t\t\t<dt class='gallery-icon portrait'>\n\t\t\t\t<a href='https:\/\/www.fundacionsancebrian.com\/portal\/la-revista-explicate-y-dilo-del-grupo-fundacion-san-cebrian-adaptada-a-lectura-facil-ya-puede-consultarse\/captura-12\/#main'><img loading=\"lazy\" decoding=\"async\" width=\"150\" height=\"150\" src=\"https:\/\/www.fundacionsancebrian.com\/portal\/wp-content\/uploads\/2022\/01\/Captura-2-150x150.png\" class=\"attachment-thumbnail size-thumbnail\" alt=\"\" \/><\/a>\n\t\t\t<\/dt><\/dl><br style=\"clear: both\" \/>\n\t\t<\/div>\n\n<p><a href=\"http:\/\/www.fundacionsancebrian.com\/portal\/?attachment_id=8587#main\" rel=\"attachment wp-att-8587\">\u00a0 \u00a0 \u00a0 \u00a0 \u00a0 \u00a0 \u00a0 \u00a0 \u00a0 \u00a0 \u00a0 \u00a0 \u00a0 \u00a0 \u00a0<\/a><\/p>\n<p>Si quieres consultar la revista\u00a0\u00a0<a href=\"https:\/\/issuu.com\/fundacionsancebrian\/docs\/revista_completa\">https:\/\/issuu.com\/fundacionsancebrian\/docs\/revista_completa<\/a><\/p>\n<\/div>\n<\/div><\/div><div id=\"panel-8583-1-0-2\" class=\"so-panel widget widget_sow-editor panel-last-child\" data-index=\"4\" ><div\n\t\t\t\n\t\t\tclass=\"so-widget-sow-editor so-widget-sow-editor-base\"\n\t\t\t\n\t\t>\n<div class=\"siteorigin-widget-tinymce textwidget\">\n\t<p>Los\u00a0<strong>Objetivos del Desarrollo Sostenible 2030<\/strong>\u00a0a los que este proyecto contribuye son:<\/p>\n<p><a href=\"http:\/\/www.fundacionsancebrian.com\/portal\/wp-content\/uploads\/2018\/11\/sdg-es-10.png\"><img decoding=\"async\" class=\"size-full wp-image-4597 alignleft\" src=\"http:\/\/www.fundacionsancebrian.com\/portal\/wp-content\/uploads\/2018\/11\/sdg-es-10.png\" alt=\"Objetivo 10: reducir la desigualdad entre pa\u00edses.\" width=\"150\" height=\"150\" srcset=\"https:\/\/www.fundacionsancebrian.com\/portal\/wp-content\/uploads\/2018\/11\/sdg-es-10.png 150w, https:\/\/www.fundacionsancebrian.com\/portal\/wp-content\/uploads\/2018\/11\/sdg-es-10-100x100.png 100w, https:\/\/www.fundacionsancebrian.com\/portal\/wp-content\/uploads\/2018\/11\/sdg-es-10-75x75.png 75w\" sizes=\"(max-width: 150px) 100vw, 150px\" \/><\/a><\/p>\n<\/div>\n<\/div><\/div><\/div><\/div><\/div>","protected":false},"excerpt":{"rendered":"<p>Ya puedes leer la revista Expl\u00edcate y dilo La revista Expl\u00edcate y dilo ya est\u00e1 en papel y est\u00e1 adaptada en Lectura F\u00e1cil. La revista tiene m\u00e1s de 45 p\u00e1ginas. En la revista hay historias de los servicios de la Fundaci\u00f3n durante el a\u00f1o 2021. Este a\u00f1o el grupo de delegados de la Fundaci\u00f3n particip\u00f3 [&hellip;]<\/p>\n","protected":false},"author":1,"featured_media":8585,"comment_status":"open","ping_status":"open","sticky":false,"template":"","format":"standard","meta":{"_seopress_robots_primary_cat":"","_seopress_titles_title":"","_seopress_titles_desc":"","_seopress_robots_index":"","_eb_attr":"","footnotes":""},"categories":[8],"tags":[],"class_list":["post-8583","post","type-post","status-publish","format-standard","has-post-thumbnail","hentry","category-noticias","post-with-thumbnail","post-with-thumbnail-icon"],"_links":{"self":[{"href":"https:\/\/www.fundacionsancebrian.com\/portal\/wp-json\/wp\/v2\/posts\/8583","targetHints":{"allow":["GET"]}}],"collection":[{"href":"https:\/\/www.fundacionsancebrian.com\/portal\/wp-json\/wp\/v2\/posts"}],"about":[{"href":"https:\/\/www.fundacionsancebrian.com\/portal\/wp-json\/wp\/v2\/types\/post"}],"author":[{"embeddable":true,"href":"https:\/\/www.fundacionsancebrian.com\/portal\/wp-json\/wp\/v2\/users\/1"}],"replies":[{"embeddable":true,"href":"https:\/\/www.fundacionsancebrian.com\/portal\/wp-json\/wp\/v2\/comments?post=8583"}],"version-history":[{"count":24,"href":"https:\/\/www.fundacionsancebrian.com\/portal\/wp-json\/wp\/v2\/posts\/8583\/revisions"}],"predecessor-version":[{"id":8616,"href":"https:\/\/www.fundacionsancebrian.com\/portal\/wp-json\/wp\/v2\/posts\/8583\/revisions\/8616"}],"wp:featuredmedia":[{"embeddable":true,"href":"https:\/\/www.fundacionsancebrian.com\/portal\/wp-json\/wp\/v2\/media\/8585"}],"wp:attachment":[{"href":"https:\/\/www.fundacionsancebrian.com\/portal\/wp-json\/wp\/v2\/media?parent=8583"}],"wp:term":[{"taxonomy":"category","embeddable":true,"href":"https:\/\/www.fundacionsancebrian.com\/portal\/wp-json\/wp\/v2\/categories?post=8583"},{"taxonomy":"post_tag","embeddable":true,"href":"https:\/\/www.fundacionsancebrian.com\/portal\/wp-json\/wp\/v2\/tags?post=8583"}],"curies":[{"name":"wp","href":"https:\/\/api.w.org\/{rel}","templated":true}]}}