{"id":8686,"date":"2022-02-01T12:39:57","date_gmt":"2022-02-01T11:39:57","guid":{"rendered":"https:\/\/www.fundacionsancebrian.com\/portal\/?p=8686"},"modified":"2022-02-07T12:49:50","modified_gmt":"2022-02-07T11:49:50","slug":"el-programa-cuenta-con-nosotros-permitira-a-los-palentinos-mayores-de-55-anos-mejorar-su-calidad-de-vida-hacia-un-envejecimiento-activo-y-saludable","status":"publish","type":"post","link":"https:\/\/www.fundacionsancebrian.com\/portal\/el-programa-cuenta-con-nosotros-permitira-a-los-palentinos-mayores-de-55-anos-mejorar-su-calidad-de-vida-hacia-un-envejecimiento-activo-y-saludable\/","title":{"rendered":"El programa &#8216;Cuenta Con Nosotros&#8217; permitir\u00e1 a los palentinos mayores de 55 a\u00f1os mejorar su calidad de vida hacia un envejecimiento activo y saludable"},"content":{"rendered":"<div id=\"pl-8686\"  class=\"panel-layout\" ><div id=\"pg-8686-0\"  class=\"panel-grid panel-no-style\" ><div id=\"pgc-8686-0-0\"  class=\"panel-grid-cell\" ><div id=\"panel-8686-0-0-0\" class=\"so-panel widget widget_sow-editor panel-first-child panel-last-child\" data-index=\"0\" ><div\n\t\t\t\n\t\t\tclass=\"so-widget-sow-editor so-widget-sow-editor-base\"\n\t\t\t\n\t\t><h3 class=\"widget-title\">La Fundaci\u00f3n San Cebri\u00e1n ser\u00e1 la entidad prestadora del servicio<\/h3>\n<div class=\"siteorigin-widget-tinymce textwidget\">\n\t<p>El programa Cuenta Con Nosotros va a permitir a los palentinos mayores de 55 a\u00f1os mejorar su calidad de vida a trav\u00e9s de intervenciones personalizadas hacia un envejecimiento activo y saludable. Una iniciativa destinada a personas mayores de 55 a\u00f1os que presentan alg\u00fan tipo de vulnerabilidad personal y social, \"con el fin de mejorar su calidad de vida a medida que las personas envejecen\", coment\u00f3 la concejal de <a href=\"https:\/\/www.fundacionsancebrian.com\/portal\/?attachment_id=8687#main\" rel=\"attachment wp-att-8687\"><img fetchpriority=\"high\" fetchpriority=\"high\" decoding=\"async\" class=\"alignright wp-image-8687 size-medium\" src=\"https:\/\/www.fundacionsancebrian.com\/portal\/wp-content\/uploads\/2022\/02\/51856795474_3271fcff34_k-300x225.jpg\" alt=\"\" width=\"300\" height=\"225\" srcset=\"https:\/\/www.fundacionsancebrian.com\/portal\/wp-content\/uploads\/2022\/02\/51856795474_3271fcff34_k-300x225.jpg 300w, https:\/\/www.fundacionsancebrian.com\/portal\/wp-content\/uploads\/2022\/02\/51856795474_3271fcff34_k-1024x768.jpg 1024w, https:\/\/www.fundacionsancebrian.com\/portal\/wp-content\/uploads\/2022\/02\/51856795474_3271fcff34_k-768x576.jpg 768w, https:\/\/www.fundacionsancebrian.com\/portal\/wp-content\/uploads\/2022\/02\/51856795474_3271fcff34_k-1536x1152.jpg 1536w, https:\/\/www.fundacionsancebrian.com\/portal\/wp-content\/uploads\/2022\/02\/51856795474_3271fcff34_k.jpg 2048w\" sizes=\"(max-width: 300px) 100vw, 300px\" \/><\/a> Servicios Sociales, Raquel Mart\u00edn.<\/p>\n<p>La iniciativa, financiada con cargo a los fondos europeos FEDER, dentro de la EDUSI Ciudad de Palencia, estar\u00e1 gestionada por la fundaci\u00f3n San Cebri\u00e1n. De esta manera, el Consistorio cumple con el objetivo espec\u00edfico asociado a la estrategia europea, como es \u201cla regeneraci\u00f3n social de barrios desfavorecidos, mediante la creaci\u00f3n de servicios sociales vinculados a la salud\u201d, puntualiz\u00f3 el destac\u00f3 el Primer Teniente de Alcalde y concejal responsable de la EDUSI, Alfonso Polanco.<\/p>\n<p>El programa, que lo llevar\u00e1 a cabo la Fundaci\u00f3n San Cebri\u00e1n, plantea la realizaci\u00f3n\u00a0de \u201cintervenciones psicoterap\u00e9uticas de manejo del estr\u00e9s, la depresi\u00f3n, la ansiedad, la ira, sesiones de ejercicio f\u00edsico y fisioterap\u00e9utico y de autoayuda\u201d, coment\u00f3 Mart\u00edn, al tiempo que \"se organizar\u00e1n talleres tendentes a favorecer el ocio y el tiempo libre\", a\u00f1adi\u00f3.<\/p>\n<p>El acceso al programa se producir\u00e1 por petici\u00f3n del interesado, manifestando por escrito su compromiso con el seguimiento del mismo. La intervenci\u00f3n estar\u00e1 centrada en la persona y, desde el inicio, se considerar\u00e1 su libertad de decisi\u00f3n y elecci\u00f3n. El acceso al programa, en caso de cumplir con los requisitos, se realizar\u00e1 acudiendo al CEAS de su zona, Centro de d\u00eda (La Puebla o San Juanillo) o la sede de la Fundaci\u00f3n San Cebri\u00e1n para formar parte del programa.<\/p>\n<p>Asimismo,\u00a0se priorizar\u00e1 la inclusi\u00f3n en el programa a \u201caquellos mayores que sean cuidadores principales de una persona con habilidades reducidas para la vida diaria\u201d, finaliz\u00f3 Polanco.<\/p>\n<p>&nbsp;<\/p>\n<p><a href=\"https:\/\/www.fundacionsancebrian.com\/portal\/?attachment_id=8688#main\" rel=\"attachment wp-att-8688\"><img decoding=\"async\" class=\"alignnone size-large wp-image-8688\" src=\"https:\/\/www.fundacionsancebrian.com\/portal\/wp-content\/uploads\/2022\/02\/2-2-1024x724.jpg\" alt=\"\" width=\"720\" height=\"509\" srcset=\"https:\/\/www.fundacionsancebrian.com\/portal\/wp-content\/uploads\/2022\/02\/2-2-1024x724.jpg 1024w, https:\/\/www.fundacionsancebrian.com\/portal\/wp-content\/uploads\/2022\/02\/2-2-300x212.jpg 300w, https:\/\/www.fundacionsancebrian.com\/portal\/wp-content\/uploads\/2022\/02\/2-2-768x543.jpg 768w, https:\/\/www.fundacionsancebrian.com\/portal\/wp-content\/uploads\/2022\/02\/2-2-1536x1086.jpg 1536w, https:\/\/www.fundacionsancebrian.com\/portal\/wp-content\/uploads\/2022\/02\/2-2.jpg 2000w\" sizes=\"(max-width: 720px) 100vw, 720px\" \/><\/a> <a href=\"https:\/\/www.fundacionsancebrian.com\/portal\/?attachment_id=8689#main\" rel=\"attachment wp-att-8689\"><img decoding=\"async\" class=\"alignnone size-large wp-image-8689\" src=\"https:\/\/www.fundacionsancebrian.com\/portal\/wp-content\/uploads\/2022\/02\/1-3-1024x724.jpg\" alt=\"\" width=\"720\" height=\"509\" srcset=\"https:\/\/www.fundacionsancebrian.com\/portal\/wp-content\/uploads\/2022\/02\/1-3-1024x724.jpg 1024w, https:\/\/www.fundacionsancebrian.com\/portal\/wp-content\/uploads\/2022\/02\/1-3-300x212.jpg 300w, https:\/\/www.fundacionsancebrian.com\/portal\/wp-content\/uploads\/2022\/02\/1-3-768x543.jpg 768w, https:\/\/www.fundacionsancebrian.com\/portal\/wp-content\/uploads\/2022\/02\/1-3-1536x1086.jpg 1536w, https:\/\/www.fundacionsancebrian.com\/portal\/wp-content\/uploads\/2022\/02\/1-3.jpg 2000w\" sizes=\"(max-width: 720px) 100vw, 720px\" \/><\/a><\/p>\n<\/div>\n<\/div><\/div><\/div><\/div><\/div>","protected":false},"excerpt":{"rendered":"<p>El programa Cuenta Con Nosotros va a permitir a los palentinos mayores de 55 a\u00f1os mejorar su calidad de vida a trav\u00e9s de intervenciones personalizadas hacia un envejecimiento activo y saludable. Una iniciativa destinada a personas mayores de 55 a\u00f1os que presentan alg\u00fan tipo de vulnerabilidad personal y social, \u00abcon el fin de mejorar su [&hellip;]<\/p>\n","protected":false},"author":1,"featured_media":8697,"comment_status":"open","ping_status":"open","sticky":false,"template":"","format":"standard","meta":{"_seopress_robots_primary_cat":"","_seopress_titles_title":"","_seopress_titles_desc":"","_seopress_robots_index":"","_eb_attr":"","footnotes":""},"categories":[8],"tags":[],"class_list":["post-8686","post","type-post","status-publish","format-standard","has-post-thumbnail","hentry","category-noticias","post-with-thumbnail","post-with-thumbnail-icon"],"_links":{"self":[{"href":"https:\/\/www.fundacionsancebrian.com\/portal\/wp-json\/wp\/v2\/posts\/8686","targetHints":{"allow":["GET"]}}],"collection":[{"href":"https:\/\/www.fundacionsancebrian.com\/portal\/wp-json\/wp\/v2\/posts"}],"about":[{"href":"https:\/\/www.fundacionsancebrian.com\/portal\/wp-json\/wp\/v2\/types\/post"}],"author":[{"embeddable":true,"href":"https:\/\/www.fundacionsancebrian.com\/portal\/wp-json\/wp\/v2\/users\/1"}],"replies":[{"embeddable":true,"href":"https:\/\/www.fundacionsancebrian.com\/portal\/wp-json\/wp\/v2\/comments?post=8686"}],"version-history":[{"count":7,"href":"https:\/\/www.fundacionsancebrian.com\/portal\/wp-json\/wp\/v2\/posts\/8686\/revisions"}],"predecessor-version":[{"id":8698,"href":"https:\/\/www.fundacionsancebrian.com\/portal\/wp-json\/wp\/v2\/posts\/8686\/revisions\/8698"}],"wp:featuredmedia":[{"embeddable":true,"href":"https:\/\/www.fundacionsancebrian.com\/portal\/wp-json\/wp\/v2\/media\/8697"}],"wp:attachment":[{"href":"https:\/\/www.fundacionsancebrian.com\/portal\/wp-json\/wp\/v2\/media?parent=8686"}],"wp:term":[{"taxonomy":"category","embeddable":true,"href":"https:\/\/www.fundacionsancebrian.com\/portal\/wp-json\/wp\/v2\/categories?post=8686"},{"taxonomy":"post_tag","embeddable":true,"href":"https:\/\/www.fundacionsancebrian.com\/portal\/wp-json\/wp\/v2\/tags?post=8686"}],"curies":[{"name":"wp","href":"https:\/\/api.w.org\/{rel}","templated":true}]}}