{"id":8767,"date":"2022-02-25T15:09:44","date_gmt":"2022-02-25T14:09:44","guid":{"rendered":"https:\/\/www.fundacionsancebrian.com\/portal\/?p=8767"},"modified":"2022-02-28T10:22:14","modified_gmt":"2022-02-28T09:22:14","slug":"innovacion-transformacion-y-sostenibilidad-centraran-el-trabajo-del-grupo-fundacion-san-cebrian-hasta-el-2024-con-el-objetivo-de-generar-entornos-inclusivos-para-facilitar-vidas-con-sentido","status":"publish","type":"post","link":"https:\/\/www.fundacionsancebrian.com\/portal\/innovacion-transformacion-y-sostenibilidad-centraran-el-trabajo-del-grupo-fundacion-san-cebrian-hasta-el-2024-con-el-objetivo-de-generar-entornos-inclusivos-para-facilitar-vidas-con-sentido\/","title":{"rendered":"Innovaci\u00f3n, transformaci\u00f3n y sostenibilidad centrar\u00e1n el trabajo del Grupo Fundaci\u00f3n San Cebri\u00e1n hasta el 2024 con el objetivo de generar entornos inclusivos para facilitar \u2018vidas con sentido\u2019"},"content":{"rendered":"<div id=\"pl-8767\"  class=\"panel-layout\" ><div id=\"pg-8767-0\"  class=\"panel-grid panel-no-style\" ><div id=\"pgc-8767-0-0\"  class=\"panel-grid-cell\" ><div id=\"panel-8767-0-0-0\" class=\"so-panel widget widget_sow-editor panel-first-child panel-last-child\" data-index=\"0\" ><div\n\t\t\t\n\t\t\tclass=\"so-widget-sow-editor so-widget-sow-editor-base\"\n\t\t\t\n\t\t><h3 class=\"widget-title\">\u2018Vidas con sentido\u2019 es el lema del Plan Estrat\u00e9gico 2022-2024 que el Grupo Fundaci\u00f3n San Cebri\u00e1n ha dado a conocer esta ma\u00f1ana.<\/h3>\n<div class=\"siteorigin-widget-tinymce textwidget\">\n\t<p><em>Co-crear entornos que garanticen \u201cvidas con sentido\u201d, haciendo realidad para cada persona un proyecto de vida elegido<\/em>, este es el prop\u00f3sito que se marca el Grupo Fundaci\u00f3n San Cebri\u00e1n durante los pr\u00f3ximos tres a\u00f1os. Esta ma\u00f1ana ha presentado el Plan Estrat\u00e9gico 2022-2024 bajo el lema <em>VIDAS CON SENTIDO<\/em>.<\/p>\n<p><a href=\"https:\/\/www.fundacionsancebrian.com\/portal\/?attachment_id=8774#main\" rel=\"attachment wp-att-8774\"><img fetchpriority=\"high\" fetchpriority=\"high\" decoding=\"async\" class=\"alignright wp-image-8774\" src=\"https:\/\/www.fundacionsancebrian.com\/portal\/wp-content\/uploads\/2022\/02\/51903214631_5405d0e3e4_k-300x225.jpg\" alt=\"\" width=\"450\" height=\"338\" srcset=\"https:\/\/www.fundacionsancebrian.com\/portal\/wp-content\/uploads\/2022\/02\/51903214631_5405d0e3e4_k-300x225.jpg 300w, https:\/\/www.fundacionsancebrian.com\/portal\/wp-content\/uploads\/2022\/02\/51903214631_5405d0e3e4_k-1024x768.jpg 1024w, https:\/\/www.fundacionsancebrian.com\/portal\/wp-content\/uploads\/2022\/02\/51903214631_5405d0e3e4_k-768x576.jpg 768w, https:\/\/www.fundacionsancebrian.com\/portal\/wp-content\/uploads\/2022\/02\/51903214631_5405d0e3e4_k-1536x1152.jpg 1536w, https:\/\/www.fundacionsancebrian.com\/portal\/wp-content\/uploads\/2022\/02\/51903214631_5405d0e3e4_k.jpg 2048w\" sizes=\"(max-width: 450px) 100vw, 450px\" \/><\/a>Al acto de presentaci\u00f3n, celebrado en el Centro Cultural Provincial, han acudido entre otros, la el delegado de la Junta, Jos\u00e9 Antonio Rubio; el subdelegado del Gobierno, \u00c1ngel Miguel Guti\u00e9rrez; la concejala de Servicios Sociales, Raquel Mart\u00edn; el diputado de Servicios Sociales, Alfonso Polanco Rebolleda; el alcalde de Carri\u00f3n de los Condes, Juan Manuel Otero; el alcalde de Villamuriel, Roberto Mart\u00edn; representantes de colectivos sociales; representantes de cuerpos de seguridad de Estado, y los grupos de inter\u00e9s de la entidad, como son las familias, los profesionales, las personas\u2026entre otros muchos.<\/p>\n<p>La entidad social se marca como objetivo-prop\u00f3sito: <strong><em>co-crear entornos que garanticen vidas con sentido haciendo realidad para cada persona un proyecto de vida elegido. <\/em><\/strong>Un prop\u00f3sito que conseguir\u00e1 con sus grupos de inter\u00e9s principales, sobre los que ha marcado una visi\u00f3n concreta para cada uno de ellos. Los clientes finales (personas con discapacidad, familias y personas en general); profesionales del Grupo Fundaci\u00f3n San Cebri\u00e1n; administraciones p\u00fablicas; sociedad; Plena Inclusi\u00f3n y Proveedores y aliados.<\/p>\n<p>Durante el evento participaron portavoces de los diferentes grupos de inter\u00e9s, entre ellos: Vanesa Garc\u00eda, gerente de Plena Inclusi\u00f3n; Roberto Mart\u00edn, alcalde de Villamuriel; Patricia Mu\u00f1oz, profesional de la entidad; Carolina Triana, persona con discapacidad; Carmen Arroyo, escritora y Jes\u00fas Pay\u00e1 de Comercial Pay\u00e1.<\/p>\n<p>Los valores que pondr\u00e1 en marcha la entidad en cada actuaci\u00f3n durante los pr\u00f3ximos a\u00f1os:\u00a0 Dignidad compartida, compromiso social, transparencia, respeto por la diversidad; excelencia; emprendimiento, profesionalidad, innovaci\u00f3n; empat\u00eda, confianza, pasi\u00f3n y cercan\u00eda.<\/p>\n<p><strong>Contenido del Plan<\/strong>. El Grupo Fundaci\u00f3n San Cebri\u00e1n, durante el acto de presentaci\u00f3n desgran\u00f3 su Plan Estrat\u00e9gico, un Plan que aglutina un total de <strong>3 l\u00edneas estrat\u00e9gicas, como son innovaci\u00f3n, sostenibilidad y transformaci\u00f3n y sobre las que girar\u00e1n los 10 programas y 45 l\u00edneas de actuaci\u00f3n<\/strong>. El Plan Estrat\u00e9gico y sus acciones contribuyen a los siguientes Objetivos de Desarrollo Sostenibles: Objetivo 3-Salud y Bienestar; Objetivo 4- Educaci\u00f3n de Calidad; Objetivo 5- Igualdad de G\u00e9nero; Objetivo 8- Trabajo y crecimiento econ\u00f3mico; Objetivo 10- Reducci\u00f3n de las Desigualdades; Objetivo 11- Ciudades y Comunidades sostenibles y Objetivo 16- Paz, Justicia e instituciones s\u00f3lidas.<\/p>\n<p>En cuanto a las l\u00edneas actuaciones principales que desarrollar\u00e1 el Grupo hasta el 2024: el impulso de la accesibilidad cognitiva; generaci\u00f3n de proyectos para favorecer el desarrollo rural; promover la vida independiente de todas las personas; impulsar los productos de apoyo para la promoci\u00f3n de la autonom\u00eda de las personas mediante su uso o mejorar la gesti\u00f3n de la cadena de suministro promoviendo una econom\u00eda circular, entre otras muchas actuaciones.<\/p>\n<p>&nbsp;<\/p>\n<p><a href=\"https:\/\/www.flickr.com\/gp\/136135221@N07\/Lq19JA\">Galer\u00eda completa de fotos<\/a><\/p>\n<p>&nbsp;<\/p>\n<div class=\"su-youtube su-u-responsive-media-no\"><iframe width=\"520\" height=\"360\" src=\"https:\/\/www.youtube.com\/embed\/tR8m5bxI2E8?\" frameborder=\"0\" allowfullscreen allow=\"autoplay; encrypted-media; picture-in-picture\" title=\"VI Marat\u00f3n de Radio\"><\/iframe><\/div>\n<\/div>\n<\/div><\/div><\/div><\/div><\/div>","protected":false},"excerpt":{"rendered":"<p>Co-crear entornos que garanticen \u201cvidas con sentido\u201d, haciendo realidad para cada persona un proyecto de vida elegido, este es el prop\u00f3sito que se marca el Grupo Fundaci\u00f3n San Cebri\u00e1n durante los pr\u00f3ximos tres a\u00f1os. Esta ma\u00f1ana ha presentado el Plan Estrat\u00e9gico 2022-2024 bajo el lema VIDAS CON SENTIDO. Al acto de presentaci\u00f3n, celebrado en el [&hellip;]<\/p>\n","protected":false},"author":1,"featured_media":8770,"comment_status":"open","ping_status":"open","sticky":false,"template":"","format":"standard","meta":{"_seopress_robots_primary_cat":"","_seopress_titles_title":"","_seopress_titles_desc":"","_seopress_robots_index":"","_eb_attr":"","footnotes":""},"categories":[8],"tags":[],"class_list":["post-8767","post","type-post","status-publish","format-standard","has-post-thumbnail","hentry","category-noticias","post-with-thumbnail","post-with-thumbnail-icon"],"_links":{"self":[{"href":"https:\/\/www.fundacionsancebrian.com\/portal\/wp-json\/wp\/v2\/posts\/8767","targetHints":{"allow":["GET"]}}],"collection":[{"href":"https:\/\/www.fundacionsancebrian.com\/portal\/wp-json\/wp\/v2\/posts"}],"about":[{"href":"https:\/\/www.fundacionsancebrian.com\/portal\/wp-json\/wp\/v2\/types\/post"}],"author":[{"embeddable":true,"href":"https:\/\/www.fundacionsancebrian.com\/portal\/wp-json\/wp\/v2\/users\/1"}],"replies":[{"embeddable":true,"href":"https:\/\/www.fundacionsancebrian.com\/portal\/wp-json\/wp\/v2\/comments?post=8767"}],"version-history":[{"count":10,"href":"https:\/\/www.fundacionsancebrian.com\/portal\/wp-json\/wp\/v2\/posts\/8767\/revisions"}],"predecessor-version":[{"id":8782,"href":"https:\/\/www.fundacionsancebrian.com\/portal\/wp-json\/wp\/v2\/posts\/8767\/revisions\/8782"}],"wp:featuredmedia":[{"embeddable":true,"href":"https:\/\/www.fundacionsancebrian.com\/portal\/wp-json\/wp\/v2\/media\/8770"}],"wp:attachment":[{"href":"https:\/\/www.fundacionsancebrian.com\/portal\/wp-json\/wp\/v2\/media?parent=8767"}],"wp:term":[{"taxonomy":"category","embeddable":true,"href":"https:\/\/www.fundacionsancebrian.com\/portal\/wp-json\/wp\/v2\/categories?post=8767"},{"taxonomy":"post_tag","embeddable":true,"href":"https:\/\/www.fundacionsancebrian.com\/portal\/wp-json\/wp\/v2\/tags?post=8767"}],"curies":[{"name":"wp","href":"https:\/\/api.w.org\/{rel}","templated":true}]}}