{"id":8804,"date":"2022-03-08T11:03:20","date_gmt":"2022-03-08T10:03:20","guid":{"rendered":"https:\/\/www.fundacionsancebrian.com\/portal\/?p=8804"},"modified":"2022-03-08T11:03:21","modified_gmt":"2022-03-08T10:03:21","slug":"jugadores-del-club-deportivo-san-cebrian-inician-sus-entrenamientos-con-jugadores-del-palencia-cristo-atletico-dentro-del-proyecto-que-goles","status":"publish","type":"post","link":"https:\/\/www.fundacionsancebrian.com\/portal\/jugadores-del-club-deportivo-san-cebrian-inician-sus-entrenamientos-con-jugadores-del-palencia-cristo-atletico-dentro-del-proyecto-que-goles\/","title":{"rendered":"Jugadores del Club Deportivo San Cebri\u00e1n inician sus entrenamientos con jugadores del Palencia Cristo Atl\u00e9tico, dentro del proyecto +Que Goles"},"content":{"rendered":"<div id=\"pl-8804\"  class=\"panel-layout\" ><div id=\"pg-8804-0\"  class=\"panel-grid panel-no-style\" ><div id=\"pgc-8804-0-0\"  class=\"panel-grid-cell\" ><div id=\"panel-8804-0-0-0\" class=\"so-panel widget widget_sow-editor panel-first-child panel-last-child\" data-index=\"0\" ><div\n\t\t\t\n\t\t\tclass=\"so-widget-sow-editor so-widget-sow-editor-base\"\n\t\t\t\n\t\t><h3 class=\"widget-title\">El pr\u00f3ximo entrenamiento ser\u00e1 el 17 de marzo <\/h3>\n<div class=\"siteorigin-widget-tinymce textwidget\">\n\t<p>El pasado s\u00e1bado, 5 de marzo daba comienzo el proyecto +Que Goles, promovido entre e f\u00fatbol federado de Castilla y Le\u00f3n y la Federaci\u00f3n de deporte adaptado de la comunidad, Fedeacyl. En Palencia participan el Palencia Cristo Atl\u00e9tico y jugadores del Club Deportivo San Cebri\u00e1n.\u00a0 <a href=\"https:\/\/www.fundacionsancebrian.com\/portal\/?attachment_id=8805#main\" rel=\"attachment wp-att-8805\"><img fetchpriority=\"high\" fetchpriority=\"high\" decoding=\"async\" class=\"alignright wp-image-8805 size-medium\" src=\"https:\/\/www.fundacionsancebrian.com\/portal\/wp-content\/uploads\/2022\/03\/WhatsApp-Image-2022-03-05-at-14.43.40-4-300x225.jpeg\" alt=\"\" width=\"300\" height=\"225\" srcset=\"https:\/\/www.fundacionsancebrian.com\/portal\/wp-content\/uploads\/2022\/03\/WhatsApp-Image-2022-03-05-at-14.43.40-4-300x225.jpeg 300w, https:\/\/www.fundacionsancebrian.com\/portal\/wp-content\/uploads\/2022\/03\/WhatsApp-Image-2022-03-05-at-14.43.40-4-1024x768.jpeg 1024w, https:\/\/www.fundacionsancebrian.com\/portal\/wp-content\/uploads\/2022\/03\/WhatsApp-Image-2022-03-05-at-14.43.40-4-768x576.jpeg 768w, https:\/\/www.fundacionsancebrian.com\/portal\/wp-content\/uploads\/2022\/03\/WhatsApp-Image-2022-03-05-at-14.43.40-4-1536x1153.jpeg 1536w, https:\/\/www.fundacionsancebrian.com\/portal\/wp-content\/uploads\/2022\/03\/WhatsApp-Image-2022-03-05-at-14.43.40-4.jpeg 1599w\" sizes=\"(max-width: 300px) 100vw, 300px\" \/><\/a><\/p>\n<p>Otros equipo participantes son el Real \u00c1vila CF, Burgos CF, , Cultural y Deportiva Leonesa, SD Ponferradina, Salamanca CF UDS, Gimn\u00e1stica Segoviana CF, CD Numancia de Soria, Real Valladolid CF y Zamora CF.<\/p>\n<p>El proyecto consiste en que cada uno de estos clubes formar\u00e1 un equipo con j\u00f3venes con discapacidad intelectual de las entidades afiliadas a la Federaci\u00f3n de Deporte Adaptado de Castilla y Le\u00f3n (Fedeacyl) de la provincia correspondiente, adem\u00e1s de los ya existentes de Liga Genuine de Real Valladolid CF, SD Ponferradina y Burgos CF.<\/p>\n<p>Todos ellos se entrenar\u00e1n y competir\u00e1n con las camisetas habituales de juego de los clubes y en las instalaciones de \u00e9stos. El desarrollo del proyecto, que se materializar\u00e1 esta temporada con entre dos y tres entrenamientos por equipo y una jornada l\u00fadica y de competici\u00f3n de f\u00fatbol 7 inclusivo el pr\u00f3ximo domingo, 3 de abril, en las instalaciones burgalesas de Pallafr\u00eda, pretende convertirse en un programa a largo plazo con el f\u00fatbol como herramienta social para estos j\u00f3venes ilusionados por jugar con los colores de los clubes de su provincia.<\/p>\n<p>Los equipos no s\u00f3lo estar\u00e1n formados por participantes de deporte adaptado, sino que los propios clubes integrar\u00e1n a varios futbolistas habituales de sus plantillas para que la convivencia y la experiencia sean verdaderamente inclusivas.<\/p>\n\n\t\t<style type=\"text\/css\">\n\t\t\t#gallery-1 {\n\t\t\t\tmargin: auto;\n\t\t\t}\n\t\t\t#gallery-1 .gallery-item {\n\t\t\t\tfloat: left;\n\t\t\t\tmargin-top: 10px;\n\t\t\t\ttext-align: center;\n\t\t\t\twidth: 33%;\n\t\t\t}\n\t\t\t#gallery-1 img {\n\t\t\t\tborder: 2px solid #cfcfcf;\n\t\t\t}\n\t\t\t#gallery-1 .gallery-caption {\n\t\t\t\tmargin-left: 0;\n\t\t\t}\n\t\t\t\/* see gallery_shortcode() in wp-includes\/media.php *\/\n\t\t<\/style>\n\t\t<div id='gallery-1' class='gallery galleryid-8804 gallery-columns-3 gallery-size-thumbnail'><dl class='gallery-item'>\n\t\t\t<dt class='gallery-icon portrait'>\n\t\t\t\t<a href='https:\/\/www.fundacionsancebrian.com\/portal\/jugadores-del-club-deportivo-san-cebrian-inician-sus-entrenamientos-con-jugadores-del-palencia-cristo-atletico-dentro-del-proyecto-que-goles\/whatsapp-image-2022-03-05-at-14-43-40-3\/#main'><img decoding=\"async\" width=\"150\" height=\"150\" src=\"https:\/\/www.fundacionsancebrian.com\/portal\/wp-content\/uploads\/2022\/03\/WhatsApp-Image-2022-03-05-at-14.43.40-3-150x150.jpeg\" class=\"attachment-thumbnail size-thumbnail\" alt=\"\" aria-describedby=\"gallery-1-8806\" \/><\/a>\n\t\t\t<\/dt>\n\t\t\t\t<dd class='wp-caption-text gallery-caption' id='gallery-1-8806'>\n\t\t\t\tProyecto +Que Goles\n\t\t\t\t<\/dd><\/dl><dl class='gallery-item'>\n\t\t\t<dt class='gallery-icon landscape'>\n\t\t\t\t<a href='https:\/\/www.fundacionsancebrian.com\/portal\/jugadores-del-club-deportivo-san-cebrian-inician-sus-entrenamientos-con-jugadores-del-palencia-cristo-atletico-dentro-del-proyecto-que-goles\/whatsapp-image-2022-03-05-at-14-43-40-2\/#main'><img decoding=\"async\" width=\"150\" height=\"150\" src=\"https:\/\/www.fundacionsancebrian.com\/portal\/wp-content\/uploads\/2022\/03\/WhatsApp-Image-2022-03-05-at-14.43.40-2-150x150.jpeg\" class=\"attachment-thumbnail size-thumbnail\" alt=\"\" aria-describedby=\"gallery-1-8807\" \/><\/a>\n\t\t\t<\/dt>\n\t\t\t\t<dd class='wp-caption-text gallery-caption' id='gallery-1-8807'>\n\t\t\t\tProyecto +Que Goles\n\t\t\t\t<\/dd><\/dl><dl class='gallery-item'>\n\t\t\t<dt class='gallery-icon portrait'>\n\t\t\t\t<a href='https:\/\/www.fundacionsancebrian.com\/portal\/jugadores-del-club-deportivo-san-cebrian-inician-sus-entrenamientos-con-jugadores-del-palencia-cristo-atletico-dentro-del-proyecto-que-goles\/whatsapp-image-2022-03-05-at-14-43-40\/#main'><img loading=\"lazy\" decoding=\"async\" width=\"150\" height=\"150\" src=\"https:\/\/www.fundacionsancebrian.com\/portal\/wp-content\/uploads\/2022\/03\/WhatsApp-Image-2022-03-05-at-14.43.40-150x150.jpeg\" class=\"attachment-thumbnail size-thumbnail\" alt=\"\" aria-describedby=\"gallery-1-8808\" \/><\/a>\n\t\t\t<\/dt>\n\t\t\t\t<dd class='wp-caption-text gallery-caption' id='gallery-1-8808'>\n\t\t\t\tProyecto +Que Goles\n\t\t\t\t<\/dd><\/dl><br style=\"clear: both\" \/><dl class='gallery-item'>\n\t\t\t<dt class='gallery-icon portrait'>\n\t\t\t\t<a href='https:\/\/www.fundacionsancebrian.com\/portal\/jugadores-del-club-deportivo-san-cebrian-inician-sus-entrenamientos-con-jugadores-del-palencia-cristo-atletico-dentro-del-proyecto-que-goles\/whatsapp-image-2022-03-05-at-14-43-39-5\/#main'><img loading=\"lazy\" decoding=\"async\" width=\"150\" height=\"150\" src=\"https:\/\/www.fundacionsancebrian.com\/portal\/wp-content\/uploads\/2022\/03\/WhatsApp-Image-2022-03-05-at-14.43.39-5-150x150.jpeg\" class=\"attachment-thumbnail size-thumbnail\" alt=\"\" aria-describedby=\"gallery-1-8809\" \/><\/a>\n\t\t\t<\/dt>\n\t\t\t\t<dd class='wp-caption-text gallery-caption' id='gallery-1-8809'>\n\t\t\t\tProyecto +Que Goles\n\t\t\t\t<\/dd><\/dl><dl class='gallery-item'>\n\t\t\t<dt class='gallery-icon portrait'>\n\t\t\t\t<a href='https:\/\/www.fundacionsancebrian.com\/portal\/jugadores-del-club-deportivo-san-cebrian-inician-sus-entrenamientos-con-jugadores-del-palencia-cristo-atletico-dentro-del-proyecto-que-goles\/whatsapp-image-2022-03-05-at-14-43-39-4\/#main'><img loading=\"lazy\" decoding=\"async\" width=\"150\" height=\"150\" src=\"https:\/\/www.fundacionsancebrian.com\/portal\/wp-content\/uploads\/2022\/03\/WhatsApp-Image-2022-03-05-at-14.43.39-4-150x150.jpeg\" class=\"attachment-thumbnail size-thumbnail\" alt=\"\" aria-describedby=\"gallery-1-8810\" \/><\/a>\n\t\t\t<\/dt>\n\t\t\t\t<dd class='wp-caption-text gallery-caption' id='gallery-1-8810'>\n\t\t\t\tProyecto +Que Goles\n\t\t\t\t<\/dd><\/dl><dl class='gallery-item'>\n\t\t\t<dt class='gallery-icon landscape'>\n\t\t\t\t<a href='https:\/\/www.fundacionsancebrian.com\/portal\/jugadores-del-club-deportivo-san-cebrian-inician-sus-entrenamientos-con-jugadores-del-palencia-cristo-atletico-dentro-del-proyecto-que-goles\/whatsapp-image-2022-03-05-at-14-43-39-3\/#main'><img loading=\"lazy\" decoding=\"async\" width=\"150\" height=\"150\" src=\"https:\/\/www.fundacionsancebrian.com\/portal\/wp-content\/uploads\/2022\/03\/WhatsApp-Image-2022-03-05-at-14.43.39-3-150x150.jpeg\" class=\"attachment-thumbnail size-thumbnail\" alt=\"\" aria-describedby=\"gallery-1-8811\" \/><\/a>\n\t\t\t<\/dt>\n\t\t\t\t<dd class='wp-caption-text gallery-caption' id='gallery-1-8811'>\n\t\t\t\tProyecto +Que Goles\n\t\t\t\t<\/dd><\/dl><br style=\"clear: both\" \/><dl class='gallery-item'>\n\t\t\t<dt class='gallery-icon portrait'>\n\t\t\t\t<a href='https:\/\/www.fundacionsancebrian.com\/portal\/jugadores-del-club-deportivo-san-cebrian-inician-sus-entrenamientos-con-jugadores-del-palencia-cristo-atletico-dentro-del-proyecto-que-goles\/whatsapp-image-2022-03-05-at-14-43-39-2\/#main'><img loading=\"lazy\" decoding=\"async\" width=\"150\" height=\"150\" src=\"https:\/\/www.fundacionsancebrian.com\/portal\/wp-content\/uploads\/2022\/03\/WhatsApp-Image-2022-03-05-at-14.43.39-2-150x150.jpeg\" class=\"attachment-thumbnail size-thumbnail\" alt=\"\" aria-describedby=\"gallery-1-8812\" \/><\/a>\n\t\t\t<\/dt>\n\t\t\t\t<dd class='wp-caption-text gallery-caption' id='gallery-1-8812'>\n\t\t\t\tProyecto +Que Goles\n\t\t\t\t<\/dd><\/dl><dl class='gallery-item'>\n\t\t\t<dt class='gallery-icon portrait'>\n\t\t\t\t<a href='https:\/\/www.fundacionsancebrian.com\/portal\/jugadores-del-club-deportivo-san-cebrian-inician-sus-entrenamientos-con-jugadores-del-palencia-cristo-atletico-dentro-del-proyecto-que-goles\/whatsapp-image-2022-03-05-at-14-43-39-1\/#main'><img loading=\"lazy\" decoding=\"async\" width=\"150\" height=\"150\" src=\"https:\/\/www.fundacionsancebrian.com\/portal\/wp-content\/uploads\/2022\/03\/WhatsApp-Image-2022-03-05-at-14.43.39-1-150x150.jpeg\" class=\"attachment-thumbnail size-thumbnail\" alt=\"\" aria-describedby=\"gallery-1-8813\" \/><\/a>\n\t\t\t<\/dt>\n\t\t\t\t<dd class='wp-caption-text gallery-caption' id='gallery-1-8813'>\n\t\t\t\tProyecto +Que Goles\n\t\t\t\t<\/dd><\/dl><dl class='gallery-item'>\n\t\t\t<dt class='gallery-icon landscape'>\n\t\t\t\t<a href='https:\/\/www.fundacionsancebrian.com\/portal\/jugadores-del-club-deportivo-san-cebrian-inician-sus-entrenamientos-con-jugadores-del-palencia-cristo-atletico-dentro-del-proyecto-que-goles\/whatsapp-image-2022-03-05-at-14-43-39\/#main'><img loading=\"lazy\" decoding=\"async\" width=\"150\" height=\"150\" src=\"https:\/\/www.fundacionsancebrian.com\/portal\/wp-content\/uploads\/2022\/03\/WhatsApp-Image-2022-03-05-at-14.43.39-150x150.jpeg\" class=\"attachment-thumbnail size-thumbnail\" alt=\"\" aria-describedby=\"gallery-1-8814\" \/><\/a>\n\t\t\t<\/dt>\n\t\t\t\t<dd class='wp-caption-text gallery-caption' id='gallery-1-8814'>\n\t\t\t\tProyecto +Que Goles\n\t\t\t\t<\/dd><\/dl><br style=\"clear: both\" \/><dl class='gallery-item'>\n\t\t\t<dt class='gallery-icon landscape'>\n\t\t\t\t<a href='https:\/\/www.fundacionsancebrian.com\/portal\/jugadores-del-club-deportivo-san-cebrian-inician-sus-entrenamientos-con-jugadores-del-palencia-cristo-atletico-dentro-del-proyecto-que-goles\/whatsapp-image-2022-03-05-at-14-43-40-4\/#main'><img loading=\"lazy\" decoding=\"async\" width=\"150\" height=\"150\" src=\"https:\/\/www.fundacionsancebrian.com\/portal\/wp-content\/uploads\/2022\/03\/WhatsApp-Image-2022-03-05-at-14.43.40-4-150x150.jpeg\" class=\"attachment-thumbnail size-thumbnail\" alt=\"\" aria-describedby=\"gallery-1-8805\" \/><\/a>\n\t\t\t<\/dt>\n\t\t\t\t<dd class='wp-caption-text gallery-caption' id='gallery-1-8805'>\n\t\t\t\tProyecto +Que Goles\n\t\t\t\t<\/dd><\/dl>\n\t\t\t<br style='clear: both' \/>\n\t\t<\/div>\n\n<\/div>\n<\/div><\/div><\/div><\/div><\/div>","protected":false},"excerpt":{"rendered":"<p>El pasado s\u00e1bado, 5 de marzo daba comienzo el proyecto +Que Goles, promovido entre e f\u00fatbol federado de Castilla y Le\u00f3n y la Federaci\u00f3n de deporte adaptado de la comunidad, Fedeacyl. En Palencia participan el Palencia Cristo Atl\u00e9tico y jugadores del Club Deportivo San Cebri\u00e1n.\u00a0 Otros equipo participantes son el Real \u00c1vila CF, Burgos CF, [&hellip;]<\/p>\n","protected":false},"author":1,"featured_media":8814,"comment_status":"open","ping_status":"open","sticky":false,"template":"","format":"standard","meta":{"_seopress_robots_primary_cat":"","_seopress_titles_title":"","_seopress_titles_desc":"","_seopress_robots_index":"","_eb_attr":"","footnotes":""},"categories":[8],"tags":[],"class_list":["post-8804","post","type-post","status-publish","format-standard","has-post-thumbnail","hentry","category-noticias","post-with-thumbnail","post-with-thumbnail-icon"],"_links":{"self":[{"href":"https:\/\/www.fundacionsancebrian.com\/portal\/wp-json\/wp\/v2\/posts\/8804","targetHints":{"allow":["GET"]}}],"collection":[{"href":"https:\/\/www.fundacionsancebrian.com\/portal\/wp-json\/wp\/v2\/posts"}],"about":[{"href":"https:\/\/www.fundacionsancebrian.com\/portal\/wp-json\/wp\/v2\/types\/post"}],"author":[{"embeddable":true,"href":"https:\/\/www.fundacionsancebrian.com\/portal\/wp-json\/wp\/v2\/users\/1"}],"replies":[{"embeddable":true,"href":"https:\/\/www.fundacionsancebrian.com\/portal\/wp-json\/wp\/v2\/comments?post=8804"}],"version-history":[{"count":2,"href":"https:\/\/www.fundacionsancebrian.com\/portal\/wp-json\/wp\/v2\/posts\/8804\/revisions"}],"predecessor-version":[{"id":8816,"href":"https:\/\/www.fundacionsancebrian.com\/portal\/wp-json\/wp\/v2\/posts\/8804\/revisions\/8816"}],"wp:featuredmedia":[{"embeddable":true,"href":"https:\/\/www.fundacionsancebrian.com\/portal\/wp-json\/wp\/v2\/media\/8814"}],"wp:attachment":[{"href":"https:\/\/www.fundacionsancebrian.com\/portal\/wp-json\/wp\/v2\/media?parent=8804"}],"wp:term":[{"taxonomy":"category","embeddable":true,"href":"https:\/\/www.fundacionsancebrian.com\/portal\/wp-json\/wp\/v2\/categories?post=8804"},{"taxonomy":"post_tag","embeddable":true,"href":"https:\/\/www.fundacionsancebrian.com\/portal\/wp-json\/wp\/v2\/tags?post=8804"}],"curies":[{"name":"wp","href":"https:\/\/api.w.org\/{rel}","templated":true}]}}