{"id":8819,"date":"2022-03-10T09:21:51","date_gmt":"2022-03-10T08:21:51","guid":{"rendered":"https:\/\/www.fundacionsancebrian.com\/portal\/?p=8819"},"modified":"2022-03-10T09:21:51","modified_gmt":"2022-03-10T08:21:51","slug":"el-grupo-fundacion-san-cebrian-celebra-el-dia-internacional-de-la-mujer-con-numerosos-actos","status":"publish","type":"post","link":"https:\/\/www.fundacionsancebrian.com\/portal\/el-grupo-fundacion-san-cebrian-celebra-el-dia-internacional-de-la-mujer-con-numerosos-actos\/","title":{"rendered":"El Grupo Fundaci\u00f3n San Cebri\u00e1n celebra el D\u00eda Internacional de la Mujer con numerosos actos"},"content":{"rendered":"<div id=\"pl-8819\"  class=\"panel-layout\" ><div id=\"pg-8819-0\"  class=\"panel-grid panel-no-style\" ><div id=\"pgc-8819-0-0\"  class=\"panel-grid-cell\" ><div id=\"panel-8819-0-0-0\" class=\"so-panel widget widget_sow-editor panel-first-child panel-last-child\" data-index=\"0\" ><div\n\t\t\t\n\t\t\tclass=\"so-widget-sow-editor so-widget-sow-editor-base\"\n\t\t\t\n\t\t><h3 class=\"widget-title\">Los distintos servicios de la entidad participaron en actos propios y en actos ajenos<\/h3>\n<div class=\"siteorigin-widget-tinymce textwidget\">\n\t<p>Todos los servicios del Grupo Fundaci\u00f3n San Cebri\u00e1n mostraron su apoyo y reivindicaron los derechos de la mujer, en el D\u00eda Internacional de la Mujer. Cada uno de los servicios particip\u00f3 en los actos organizados u organizaron actos propios<\/p>\n<div id=\"attachment_8823\" style=\"width: 310px\" class=\"wp-caption alignright\"><a href=\"https:\/\/www.fundacionsancebrian.com\/portal\/?attachment_id=8823#main\" rel=\"attachment wp-att-8823\"><img fetchpriority=\"high\" aria-describedby=\"caption-attachment-8823\" fetchpriority=\"high\" decoding=\"async\" class=\"wp-image-8823 size-medium\" src=\"https:\/\/www.fundacionsancebrian.com\/portal\/wp-content\/uploads\/2022\/03\/51924832477_ff9820f739_h-300x225.jpg\" alt=\"\" width=\"300\" height=\"225\" srcset=\"https:\/\/www.fundacionsancebrian.com\/portal\/wp-content\/uploads\/2022\/03\/51924832477_ff9820f739_h-300x225.jpg 300w, https:\/\/www.fundacionsancebrian.com\/portal\/wp-content\/uploads\/2022\/03\/51924832477_ff9820f739_h-1024x768.jpg 1024w, https:\/\/www.fundacionsancebrian.com\/portal\/wp-content\/uploads\/2022\/03\/51924832477_ff9820f739_h-768x576.jpg 768w, https:\/\/www.fundacionsancebrian.com\/portal\/wp-content\/uploads\/2022\/03\/51924832477_ff9820f739_h-1536x1152.jpg 1536w, https:\/\/www.fundacionsancebrian.com\/portal\/wp-content\/uploads\/2022\/03\/51924832477_ff9820f739_h.jpg 1600w\" sizes=\"(max-width: 300px) 100vw, 300px\" \/><\/a><p id=\"caption-attachment-8823\" class=\"wp-caption-text\">El Servicio de San Cebri\u00e1n realiz\u00f3 la campa\u00f1a 'No me agacho porque se me cae la corona'<\/p><\/div>\n<p>como en San Cebri\u00e1n de Campos donde a trav\u00e9s de la iniciativa <em>No agacho la cabeza porque se me cae la corona, <\/em>se colocaron coronas moradas y en un tabl\u00f3n escribieron qu\u00e9 significaba para cada uno la palabra mujer. Adem\u00e1s, en este\u00a0servicio se pintaron las u\u00f1as de morado y decoraron las instalaciones con diferentes mensajes motivadores.<\/p>\n<p>En otros servicios, como en Carri\u00f3n de los Condes participaron en la lectura del manifiesto organizado por el Ayuntamiento y en Palencia, tras asistir a los actos organizados por el Ayuntamiento por la ma\u00f1ana, participaron por la tarde en la manifestaci\u00f3n convocada por los sindicatos donde pudieron levantar algo las pancartas con distintos mensajes. Mensajes elaborados por ellos en los que se pod\u00eda leer que las mujeres con discapacidad tienen los mismos derechos que cualquier otra persona.<\/p>\n<p>En Villamuriel de Cerrato elaboraron unas postales con motivo de la jornada reivindicativa.<\/p>\n<p>&nbsp;<\/p>\n\n\t\t<style type=\"text\/css\">\n\t\t\t#gallery-1 {\n\t\t\t\tmargin: auto;\n\t\t\t}\n\t\t\t#gallery-1 .gallery-item {\n\t\t\t\tfloat: left;\n\t\t\t\tmargin-top: 10px;\n\t\t\t\ttext-align: center;\n\t\t\t\twidth: 33%;\n\t\t\t}\n\t\t\t#gallery-1 img {\n\t\t\t\tborder: 2px solid #cfcfcf;\n\t\t\t}\n\t\t\t#gallery-1 .gallery-caption {\n\t\t\t\tmargin-left: 0;\n\t\t\t}\n\t\t\t\/* see gallery_shortcode() in wp-includes\/media.php *\/\n\t\t<\/style>\n\t\t<div id='gallery-1' class='gallery galleryid-8819 gallery-columns-3 gallery-size-thumbnail'><dl class='gallery-item'>\n\t\t\t<dt class='gallery-icon landscape'>\n\t\t\t\t<a href='https:\/\/www.fundacionsancebrian.com\/portal\/el-grupo-fundacion-san-cebrian-celebra-el-dia-internacional-de-la-mujer-con-numerosos-actos\/51929806109_6d8cb7b3a4_k\/#main'><img decoding=\"async\" width=\"150\" height=\"150\" src=\"https:\/\/www.fundacionsancebrian.com\/portal\/wp-content\/uploads\/2022\/03\/51929806109_6d8cb7b3a4_k-150x150.jpg\" class=\"attachment-thumbnail size-thumbnail\" alt=\"\" aria-describedby=\"gallery-1-8820\" \/><\/a>\n\t\t\t<\/dt>\n\t\t\t\t<dd class='wp-caption-text gallery-caption' id='gallery-1-8820'>\n\t\t\t\tCentro Vida Independiente realizaron pancartas\n\t\t\t\t<\/dd><\/dl><dl class='gallery-item'>\n\t\t\t<dt class='gallery-icon landscape'>\n\t\t\t\t<a href='https:\/\/www.fundacionsancebrian.com\/portal\/el-grupo-fundacion-san-cebrian-celebra-el-dia-internacional-de-la-mujer-con-numerosos-actos\/51929805899_f6ff898793_h\/#main'><img decoding=\"async\" width=\"150\" height=\"150\" src=\"https:\/\/www.fundacionsancebrian.com\/portal\/wp-content\/uploads\/2022\/03\/51929805899_f6ff898793_h-150x150.jpg\" class=\"attachment-thumbnail size-thumbnail\" alt=\"\" aria-describedby=\"gallery-1-8821\" \/><\/a>\n\t\t\t<\/dt>\n\t\t\t\t<dd class='wp-caption-text gallery-caption' id='gallery-1-8821'>\n\t\t\t\tCompa\u00f1eros del Servicio de Palencia participaron en la manifestaci\u00f3n que se celebr\u00f3 durante la tarde\n\t\t\t\t<\/dd><\/dl><dl class='gallery-item'>\n\t\t\t<dt class='gallery-icon landscape'>\n\t\t\t\t<a href='https:\/\/www.fundacionsancebrian.com\/portal\/el-grupo-fundacion-san-cebrian-celebra-el-dia-internacional-de-la-mujer-con-numerosos-actos\/51925806681_170868f10a_h\/#main'><img loading=\"lazy\" decoding=\"async\" width=\"150\" height=\"150\" src=\"https:\/\/www.fundacionsancebrian.com\/portal\/wp-content\/uploads\/2022\/03\/51925806681_170868f10a_h-150x150.jpg\" class=\"attachment-thumbnail size-thumbnail\" alt=\"\" aria-describedby=\"gallery-1-8822\" \/><\/a>\n\t\t\t<\/dt>\n\t\t\t\t<dd class='wp-caption-text gallery-caption' id='gallery-1-8822'>\n\t\t\t\tParticipaci\u00f3n en los actos de la Plaza Mayor por la ma\u00f1ana\n\t\t\t\t<\/dd><\/dl><br style=\"clear: both\" \/><dl class='gallery-item'>\n\t\t\t<dt class='gallery-icon landscape'>\n\t\t\t\t<a href='https:\/\/www.fundacionsancebrian.com\/portal\/el-grupo-fundacion-san-cebrian-celebra-el-dia-internacional-de-la-mujer-con-numerosos-actos\/51924832477_ff9820f739_h\/#main'><img loading=\"lazy\" decoding=\"async\" width=\"150\" height=\"150\" src=\"https:\/\/www.fundacionsancebrian.com\/portal\/wp-content\/uploads\/2022\/03\/51924832477_ff9820f739_h-150x150.jpg\" class=\"attachment-thumbnail size-thumbnail\" alt=\"\" aria-describedby=\"gallery-1-8823\" \/><\/a>\n\t\t\t<\/dt>\n\t\t\t\t<dd class='wp-caption-text gallery-caption' id='gallery-1-8823'>\n\t\t\t\tEl Servicio de San Cebri\u00e1n realiz\u00f3 la campa\u00f1a &#8216;No me agacho porque se me cae la corona&#8217;\n\t\t\t\t<\/dd><\/dl><dl class='gallery-item'>\n\t\t\t<dt class='gallery-icon landscape'>\n\t\t\t\t<a href='https:\/\/www.fundacionsancebrian.com\/portal\/el-grupo-fundacion-san-cebrian-celebra-el-dia-internacional-de-la-mujer-con-numerosos-actos\/51926439695_59eacb05f3_h\/#main'><img loading=\"lazy\" decoding=\"async\" width=\"150\" height=\"150\" src=\"https:\/\/www.fundacionsancebrian.com\/portal\/wp-content\/uploads\/2022\/03\/51926439695_59eacb05f3_h-150x150.jpg\" class=\"attachment-thumbnail size-thumbnail\" alt=\"\" aria-describedby=\"gallery-1-8824\" \/><\/a>\n\t\t\t<\/dt>\n\t\t\t\t<dd class='wp-caption-text gallery-caption' id='gallery-1-8824'>\n\t\t\t\tLos compa\u00f1eros del servicio de mayores de San Cebri\u00e1n \n\t\t\t\t<\/dd><\/dl><dl class='gallery-item'>\n\t\t\t<dt class='gallery-icon portrait'>\n\t\t\t\t<a href='https:\/\/www.fundacionsancebrian.com\/portal\/el-grupo-fundacion-san-cebrian-celebra-el-dia-internacional-de-la-mujer-con-numerosos-actos\/51925899628_b02827a4a0_h\/#main'><img loading=\"lazy\" decoding=\"async\" width=\"150\" height=\"150\" src=\"https:\/\/www.fundacionsancebrian.com\/portal\/wp-content\/uploads\/2022\/03\/51925899628_b02827a4a0_h-150x150.jpg\" class=\"attachment-thumbnail size-thumbnail\" alt=\"\" aria-describedby=\"gallery-1-8825\" \/><\/a>\n\t\t\t<\/dt>\n\t\t\t\t<dd class='wp-caption-text gallery-caption' id='gallery-1-8825'>\n\t\t\t\tLos compa\u00f1eros del servicio de mayores de San Cebri\u00e1n \n\t\t\t\t<\/dd><\/dl><br style=\"clear: both\" \/><dl class='gallery-item'>\n\t\t\t<dt class='gallery-icon landscape'>\n\t\t\t\t<a href='https:\/\/www.fundacionsancebrian.com\/portal\/el-grupo-fundacion-san-cebrian-celebra-el-dia-internacional-de-la-mujer-con-numerosos-actos\/51925899503_6752c2f623_k\/#main'><img loading=\"lazy\" decoding=\"async\" width=\"150\" height=\"150\" src=\"https:\/\/www.fundacionsancebrian.com\/portal\/wp-content\/uploads\/2022\/03\/51925899503_6752c2f623_k-150x150.jpg\" class=\"attachment-thumbnail size-thumbnail\" alt=\"\" aria-describedby=\"gallery-1-8826\" \/><\/a>\n\t\t\t<\/dt>\n\t\t\t\t<dd class='wp-caption-text gallery-caption' id='gallery-1-8826'>\n\t\t\t\tCampa\u00f1a en San Cebri\u00e1n\n\t\t\t\t<\/dd><\/dl><dl class='gallery-item'>\n\t\t\t<dt class='gallery-icon landscape'>\n\t\t\t\t<a href='https:\/\/www.fundacionsancebrian.com\/portal\/el-grupo-fundacion-san-cebrian-celebra-el-dia-internacional-de-la-mujer-con-numerosos-actos\/51924832247_c8ef6c7111_k\/#main'><img loading=\"lazy\" decoding=\"async\" width=\"150\" height=\"150\" src=\"https:\/\/www.fundacionsancebrian.com\/portal\/wp-content\/uploads\/2022\/03\/51924832247_c8ef6c7111_k-150x150.jpg\" class=\"attachment-thumbnail size-thumbnail\" alt=\"\" aria-describedby=\"gallery-1-8827\" \/><\/a>\n\t\t\t<\/dt>\n\t\t\t\t<dd class='wp-caption-text gallery-caption' id='gallery-1-8827'>\n\t\t\t\tCompa\u00f1eros del Servicio Prelaboral de Villamuriel\n\t\t\t\t<\/dd><\/dl><dl class='gallery-item'>\n\t\t\t<dt class='gallery-icon portrait'>\n\t\t\t\t<a href='https:\/\/www.fundacionsancebrian.com\/portal\/el-grupo-fundacion-san-cebrian-celebra-el-dia-internacional-de-la-mujer-con-numerosos-actos\/51924551862_320c310f7f_h\/#main'><img loading=\"lazy\" decoding=\"async\" width=\"150\" height=\"150\" src=\"https:\/\/www.fundacionsancebrian.com\/portal\/wp-content\/uploads\/2022\/03\/51924551862_320c310f7f_h-150x150.jpg\" class=\"attachment-thumbnail size-thumbnail\" alt=\"\" aria-describedby=\"gallery-1-8828\" \/><\/a>\n\t\t\t<\/dt>\n\t\t\t\t<dd class='wp-caption-text gallery-caption' id='gallery-1-8828'>\n\t\t\t\tEn San Cebri\u00e1n se pintaron las u\u00f1as de morado \n\t\t\t\t<\/dd><\/dl><br style=\"clear: both\" \/>\n\t\t<\/div>\n\n<p>&nbsp;<\/p>\n<p>&nbsp;<\/p>\n<\/div>\n<\/div><\/div><\/div><\/div><\/div>","protected":false},"excerpt":{"rendered":"<p>Todos los servicios del Grupo Fundaci\u00f3n San Cebri\u00e1n mostraron su apoyo y reivindicaron los derechos de la mujer, en el D\u00eda Internacional de la Mujer. Cada uno de los servicios particip\u00f3 en los actos organizados u organizaron actos propios como en San Cebri\u00e1n de Campos donde a trav\u00e9s de la iniciativa No agacho la cabeza [&hellip;]<\/p>\n","protected":false},"author":1,"featured_media":8823,"comment_status":"open","ping_status":"open","sticky":false,"template":"","format":"standard","meta":{"_seopress_robots_primary_cat":"","_seopress_titles_title":"","_seopress_titles_desc":"","_seopress_robots_index":"","_eb_attr":"","footnotes":""},"categories":[8],"tags":[],"class_list":["post-8819","post","type-post","status-publish","format-standard","has-post-thumbnail","hentry","category-noticias","post-with-thumbnail","post-with-thumbnail-icon"],"_links":{"self":[{"href":"https:\/\/www.fundacionsancebrian.com\/portal\/wp-json\/wp\/v2\/posts\/8819","targetHints":{"allow":["GET"]}}],"collection":[{"href":"https:\/\/www.fundacionsancebrian.com\/portal\/wp-json\/wp\/v2\/posts"}],"about":[{"href":"https:\/\/www.fundacionsancebrian.com\/portal\/wp-json\/wp\/v2\/types\/post"}],"author":[{"embeddable":true,"href":"https:\/\/www.fundacionsancebrian.com\/portal\/wp-json\/wp\/v2\/users\/1"}],"replies":[{"embeddable":true,"href":"https:\/\/www.fundacionsancebrian.com\/portal\/wp-json\/wp\/v2\/comments?post=8819"}],"version-history":[{"count":4,"href":"https:\/\/www.fundacionsancebrian.com\/portal\/wp-json\/wp\/v2\/posts\/8819\/revisions"}],"predecessor-version":[{"id":8832,"href":"https:\/\/www.fundacionsancebrian.com\/portal\/wp-json\/wp\/v2\/posts\/8819\/revisions\/8832"}],"wp:featuredmedia":[{"embeddable":true,"href":"https:\/\/www.fundacionsancebrian.com\/portal\/wp-json\/wp\/v2\/media\/8823"}],"wp:attachment":[{"href":"https:\/\/www.fundacionsancebrian.com\/portal\/wp-json\/wp\/v2\/media?parent=8819"}],"wp:term":[{"taxonomy":"category","embeddable":true,"href":"https:\/\/www.fundacionsancebrian.com\/portal\/wp-json\/wp\/v2\/categories?post=8819"},{"taxonomy":"post_tag","embeddable":true,"href":"https:\/\/www.fundacionsancebrian.com\/portal\/wp-json\/wp\/v2\/tags?post=8819"}],"curies":[{"name":"wp","href":"https:\/\/api.w.org\/{rel}","templated":true}]}}