{"id":8881,"date":"2022-03-23T13:41:08","date_gmt":"2022-03-23T12:41:08","guid":{"rendered":"https:\/\/www.fundacionsancebrian.com\/portal\/?p=8881"},"modified":"2022-03-23T13:41:08","modified_gmt":"2022-03-23T12:41:08","slug":"el-equipo-de-delegados-conoce-las-lineas-principales-del-plan-estrategico-2022-2024-del-grupo-fundacion-san-cebrian","status":"publish","type":"post","link":"https:\/\/www.fundacionsancebrian.com\/portal\/el-equipo-de-delegados-conoce-las-lineas-principales-del-plan-estrategico-2022-2024-del-grupo-fundacion-san-cebrian\/","title":{"rendered":"El equipo de delegados conoce las l\u00edneas principales del Plan Estrat\u00e9gico 2022-2024 del Grupo Fundaci\u00f3n San Cebri\u00e1n"},"content":{"rendered":"<div id=\"pl-8881\"  class=\"panel-layout\" ><div id=\"pg-8881-0\"  class=\"panel-grid panel-no-style\" ><div id=\"pgc-8881-0-0\"  class=\"panel-grid-cell\" ><div id=\"panel-8881-0-0-0\" class=\"so-panel widget widget_sow-editor panel-first-child panel-last-child\" data-index=\"0\" ><div\n\t\t\t\n\t\t\tclass=\"so-widget-sow-editor so-widget-sow-editor-base\"\n\t\t\t\n\t\t><h3 class=\"widget-title\">La gerente del Grupo, Eva del R\u00edo ha participado en la sesi\u00f3n del equipo de delegados<\/h3>\n<div class=\"siteorigin-widget-tinymce textwidget\">\n\t<p>Acercar la informaci\u00f3n a todos los grupos de inter\u00e9s y que se f\u00e1cil y sencilla, es uno de los retos del Grupo Fundaci\u00f3n San Cebri\u00e1n. Esta ma\u00f1ana durante la reuni\u00f3n del Equipo de Delegados del Grupo Fundaci\u00f3n San Cebri\u00e1n, la gerente de la entidad, Eva del R\u00edo ha participado para explicar y detallar los puntos m\u00e1s importantes de un Plan que lleva como lema 'Vidas con sentido'. <a href=\"https:\/\/www.fundacionsancebrian.com\/portal\/?attachment_id=8885#main\" rel=\"attachment wp-att-8885\"><img fetchpriority=\"high\" fetchpriority=\"high\" decoding=\"async\" class=\"alignright wp-image-8885 size-medium\" src=\"https:\/\/www.fundacionsancebrian.com\/portal\/wp-content\/uploads\/2022\/03\/51956021263_a3ea492234_k-300x225.jpg\" alt=\"\" width=\"300\" height=\"225\" srcset=\"https:\/\/www.fundacionsancebrian.com\/portal\/wp-content\/uploads\/2022\/03\/51956021263_a3ea492234_k-300x225.jpg 300w, https:\/\/www.fundacionsancebrian.com\/portal\/wp-content\/uploads\/2022\/03\/51956021263_a3ea492234_k-1024x768.jpg 1024w, https:\/\/www.fundacionsancebrian.com\/portal\/wp-content\/uploads\/2022\/03\/51956021263_a3ea492234_k-768x576.jpg 768w, https:\/\/www.fundacionsancebrian.com\/portal\/wp-content\/uploads\/2022\/03\/51956021263_a3ea492234_k-1536x1152.jpg 1536w, https:\/\/www.fundacionsancebrian.com\/portal\/wp-content\/uploads\/2022\/03\/51956021263_a3ea492234_k.jpg 2048w\" sizes=\"(max-width: 300px) 100vw, 300px\" \/><\/a><\/p>\n<p>El Equipo de delegados lo conforman 35 representantes de las personas con discapacidad intelectual de cada uno de los servicios de la entidad. De forma mensual, el equipo se re\u00fane no s\u00f3lo para trasladar las quejas y sugerencias recogidas en sus servicios sino tambi\u00e9n para recibir informaci\u00f3n de inter\u00e9s no s\u00f3lo de la entidad sino de aquellos asuntos que demanden.<\/p>\n<p>Esta ma\u00f1ana, se ha celebrado la reuni\u00f3n del Equipo de Delegados del mes de marzo y en la misma ha participado la gerente Eva del R\u00edo para presentarles el Plan Estrat\u00e9gico de la entidad. El documento del Plan se ha adaptado a lectura f\u00e1cil, gracias a la Oficina de Accesibilidad Cognitiva. El Plan es muy amplio, y por el momento se ha adaptado el Prop\u00f3sito, visi\u00f3n y valores y los ejes estrat\u00e9gicos del Plan.<\/p>\n<p>Tras la presentaci\u00f3n, los delegados han realizado preguntas y una de ellas se ha centrado en qu\u00e9 tipo de seguimiento tiene el Plan, donde Eva del R\u00edo ha explicado que \" los objetivos y retos alcanzados se van analizando cada poco tiempo en el equipo de direcci\u00f3n y despu\u00e9s de forma anual se hace una revisi\u00f3n mayor para ver lo que estamos consiguiendo\".<\/p>\n\n\t\t<style type=\"text\/css\">\n\t\t\t#gallery-1 {\n\t\t\t\tmargin: auto;\n\t\t\t}\n\t\t\t#gallery-1 .gallery-item {\n\t\t\t\tfloat: left;\n\t\t\t\tmargin-top: 10px;\n\t\t\t\ttext-align: center;\n\t\t\t\twidth: 33%;\n\t\t\t}\n\t\t\t#gallery-1 img {\n\t\t\t\tborder: 2px solid #cfcfcf;\n\t\t\t}\n\t\t\t#gallery-1 .gallery-caption {\n\t\t\t\tmargin-left: 0;\n\t\t\t}\n\t\t\t\/* see gallery_shortcode() in wp-includes\/media.php *\/\n\t\t<\/style>\n\t\t<div id='gallery-1' class='gallery galleryid-8881 gallery-columns-3 gallery-size-thumbnail'><dl class='gallery-item'>\n\t\t\t<dt class='gallery-icon landscape'>\n\t\t\t\t<a href='https:\/\/www.fundacionsancebrian.com\/portal\/el-equipo-de-delegados-conoce-las-lineas-principales-del-plan-estrategico-2022-2024-del-grupo-fundacion-san-cebrian\/51956546950_ca01ab56cf_k-2\/#main'><img decoding=\"async\" width=\"150\" height=\"150\" src=\"https:\/\/www.fundacionsancebrian.com\/portal\/wp-content\/uploads\/2022\/03\/51956546950_ca01ab56cf_k-1-150x150.jpg\" class=\"attachment-thumbnail size-thumbnail\" alt=\"\" aria-describedby=\"gallery-1-8893\" \/><\/a>\n\t\t\t<\/dt>\n\t\t\t\t<dd class='wp-caption-text gallery-caption' id='gallery-1-8893'>\n\t\t\t\tPresentaci\u00f3n del Plan\n\t\t\t\t<\/dd><\/dl><dl class='gallery-item'>\n\t\t\t<dt class='gallery-icon landscape'>\n\t\t\t\t<a href='https:\/\/www.fundacionsancebrian.com\/portal\/el-equipo-de-delegados-conoce-las-lineas-principales-del-plan-estrategico-2022-2024-del-grupo-fundacion-san-cebrian\/51956021263_a3ea492234_k-3\/#main'><img decoding=\"async\" width=\"150\" height=\"150\" src=\"https:\/\/www.fundacionsancebrian.com\/portal\/wp-content\/uploads\/2022\/03\/51956021263_a3ea492234_k-2-150x150.jpg\" class=\"attachment-thumbnail size-thumbnail\" alt=\"\" aria-describedby=\"gallery-1-8894\" \/><\/a>\n\t\t\t<\/dt>\n\t\t\t\t<dd class='wp-caption-text gallery-caption' id='gallery-1-8894'>\n\t\t\t\tPresentaci\u00f3n del Plan\n\t\t\t\t<\/dd><\/dl>\n\t\t\t<br style='clear: both' \/>\n\t\t<\/div>\n\n<p>&nbsp;<\/p>\n<p>Aqu\u00ed tienes el documento completo<\/p>\n<p><a href=\"https:\/\/drive.google.com\/file\/d\/1tgAeTIAw9QK_YqAIFAvljx4of0Wz9JLF\/view?usp=sharing\">Documento en lectura f\u00e1cil completo<\/a><\/p>\n<blockquote>\n<p>&nbsp;<\/p>\n<\/blockquote>\n<p>&nbsp;<\/p>\n<\/div>\n<\/div><\/div><\/div><\/div><\/div>","protected":false},"excerpt":{"rendered":"<p>Acercar la informaci\u00f3n a todos los grupos de inter\u00e9s y que se f\u00e1cil y sencilla, es uno de los retos del Grupo Fundaci\u00f3n San Cebri\u00e1n. Esta ma\u00f1ana durante la reuni\u00f3n del Equipo de Delegados del Grupo Fundaci\u00f3n San Cebri\u00e1n, la gerente de la entidad, Eva del R\u00edo ha participado para explicar y detallar los puntos [&hellip;]<\/p>\n","protected":false},"author":1,"featured_media":8887,"comment_status":"open","ping_status":"open","sticky":false,"template":"","format":"standard","meta":{"_seopress_robots_primary_cat":"","_seopress_titles_title":"","_seopress_titles_desc":"","_seopress_robots_index":"","_eb_attr":"","footnotes":""},"categories":[8],"tags":[],"class_list":["post-8881","post","type-post","status-publish","format-standard","has-post-thumbnail","hentry","category-noticias","post-with-thumbnail","post-with-thumbnail-icon"],"_links":{"self":[{"href":"https:\/\/www.fundacionsancebrian.com\/portal\/wp-json\/wp\/v2\/posts\/8881","targetHints":{"allow":["GET"]}}],"collection":[{"href":"https:\/\/www.fundacionsancebrian.com\/portal\/wp-json\/wp\/v2\/posts"}],"about":[{"href":"https:\/\/www.fundacionsancebrian.com\/portal\/wp-json\/wp\/v2\/types\/post"}],"author":[{"embeddable":true,"href":"https:\/\/www.fundacionsancebrian.com\/portal\/wp-json\/wp\/v2\/users\/1"}],"replies":[{"embeddable":true,"href":"https:\/\/www.fundacionsancebrian.com\/portal\/wp-json\/wp\/v2\/comments?post=8881"}],"version-history":[{"count":5,"href":"https:\/\/www.fundacionsancebrian.com\/portal\/wp-json\/wp\/v2\/posts\/8881\/revisions"}],"predecessor-version":[{"id":8896,"href":"https:\/\/www.fundacionsancebrian.com\/portal\/wp-json\/wp\/v2\/posts\/8881\/revisions\/8896"}],"wp:featuredmedia":[{"embeddable":true,"href":"https:\/\/www.fundacionsancebrian.com\/portal\/wp-json\/wp\/v2\/media\/8887"}],"wp:attachment":[{"href":"https:\/\/www.fundacionsancebrian.com\/portal\/wp-json\/wp\/v2\/media?parent=8881"}],"wp:term":[{"taxonomy":"category","embeddable":true,"href":"https:\/\/www.fundacionsancebrian.com\/portal\/wp-json\/wp\/v2\/categories?post=8881"},{"taxonomy":"post_tag","embeddable":true,"href":"https:\/\/www.fundacionsancebrian.com\/portal\/wp-json\/wp\/v2\/tags?post=8881"}],"curies":[{"name":"wp","href":"https:\/\/api.w.org\/{rel}","templated":true}]}}