{"id":8935,"date":"2022-04-06T13:45:02","date_gmt":"2022-04-06T11:45:02","guid":{"rendered":"https:\/\/www.fundacionsancebrian.com\/portal\/?p=8935"},"modified":"2022-04-06T13:45:31","modified_gmt":"2022-04-06T11:45:31","slug":"el-grupo-fundacion-san-cebrian-y-la-asociacion-espanola-contra-el-cancer-firman-un-convenio-para-mejorar-la-calidad-de-vida-de-pacientes-con-linfedema","status":"publish","type":"post","link":"https:\/\/www.fundacionsancebrian.com\/portal\/el-grupo-fundacion-san-cebrian-y-la-asociacion-espanola-contra-el-cancer-firman-un-convenio-para-mejorar-la-calidad-de-vida-de-pacientes-con-linfedema\/","title":{"rendered":"El Grupo Fundaci\u00f3n San Cebri\u00e1n y la Asociaci\u00f3n espa\u00f1ola contra el c\u00e1ncer firman un convenio para mejorar la calidad de vida de pacientes con linfedema"},"content":{"rendered":"<div id=\"pl-8935\"  class=\"panel-layout\" ><div id=\"pg-8935-0\"  class=\"panel-grid panel-no-style\" ><div id=\"pgc-8935-0-0\"  class=\"panel-grid-cell\" ><div id=\"panel-8935-0-0-0\" class=\"so-panel widget widget_sow-editor panel-first-child panel-last-child\" data-index=\"0\" ><div\n\t\t\t\n\t\t\tclass=\"so-widget-sow-editor so-widget-sow-editor-base\"\n\t\t\t\n\t\t><h3 class=\"widget-title\">Se ha organizado una charla para pacientes con linfedema, el mi\u00e9rcoles, 27 de abril a las 16,30 horas en el Centro de Vida Independiente Fidel Ramos. <\/h3>\n<div class=\"siteorigin-widget-tinymce textwidget\">\n\t<p>El Grupo Fundaci\u00f3n San Cebri\u00e1n se marc\u00f3 en su reci\u00e9n estrenado Plan Estrat\u00e9gico 2022-2024 el prop\u00f3sito de <em>co- crear entornos que garanticen vidas con sentido, haciendo realidad para cada persona un proyecto de vida elegido. <\/em>Y bajo esta premisa, esta ma\u00f1ana ha suscrito un acuerdo de colaboraci\u00f3n con la Asociaci\u00f3n Espa\u00f1ola contra el c\u00e1ncer para mejorar la calidad de vida de los pacientes con linfedema.<\/p>\n<p>La entidad social pretende seguir estableciendo acuerdos de colaboraci\u00f3n con otras entidades sociales y de otros sectores para seguir mejorando entre todos la calidad de vida de todas las personas.<\/p>\n<div id=\"attachment_8936\" style=\"width: 310px\" class=\"wp-caption alignright\"><a href=\"https:\/\/www.fundacionsancebrian.com\/portal\/?attachment_id=8936#main\" rel=\"attachment wp-att-8936\"><img fetchpriority=\"high\" aria-describedby=\"caption-attachment-8936\" fetchpriority=\"high\" decoding=\"async\" class=\"wp-image-8936 size-medium\" src=\"https:\/\/www.fundacionsancebrian.com\/portal\/wp-content\/uploads\/2022\/04\/Firma-convenio-AECC-4-300x199.jpg\" alt=\"\" width=\"300\" height=\"199\" srcset=\"https:\/\/www.fundacionsancebrian.com\/portal\/wp-content\/uploads\/2022\/04\/Firma-convenio-AECC-4-300x199.jpg 300w, https:\/\/www.fundacionsancebrian.com\/portal\/wp-content\/uploads\/2022\/04\/Firma-convenio-AECC-4-1024x681.jpg 1024w, https:\/\/www.fundacionsancebrian.com\/portal\/wp-content\/uploads\/2022\/04\/Firma-convenio-AECC-4-768x511.jpg 768w, https:\/\/www.fundacionsancebrian.com\/portal\/wp-content\/uploads\/2022\/04\/Firma-convenio-AECC-4-600x400.jpg 600w, https:\/\/www.fundacionsancebrian.com\/portal\/wp-content\/uploads\/2022\/04\/Firma-convenio-AECC-4-1536x1021.jpg 1536w, https:\/\/www.fundacionsancebrian.com\/portal\/wp-content\/uploads\/2022\/04\/Firma-convenio-AECC-4-2048x1362.jpg 2048w\" sizes=\"(max-width: 300px) 100vw, 300px\" \/><\/a><p id=\"caption-attachment-8936\" class=\"wp-caption-text\">Firma Convenio AECC<\/p><\/div>\n<p>La gerente del Grupo Fundaci\u00f3n San Cebri\u00e1n, Eva del R\u00edo y la Presidenta de la Asociaci\u00f3n Espa\u00f1ola contra el C\u00e1ncer, Rosa Mar\u00eda Andr\u00e9s, acompa\u00f1ada por la trabajadora social, Encarna Bengoechea y el responsable del Centro de Vida Independiente Fidel Ramos, \u00c1lvaro Rosales, han suscrito esta ma\u00f1ana un convenio de colaboraci\u00f3n para mejorar la calidad de vida de los pacientes con linfedema a trav\u00e9s de sesiones de fisioterapia, que ser\u00e1n ofrecidas en el Centro de Vida Independiente Fidel Ramos.<\/p>\n<p><em>\u201cQueremos impulsar ese tejido social para buscar el objetivo com\u00fan de todos para atender a todas las personas con calidad de vida, y un ejemplo de ello es el convenio que hoy firmamos con la Asociaci\u00f3n para poder facilitar esos servicios a las personas con una problem\u00e1tica espec\u00edfica como es el linfedema<\/em>\u201d, apunt\u00f3 la gerente del Grupo Fundaci\u00f3n San Cebri\u00e1n, Eva del R\u00edo tras la firma del convenio.<\/p>\n<p>\u201cEs un lujo que vuestros profesionales puedan atender a nuestras pacientes, ya que es un servicio que ahora no dispon\u00edamos\u00a0 y que a partir de ahora ya empezamos a ofrecer\u201d, se\u00f1al\u00f3 la Presidenta de AECC, Rosa Mar\u00eda Andr\u00e9s.<\/p>\n<p>Adem\u00e1s, el mi\u00e9rcoles 27 de abril se impartir\u00e1 una charla en el Centro de Vida Independiente con el objetivo de informar sobre c\u00f3mo ser\u00e1 la metodolog\u00eda del tratamiento y c\u00f3mo se llevar\u00e1n la organizaci\u00f3n de las sesiones. Para acudir a este charla, ser\u00e1 necesaria una previa inscripci\u00f3n llamando al 979706700 o escribiendo al correo <a href=\"mailto:palencia@contraelcancer.es\">palencia@contraelcancer.es<\/a><\/p>\n\n\t\t<style type=\"text\/css\">\n\t\t\t#gallery-1 {\n\t\t\t\tmargin: auto;\n\t\t\t}\n\t\t\t#gallery-1 .gallery-item {\n\t\t\t\tfloat: left;\n\t\t\t\tmargin-top: 10px;\n\t\t\t\ttext-align: center;\n\t\t\t\twidth: 33%;\n\t\t\t}\n\t\t\t#gallery-1 img {\n\t\t\t\tborder: 2px solid #cfcfcf;\n\t\t\t}\n\t\t\t#gallery-1 .gallery-caption {\n\t\t\t\tmargin-left: 0;\n\t\t\t}\n\t\t\t\/* see gallery_shortcode() in wp-includes\/media.php *\/\n\t\t<\/style>\n\t\t<div id='gallery-1' class='gallery galleryid-8935 gallery-columns-3 gallery-size-thumbnail'><dl class='gallery-item'>\n\t\t\t<dt class='gallery-icon landscape'>\n\t\t\t\t<a href='https:\/\/www.fundacionsancebrian.com\/portal\/el-grupo-fundacion-san-cebrian-y-la-asociacion-espanola-contra-el-cancer-firman-un-convenio-para-mejorar-la-calidad-de-vida-de-pacientes-con-linfedema\/firma-convenio-aecc-3\/#main'><img decoding=\"async\" width=\"150\" height=\"150\" src=\"https:\/\/www.fundacionsancebrian.com\/portal\/wp-content\/uploads\/2022\/04\/Firma-convenio-AECC-3-150x150.jpg\" class=\"attachment-thumbnail size-thumbnail\" alt=\"\" aria-describedby=\"gallery-1-8937\" \/><\/a>\n\t\t\t<\/dt>\n\t\t\t\t<dd class='wp-caption-text gallery-caption' id='gallery-1-8937'>\n\t\t\t\tFirma Convenio AECC\n\t\t\t\t<\/dd><\/dl><dl class='gallery-item'>\n\t\t\t<dt class='gallery-icon landscape'>\n\t\t\t\t<a href='https:\/\/www.fundacionsancebrian.com\/portal\/el-grupo-fundacion-san-cebrian-y-la-asociacion-espanola-contra-el-cancer-firman-un-convenio-para-mejorar-la-calidad-de-vida-de-pacientes-con-linfedema\/firma-convenio-aeecc-mesa\/#main'><img loading=\"lazy\" decoding=\"async\" width=\"150\" height=\"150\" src=\"https:\/\/www.fundacionsancebrian.com\/portal\/wp-content\/uploads\/2022\/04\/Firma-convenio-AEECC-MESA-150x150.jpg\" class=\"attachment-thumbnail size-thumbnail\" alt=\"\" aria-describedby=\"gallery-1-8938\" \/><\/a>\n\t\t\t<\/dt>\n\t\t\t\t<dd class='wp-caption-text gallery-caption' id='gallery-1-8938'>\n\t\t\t\tFirma Convenio AECC\n\t\t\t\t<\/dd><\/dl><dl class='gallery-item'>\n\t\t\t<dt class='gallery-icon landscape'>\n\t\t\t\t<a href='https:\/\/www.fundacionsancebrian.com\/portal\/el-grupo-fundacion-san-cebrian-y-la-asociacion-espanola-contra-el-cancer-firman-un-convenio-para-mejorar-la-calidad-de-vida-de-pacientes-con-linfedema\/durante-firma-convenio-1\/#main'><img loading=\"lazy\" decoding=\"async\" width=\"150\" height=\"150\" src=\"https:\/\/www.fundacionsancebrian.com\/portal\/wp-content\/uploads\/2022\/04\/Durante-firma-convenio-1-150x150.jpg\" class=\"attachment-thumbnail size-thumbnail\" alt=\"\" aria-describedby=\"gallery-1-8940\" \/><\/a>\n\t\t\t<\/dt>\n\t\t\t\t<dd class='wp-caption-text gallery-caption' id='gallery-1-8940'>\n\t\t\t\tFirma convenio AECC\n\t\t\t\t<\/dd><\/dl><br style=\"clear: both\" \/>\n\t\t<\/div>\n\n<p>&nbsp;<\/p>\n<p><a href=\"https:\/\/www.fundacionsancebrian.com\/portal\/?attachment_id=8941#main\" rel=\"attachment wp-att-8941\"><img decoding=\"async\" class=\"size-large wp-image-8941 aligncenter\" src=\"https:\/\/www.fundacionsancebrian.com\/portal\/wp-content\/uploads\/2022\/04\/cartel-charla-AECC-linfedema-Documento-A4-Poster-724x1024.jpg\" alt=\"\" width=\"720\" height=\"1018\" srcset=\"https:\/\/www.fundacionsancebrian.com\/portal\/wp-content\/uploads\/2022\/04\/cartel-charla-AECC-linfedema-Documento-A4-Poster-724x1024.jpg 724w, https:\/\/www.fundacionsancebrian.com\/portal\/wp-content\/uploads\/2022\/04\/cartel-charla-AECC-linfedema-Documento-A4-Poster-212x300.jpg 212w, https:\/\/www.fundacionsancebrian.com\/portal\/wp-content\/uploads\/2022\/04\/cartel-charla-AECC-linfedema-Documento-A4-Poster-768x1086.jpg 768w, https:\/\/www.fundacionsancebrian.com\/portal\/wp-content\/uploads\/2022\/04\/cartel-charla-AECC-linfedema-Documento-A4-Poster-1086x1536.jpg 1086w, https:\/\/www.fundacionsancebrian.com\/portal\/wp-content\/uploads\/2022\/04\/cartel-charla-AECC-linfedema-Documento-A4-Poster.jpg 1240w\" sizes=\"(max-width: 720px) 100vw, 720px\" \/><\/a><\/p>\n<\/div>\n<\/div><\/div><\/div><\/div><\/div>","protected":false},"excerpt":{"rendered":"<p>El Grupo Fundaci\u00f3n San Cebri\u00e1n se marc\u00f3 en su reci\u00e9n estrenado Plan Estrat\u00e9gico 2022-2024 el prop\u00f3sito de co- crear entornos que garanticen vidas con sentido, haciendo realidad para cada persona un proyecto de vida elegido. Y bajo esta premisa, esta ma\u00f1ana ha suscrito un acuerdo de colaboraci\u00f3n con la Asociaci\u00f3n Espa\u00f1ola contra el c\u00e1ncer para [&hellip;]<\/p>\n","protected":false},"author":1,"featured_media":8937,"comment_status":"open","ping_status":"open","sticky":false,"template":"","format":"standard","meta":{"_seopress_robots_primary_cat":"","_seopress_titles_title":"","_seopress_titles_desc":"","_seopress_robots_index":"","_eb_attr":"","footnotes":""},"categories":[8],"tags":[],"class_list":["post-8935","post","type-post","status-publish","format-standard","has-post-thumbnail","hentry","category-noticias","post-with-thumbnail","post-with-thumbnail-icon"],"_links":{"self":[{"href":"https:\/\/www.fundacionsancebrian.com\/portal\/wp-json\/wp\/v2\/posts\/8935","targetHints":{"allow":["GET"]}}],"collection":[{"href":"https:\/\/www.fundacionsancebrian.com\/portal\/wp-json\/wp\/v2\/posts"}],"about":[{"href":"https:\/\/www.fundacionsancebrian.com\/portal\/wp-json\/wp\/v2\/types\/post"}],"author":[{"embeddable":true,"href":"https:\/\/www.fundacionsancebrian.com\/portal\/wp-json\/wp\/v2\/users\/1"}],"replies":[{"embeddable":true,"href":"https:\/\/www.fundacionsancebrian.com\/portal\/wp-json\/wp\/v2\/comments?post=8935"}],"version-history":[{"count":4,"href":"https:\/\/www.fundacionsancebrian.com\/portal\/wp-json\/wp\/v2\/posts\/8935\/revisions"}],"predecessor-version":[{"id":8945,"href":"https:\/\/www.fundacionsancebrian.com\/portal\/wp-json\/wp\/v2\/posts\/8935\/revisions\/8945"}],"wp:featuredmedia":[{"embeddable":true,"href":"https:\/\/www.fundacionsancebrian.com\/portal\/wp-json\/wp\/v2\/media\/8937"}],"wp:attachment":[{"href":"https:\/\/www.fundacionsancebrian.com\/portal\/wp-json\/wp\/v2\/media?parent=8935"}],"wp:term":[{"taxonomy":"category","embeddable":true,"href":"https:\/\/www.fundacionsancebrian.com\/portal\/wp-json\/wp\/v2\/categories?post=8935"},{"taxonomy":"post_tag","embeddable":true,"href":"https:\/\/www.fundacionsancebrian.com\/portal\/wp-json\/wp\/v2\/tags?post=8935"}],"curies":[{"name":"wp","href":"https:\/\/api.w.org\/{rel}","templated":true}]}}