{"id":8958,"date":"2022-04-29T13:43:23","date_gmt":"2022-04-29T11:43:23","guid":{"rendered":"https:\/\/www.fundacionsancebrian.com\/portal\/?p=8958"},"modified":"2022-04-29T13:43:24","modified_gmt":"2022-04-29T11:43:24","slug":"el-grupo-fundacion-san-cebrian-beneficiario-de-un-proyecto-erasmus-de-la-union-europea-para-poner-en-marcha-emosovo-una-radio-inclusiva-con-una-entidad-social-de-polonia","status":"publish","type":"post","link":"https:\/\/www.fundacionsancebrian.com\/portal\/el-grupo-fundacion-san-cebrian-beneficiario-de-un-proyecto-erasmus-de-la-union-europea-para-poner-en-marcha-emosovo-una-radio-inclusiva-con-una-entidad-social-de-polonia\/","title":{"rendered":"El Grupo Fundaci\u00f3n San Cebri\u00e1n, beneficiario de un  proyecto Erasmus + de la Uni\u00f3n Europea, para poner en marcha EmoSovo, una radio inclusiva con una entidad social de Polonia"},"content":{"rendered":"<div id=\"pl-8958\"  class=\"panel-layout\" ><div id=\"pg-8958-0\"  class=\"panel-grid panel-no-style\" ><div id=\"pgc-8958-0-0\"  class=\"panel-grid-cell\" ><div id=\"panel-8958-0-0-0\" class=\"so-panel widget widget_sow-editor panel-first-child panel-last-child\" data-index=\"0\" ><div\n\t\t\t\n\t\t\tclass=\"so-widget-sow-editor so-widget-sow-editor-base\"\n\t\t\t\n\t\t>\n<div class=\"siteorigin-widget-tinymce textwidget\">\n\t<p>El Grupo Fundaci\u00f3n san Cebri\u00e1n ha resultado beneficiario, junto a una entidad tambi\u00e9n del tercer sector de Polonia, -PSONI-, de un proyecto Erasmus + de la Uni\u00f3n Europea. El proyecto <em>EmoSovo (nombre formado por Emoci\u00f3nate Radio, la emisora del Grupo Fundaci\u00f3n San Cebri\u00e1n, y SOVO, la emisora de la entidad polaca), <\/em>consiste en poner en marcha una radio inclusiva entre el Grupo Fundaci\u00f3n San Cebri\u00e1n y PSONI con presencia de servicios en todo el pa\u00eds, con el objetivo de mejorar las habilidades y competencias digitales de las personas con discapacidad intelectual que forman parte de sendas emisoras de radio.\u00a0 \u00a0<a href=\"https:\/\/www.fundacionsancebrian.com\/portal\/?attachment_id=8960#main\" rel=\"attachment wp-att-8960\"><img fetchpriority=\"high\" fetchpriority=\"high\" decoding=\"async\" class=\"alignright wp-image-8960 size-medium\" src=\"https:\/\/www.fundacionsancebrian.com\/portal\/wp-content\/uploads\/2022\/04\/Programa-Emosovo-Semana-Santa-2-300x225.jpg\" alt=\"\" width=\"300\" height=\"225\" srcset=\"https:\/\/www.fundacionsancebrian.com\/portal\/wp-content\/uploads\/2022\/04\/Programa-Emosovo-Semana-Santa-2-300x225.jpg 300w, https:\/\/www.fundacionsancebrian.com\/portal\/wp-content\/uploads\/2022\/04\/Programa-Emosovo-Semana-Santa-2-1024x768.jpg 1024w, https:\/\/www.fundacionsancebrian.com\/portal\/wp-content\/uploads\/2022\/04\/Programa-Emosovo-Semana-Santa-2-768x576.jpg 768w, https:\/\/www.fundacionsancebrian.com\/portal\/wp-content\/uploads\/2022\/04\/Programa-Emosovo-Semana-Santa-2-1536x1152.jpg 1536w, https:\/\/www.fundacionsancebrian.com\/portal\/wp-content\/uploads\/2022\/04\/Programa-Emosovo-Semana-Santa-2.jpg 2048w\" sizes=\"(max-width: 300px) 100vw, 300px\" \/><\/a><\/p>\n<p>Adem\u00e1s, el proyecto busca el intercambio cultural entre los dos pa\u00edses y el fortalecimiento de la motivaci\u00f3n para obtener conocimiento sobre asuntos relacionados con la radio y la cultura.<\/p>\n<p>El proyecto tiene una duraci\u00f3n de un a\u00f1o y conta de varias actividades, entre ellas:<\/p>\n<ul>\n<li><u>Emisiones online con las tem\u00e1ticas de la Semana Santa y la Navidad como ejes centrales<\/u>. En la jornada de ayer se celebr\u00f3 el primero de los programas con la Semana Santa como tem\u00e1tica. La emisi\u00f3n pudo verse en directo desde el Canal de Youtube del Grupo Fundaci\u00f3n San Cebri\u00e1n. En la misma participaron, dos int\u00e9rpretes y los dos grupos de periodistas de sendas emisoras inclusivas. Adem\u00e1s, particip\u00f3 en el programa el Presidente de la Hermandad de Cofrad\u00edas de Palencia, Domiciano Curiel.<\/li>\n<\/ul>\n<p>Emoci\u00f3nate Radio realiz\u00f3 el programa desde la Capilla de la Cofrad\u00eda de los Nazarenos con las im\u00e1genes religiosas de los pasos de fondo.<\/p>\n<ul>\n<li><u>Reuniones presenciales y online para conocer la marcha y resultados del proyecto. <\/u><\/li>\n<li><u>Encuentros presenciales tanto en Varsovia como en Palencia<\/u> de los dos grupos de periodistas, con el objetivo de conocer en cada ciudad c\u00f3mo se desarrolla la radio inclusiva y poder conocer su cultural.<\/li>\n<\/ul>\n<div class=\"su-youtube su-u-responsive-media-no\"><iframe width=\"520\" height=\"360\" src=\"https:\/\/www.youtube.com\/embed\/MfkfzlpbmBA?\" frameborder=\"0\" allowfullscreen allow=\"autoplay; encrypted-media; picture-in-picture\" title=\"Programa EMOSOVO 28 abril. Semana Santa\"><\/iframe><\/div>\n\n\t\t<style type=\"text\/css\">\n\t\t\t#gallery-1 {\n\t\t\t\tmargin: auto;\n\t\t\t}\n\t\t\t#gallery-1 .gallery-item {\n\t\t\t\tfloat: left;\n\t\t\t\tmargin-top: 10px;\n\t\t\t\ttext-align: center;\n\t\t\t\twidth: 33%;\n\t\t\t}\n\t\t\t#gallery-1 img {\n\t\t\t\tborder: 2px solid #cfcfcf;\n\t\t\t}\n\t\t\t#gallery-1 .gallery-caption {\n\t\t\t\tmargin-left: 0;\n\t\t\t}\n\t\t\t\/* see gallery_shortcode() in wp-includes\/media.php *\/\n\t\t<\/style>\n\t\t<div id='gallery-1' class='gallery galleryid-8958 gallery-columns-3 gallery-size-thumbnail'><dl class='gallery-item'>\n\t\t\t<dt class='gallery-icon landscape'>\n\t\t\t\t<a href='https:\/\/www.fundacionsancebrian.com\/portal\/el-grupo-fundacion-san-cebrian-beneficiario-de-un-proyecto-erasmus-de-la-union-europea-para-poner-en-marcha-emosovo-una-radio-inclusiva-con-una-entidad-social-de-polonia\/52037441851_2e4eb0f4f9_k\/#main'><img decoding=\"async\" width=\"150\" height=\"150\" src=\"https:\/\/www.fundacionsancebrian.com\/portal\/wp-content\/uploads\/2022\/04\/52037441851_2e4eb0f4f9_k-150x150.jpg\" class=\"attachment-thumbnail size-thumbnail\" alt=\"\" aria-describedby=\"gallery-1-8962\" \/><\/a>\n\t\t\t<\/dt>\n\t\t\t\t<dd class='wp-caption-text gallery-caption' id='gallery-1-8962'>\n\t\t\t\tPrograma de Radio\n\t\t\t\t<\/dd><\/dl><dl class='gallery-item'>\n\t\t\t<dt class='gallery-icon landscape'>\n\t\t\t\t<a href='https:\/\/www.fundacionsancebrian.com\/portal\/el-grupo-fundacion-san-cebrian-beneficiario-de-un-proyecto-erasmus-de-la-union-europea-para-poner-en-marcha-emosovo-una-radio-inclusiva-con-una-entidad-social-de-polonia\/52036406217_246ba1594e_k\/#main'><img decoding=\"async\" width=\"150\" height=\"150\" src=\"https:\/\/www.fundacionsancebrian.com\/portal\/wp-content\/uploads\/2022\/04\/52036406217_246ba1594e_k-150x150.jpg\" class=\"attachment-thumbnail size-thumbnail\" alt=\"\" aria-describedby=\"gallery-1-8963\" \/><\/a>\n\t\t\t<\/dt>\n\t\t\t\t<dd class='wp-caption-text gallery-caption' id='gallery-1-8963'>\n\t\t\t\tPrograma de Radio\n\t\t\t\t<\/dd><\/dl><dl class='gallery-item'>\n\t\t\t<dt class='gallery-icon landscape'>\n\t\t\t\t<a href='https:\/\/www.fundacionsancebrian.com\/portal\/el-grupo-fundacion-san-cebrian-beneficiario-de-un-proyecto-erasmus-de-la-union-europea-para-poner-en-marcha-emosovo-una-radio-inclusiva-con-una-entidad-social-de-polonia\/52037495098_ed23916d7d_c\/#main'><img loading=\"lazy\" decoding=\"async\" width=\"150\" height=\"150\" src=\"https:\/\/www.fundacionsancebrian.com\/portal\/wp-content\/uploads\/2022\/04\/52037495098_ed23916d7d_c-150x150.jpg\" class=\"attachment-thumbnail size-thumbnail\" alt=\"\" aria-describedby=\"gallery-1-8964\" \/><\/a>\n\t\t\t<\/dt>\n\t\t\t\t<dd class='wp-caption-text gallery-caption' id='gallery-1-8964'>\n\t\t\t\tPrograma de Radio\n\t\t\t\t<\/dd><\/dl><br style=\"clear: both\" \/><dl class='gallery-item'>\n\t\t\t<dt class='gallery-icon landscape'>\n\t\t\t\t<a href='https:\/\/www.fundacionsancebrian.com\/portal\/el-grupo-fundacion-san-cebrian-beneficiario-de-un-proyecto-erasmus-de-la-union-europea-para-poner-en-marcha-emosovo-una-radio-inclusiva-con-una-entidad-social-de-polonia\/52037694674_cf0d897ee3_k\/#main'><img loading=\"lazy\" decoding=\"async\" width=\"150\" height=\"150\" src=\"https:\/\/www.fundacionsancebrian.com\/portal\/wp-content\/uploads\/2022\/04\/52037694674_cf0d897ee3_k-150x150.jpg\" class=\"attachment-thumbnail size-thumbnail\" alt=\"\" aria-describedby=\"gallery-1-8965\" \/><\/a>\n\t\t\t<\/dt>\n\t\t\t\t<dd class='wp-caption-text gallery-caption' id='gallery-1-8965'>\n\t\t\t\tPrograma de Radio\n\t\t\t\t<\/dd><\/dl><dl class='gallery-item'>\n\t\t\t<dt class='gallery-icon landscape'>\n\t\t\t\t<a href='https:\/\/www.fundacionsancebrian.com\/portal\/el-grupo-fundacion-san-cebrian-beneficiario-de-un-proyecto-erasmus-de-la-union-europea-para-poner-en-marcha-emosovo-una-radio-inclusiva-con-una-entidad-social-de-polonia\/52037494843_12ac48742b_k\/#main'><img loading=\"lazy\" decoding=\"async\" width=\"150\" height=\"150\" src=\"https:\/\/www.fundacionsancebrian.com\/portal\/wp-content\/uploads\/2022\/04\/52037494843_12ac48742b_k-150x150.jpg\" class=\"attachment-thumbnail size-thumbnail\" alt=\"\" aria-describedby=\"gallery-1-8966\" \/><\/a>\n\t\t\t<\/dt>\n\t\t\t\t<dd class='wp-caption-text gallery-caption' id='gallery-1-8966'>\n\t\t\t\tPrograma de Radio\n\t\t\t\t<\/dd><\/dl><dl class='gallery-item'>\n\t\t\t<dt class='gallery-icon landscape'>\n\t\t\t\t<a href='https:\/\/www.fundacionsancebrian.com\/portal\/el-grupo-fundacion-san-cebrian-beneficiario-de-un-proyecto-erasmus-de-la-union-europea-para-poner-en-marcha-emosovo-una-radio-inclusiva-con-una-entidad-social-de-polonia\/programa-emosovo-2-2-2\/#main'><img loading=\"lazy\" decoding=\"async\" width=\"150\" height=\"150\" src=\"https:\/\/www.fundacionsancebrian.com\/portal\/wp-content\/uploads\/2022\/04\/Programa-Emosovo-2-2-1-150x150.jpg\" class=\"attachment-thumbnail size-thumbnail\" alt=\"\" aria-describedby=\"gallery-1-8967\" \/><\/a>\n\t\t\t<\/dt>\n\t\t\t\t<dd class='wp-caption-text gallery-caption' id='gallery-1-8967'>\n\t\t\t\tPrograma de Radio\n\t\t\t\t<\/dd><\/dl><br style=\"clear: both\" \/>\n\t\t<\/div>\n\n<p>&nbsp;<\/p>\n<\/div>\n<\/div><\/div><\/div><\/div><\/div>","protected":false},"excerpt":{"rendered":"<p>El Grupo Fundaci\u00f3n san Cebri\u00e1n ha resultado beneficiario, junto a una entidad tambi\u00e9n del tercer sector de Polonia, -PSONI-, de un proyecto Erasmus + de la Uni\u00f3n Europea. El proyecto EmoSovo (nombre formado por Emoci\u00f3nate Radio, la emisora del Grupo Fundaci\u00f3n San Cebri\u00e1n, y SOVO, la emisora de la entidad polaca), consiste en poner en [&hellip;]<\/p>\n","protected":false},"author":1,"featured_media":8959,"comment_status":"open","ping_status":"open","sticky":false,"template":"","format":"standard","meta":{"_seopress_robots_primary_cat":"","_seopress_titles_title":"","_seopress_titles_desc":"","_seopress_robots_index":"","_eb_attr":"","footnotes":""},"categories":[8],"tags":[],"class_list":["post-8958","post","type-post","status-publish","format-standard","has-post-thumbnail","hentry","category-noticias","post-with-thumbnail","post-with-thumbnail-icon"],"_links":{"self":[{"href":"https:\/\/www.fundacionsancebrian.com\/portal\/wp-json\/wp\/v2\/posts\/8958","targetHints":{"allow":["GET"]}}],"collection":[{"href":"https:\/\/www.fundacionsancebrian.com\/portal\/wp-json\/wp\/v2\/posts"}],"about":[{"href":"https:\/\/www.fundacionsancebrian.com\/portal\/wp-json\/wp\/v2\/types\/post"}],"author":[{"embeddable":true,"href":"https:\/\/www.fundacionsancebrian.com\/portal\/wp-json\/wp\/v2\/users\/1"}],"replies":[{"embeddable":true,"href":"https:\/\/www.fundacionsancebrian.com\/portal\/wp-json\/wp\/v2\/comments?post=8958"}],"version-history":[{"count":2,"href":"https:\/\/www.fundacionsancebrian.com\/portal\/wp-json\/wp\/v2\/posts\/8958\/revisions"}],"predecessor-version":[{"id":8969,"href":"https:\/\/www.fundacionsancebrian.com\/portal\/wp-json\/wp\/v2\/posts\/8958\/revisions\/8969"}],"wp:featuredmedia":[{"embeddable":true,"href":"https:\/\/www.fundacionsancebrian.com\/portal\/wp-json\/wp\/v2\/media\/8959"}],"wp:attachment":[{"href":"https:\/\/www.fundacionsancebrian.com\/portal\/wp-json\/wp\/v2\/media?parent=8958"}],"wp:term":[{"taxonomy":"category","embeddable":true,"href":"https:\/\/www.fundacionsancebrian.com\/portal\/wp-json\/wp\/v2\/categories?post=8958"},{"taxonomy":"post_tag","embeddable":true,"href":"https:\/\/www.fundacionsancebrian.com\/portal\/wp-json\/wp\/v2\/tags?post=8958"}],"curies":[{"name":"wp","href":"https:\/\/api.w.org\/{rel}","templated":true}]}}