{"id":9064,"date":"2022-06-06T16:20:31","date_gmt":"2022-06-06T14:20:31","guid":{"rendered":"https:\/\/www.fundacionsancebrian.com\/portal\/?p=9064"},"modified":"2022-06-06T16:42:19","modified_gmt":"2022-06-06T14:42:19","slug":"el-grupo-fundacion-san-cebrian-planta-100-arboles-de-ribera-donados-por-fundacion-oxigeno-en-cinco-localidades-palentinas-para-contribuir-al-cuidado-del-medio-ambiente-y-a-la-reduccion-de-s","status":"publish","type":"post","link":"https:\/\/www.fundacionsancebrian.com\/portal\/el-grupo-fundacion-san-cebrian-planta-100-arboles-de-ribera-donados-por-fundacion-oxigeno-en-cinco-localidades-palentinas-para-contribuir-al-cuidado-del-medio-ambiente-y-a-la-reduccion-de-s\/","title":{"rendered":"El Grupo Fundaci\u00f3n San Cebri\u00e1n planta 100 \u00e1rboles de ribera \u2013 donados por Fundaci\u00f3n Ox\u00edgeno- en cinco localidades palentinas para contribuir al cuidado del medio ambiente y a la reducci\u00f3n de su huella de carbono"},"content":{"rendered":"<div id=\"pl-9064\"  class=\"panel-layout\" ><div id=\"pg-9064-0\"  class=\"panel-grid panel-no-style\" ><div id=\"pgc-9064-0-0\"  class=\"panel-grid-cell\" ><div id=\"panel-9064-0-0-0\" class=\"so-panel widget widget_sow-editor panel-first-child panel-last-child\" data-index=\"0\" ><div\n\t\t\t\n\t\t\tclass=\"so-widget-sow-editor so-widget-sow-editor-base\"\n\t\t\t\n\t\t><h3 class=\"widget-title\">Las localidades son: Carri\u00f3n de los Condes, Fr\u00f3mista, San Cebri\u00e1n de Campos, Villamuriel de Cerrato y Palencia capital (concretamente en el Parque Ribera Sur).<\/h3>\n<div class=\"siteorigin-widget-tinymce textwidget\">\n\t<p>Contribuir al cuidado del medio ambiente y reducir el impacto de su huella de carbono, son los objetivos que ha perseguido el Grupo Fundaci\u00f3n San Cebri\u00e1n con la plantaci\u00f3n esta ma\u00f1ana de un total de 100 \u00e1rboles de ribera (sauces, alisos y fresnos), donados por la Fundaci\u00f3n Ox\u00edgeno, con motivo de la celebraci\u00f3n en la jornada de ayer del D\u00eda Mundial del Medio Ambiente. \u00a0 \u00a0 \u00a0\u00a0 \u00a0<a href=\"https:\/\/www.fundacionsancebrian.com\/portal\/?attachment_id=9075#main\" rel=\"attachment wp-att-9075\"><img fetchpriority=\"high\" fetchpriority=\"high\" decoding=\"async\" class=\"alignright wp-image-9075 size-medium\" src=\"https:\/\/www.fundacionsancebrian.com\/portal\/wp-content\/uploads\/2022\/06\/Plantacion-San-Cebrian-1-300x225.jpg\" alt=\"\" width=\"300\" height=\"225\" srcset=\"https:\/\/www.fundacionsancebrian.com\/portal\/wp-content\/uploads\/2022\/06\/Plantacion-San-Cebrian-1-300x225.jpg 300w, https:\/\/www.fundacionsancebrian.com\/portal\/wp-content\/uploads\/2022\/06\/Plantacion-San-Cebrian-1-1024x769.jpg 1024w, https:\/\/www.fundacionsancebrian.com\/portal\/wp-content\/uploads\/2022\/06\/Plantacion-San-Cebrian-1-768x577.jpg 768w, https:\/\/www.fundacionsancebrian.com\/portal\/wp-content\/uploads\/2022\/06\/Plantacion-San-Cebrian-1-1536x1153.jpg 1536w, https:\/\/www.fundacionsancebrian.com\/portal\/wp-content\/uploads\/2022\/06\/Plantacion-San-Cebrian-1-2048x1538.jpg 2048w\" sizes=\"(max-width: 300px) 100vw, 300px\" \/><\/a><\/p>\n<p>Los 100 \u00e1rboles se han plantado entre cinco localidades donde la entidad tiene servicios como San Cebri\u00e1n de Campos, Carri\u00f3n de los Condes, Fr\u00f3mista, Villamuriel de Cerrato y Palencia capital. En la plantaci\u00f3n han participado otros colectivos, como los alumnos del Colegio Marqu\u00e9s de Santillana en Carri\u00f3n de los Condes, voluntarios europeos en Fr\u00f3mista, la Fundaci\u00f3n Hermanos Ortega Arconada de Villamuriel\u00a0 o concejales del ayuntamiento de Villamuriel de Cerrato. La entidad agradece el apoyo a esta iniciativa por parte de los ayuntamientos en los que se ha realizado la plantaci\u00f3n.<\/p>\n<p>Con esta plantaci\u00f3n, todos los participantes han disfrutado mucho, \u201c<em>ha sido muy cansado pero nos ha gustado mucho plantar estos \u00e1rboles, vendremos de vez en cuando para ver c\u00f3mo est\u00e1n creciendo<\/em>\u201d, puntualizaron desde el Centro de d\u00eda del centro de Vida Independiente Fidel Ramos, que participaron en la plantaci\u00f3n en Palencia capital.<\/p>\n<p>El Grupo Fundaci\u00f3n San Cebri\u00e1n a trav\u00e9s de esta iniciativa pretende contribuir al cuidado de medio ambiente y reducir el impacto de su huella de carbono, teniendo en cuenta que seg\u00fan los estudios, una persona emite una media de\u00a0<strong>7,15 toneladas de CO2 equivalente al a\u00f1o<\/strong>. Aunque su capacidad de absorci\u00f3n de carbono puede variar, se puede considerar que un \u00e1rbol almacena unos\u00a0<strong>167 kg de CO2 al a\u00f1o<\/strong>, o 1 tonelada de CO2 al a\u00f1o para 6 \u00e1rboles maduros. Esto significa que habr\u00eda que plantar m\u00e1s de\u00a0<strong>67 \u00e1rboles<\/strong>\u00a0al a\u00f1o para compensar las emisiones de CO2 de un solo espa\u00f1ol.<\/p>\n<p>Con este gesto se cumple adem\u00e1s con los Objetivos de desarrollo sostenible (ODS) de cuidado del medio ambiente y se fomentan actividades en la comunidad.<\/p>\n<p>&nbsp;<\/p>\n\n\t\t<style type=\"text\/css\">\n\t\t\t#gallery-1 {\n\t\t\t\tmargin: auto;\n\t\t\t}\n\t\t\t#gallery-1 .gallery-item {\n\t\t\t\tfloat: left;\n\t\t\t\tmargin-top: 10px;\n\t\t\t\ttext-align: center;\n\t\t\t\twidth: 33%;\n\t\t\t}\n\t\t\t#gallery-1 img {\n\t\t\t\tborder: 2px solid #cfcfcf;\n\t\t\t}\n\t\t\t#gallery-1 .gallery-caption {\n\t\t\t\tmargin-left: 0;\n\t\t\t}\n\t\t\t\/* see gallery_shortcode() in wp-includes\/media.php *\/\n\t\t<\/style>\n\t\t<div id='gallery-1' class='gallery galleryid-9064 gallery-columns-3 gallery-size-thumbnail'><dl class='gallery-item'>\n\t\t\t<dt class='gallery-icon landscape'>\n\t\t\t\t<a href='https:\/\/www.fundacionsancebrian.com\/portal\/el-grupo-fundacion-san-cebrian-planta-100-arboles-de-ribera-donados-por-fundacion-oxigeno-en-cinco-localidades-palentinas-para-contribuir-al-cuidado-del-medio-ambiente-y-a-la-reduccion-de-s\/microsoftteams-image-62-2\/#main'><img decoding=\"async\" width=\"150\" height=\"150\" src=\"https:\/\/www.fundacionsancebrian.com\/portal\/wp-content\/uploads\/2022\/06\/MicrosoftTeams-image-62-150x150.jpg\" class=\"attachment-thumbnail size-thumbnail\" alt=\"\" aria-describedby=\"gallery-1-9076\" \/><\/a>\n\t\t\t<\/dt>\n\t\t\t\t<dd class='wp-caption-text gallery-caption' id='gallery-1-9076'>\n\t\t\t\tPlantaci\u00f3n en San Cebri\u00e1n\n\t\t\t\t<\/dd><\/dl><dl class='gallery-item'>\n\t\t\t<dt class='gallery-icon landscape'>\n\t\t\t\t<a href='https:\/\/www.fundacionsancebrian.com\/portal\/el-grupo-fundacion-san-cebrian-planta-100-arboles-de-ribera-donados-por-fundacion-oxigeno-en-cinco-localidades-palentinas-para-contribuir-al-cuidado-del-medio-ambiente-y-a-la-reduccion-de-s\/plantacion-san-cebrian-1\/#main'><img decoding=\"async\" width=\"150\" height=\"150\" src=\"https:\/\/www.fundacionsancebrian.com\/portal\/wp-content\/uploads\/2022\/06\/Plantacion-San-Cebrian-1-150x150.jpg\" class=\"attachment-thumbnail size-thumbnail\" alt=\"\" aria-describedby=\"gallery-1-9075\" \/><\/a>\n\t\t\t<\/dt>\n\t\t\t\t<dd class='wp-caption-text gallery-caption' id='gallery-1-9075'>\n\t\t\t\tPlantaci\u00f3n en San Cebri\u00e1n\n\t\t\t\t<\/dd><\/dl><dl class='gallery-item'>\n\t\t\t<dt class='gallery-icon landscape'>\n\t\t\t\t<a href='https:\/\/www.fundacionsancebrian.com\/portal\/el-grupo-fundacion-san-cebrian-planta-100-arboles-de-ribera-donados-por-fundacion-oxigeno-en-cinco-localidades-palentinas-para-contribuir-al-cuidado-del-medio-ambiente-y-a-la-reduccion-de-s\/plantacion-san-cebrian\/#main'><img loading=\"lazy\" decoding=\"async\" width=\"150\" height=\"150\" src=\"https:\/\/www.fundacionsancebrian.com\/portal\/wp-content\/uploads\/2022\/06\/Plantacion-San-Cebrian--150x150.jpg\" class=\"attachment-thumbnail size-thumbnail\" alt=\"\" aria-describedby=\"gallery-1-9074\" \/><\/a>\n\t\t\t<\/dt>\n\t\t\t\t<dd class='wp-caption-text gallery-caption' id='gallery-1-9074'>\n\t\t\t\tPlantaci\u00f3n en San Cebri\u00e1n\n\t\t\t\t<\/dd><\/dl><br style=\"clear: both\" \/><dl class='gallery-item'>\n\t\t\t<dt class='gallery-icon landscape'>\n\t\t\t\t<a href='https:\/\/www.fundacionsancebrian.com\/portal\/el-grupo-fundacion-san-cebrian-planta-100-arboles-de-ribera-donados-por-fundacion-oxigeno-en-cinco-localidades-palentinas-para-contribuir-al-cuidado-del-medio-ambiente-y-a-la-reduccion-de-s\/microsoftteams-image-66\/#main'><img loading=\"lazy\" decoding=\"async\" width=\"150\" height=\"150\" src=\"https:\/\/www.fundacionsancebrian.com\/portal\/wp-content\/uploads\/2022\/06\/MicrosoftTeams-image-66-150x150.jpg\" class=\"attachment-thumbnail size-thumbnail\" alt=\"\" aria-describedby=\"gallery-1-9073\" \/><\/a>\n\t\t\t<\/dt>\n\t\t\t\t<dd class='wp-caption-text gallery-caption' id='gallery-1-9073'>\n\t\t\t\tPlantaci\u00f3n en San Cebri\u00e1n\n\t\t\t\t<\/dd><\/dl><dl class='gallery-item'>\n\t\t\t<dt class='gallery-icon landscape'>\n\t\t\t\t<a href='https:\/\/www.fundacionsancebrian.com\/portal\/el-grupo-fundacion-san-cebrian-planta-100-arboles-de-ribera-donados-por-fundacion-oxigeno-en-cinco-localidades-palentinas-para-contribuir-al-cuidado-del-medio-ambiente-y-a-la-reduccion-de-s\/whatsapp-image-2022-06-06-at-12-19-25-pm-1\/#main'><img loading=\"lazy\" decoding=\"async\" width=\"150\" height=\"150\" src=\"https:\/\/www.fundacionsancebrian.com\/portal\/wp-content\/uploads\/2022\/06\/WhatsApp-Image-2022-06-06-at-12.19.25-PM-1-150x150.jpeg\" class=\"attachment-thumbnail size-thumbnail\" alt=\"\" aria-describedby=\"gallery-1-9071\" \/><\/a>\n\t\t\t<\/dt>\n\t\t\t\t<dd class='wp-caption-text gallery-caption' id='gallery-1-9071'>\n\t\t\t\tPlantaci\u00f3n fr\u00f3mista\n\t\t\t\t<\/dd><\/dl><dl class='gallery-item'>\n\t\t\t<dt class='gallery-icon portrait'>\n\t\t\t\t<a href='https:\/\/www.fundacionsancebrian.com\/portal\/el-grupo-fundacion-san-cebrian-planta-100-arboles-de-ribera-donados-por-fundacion-oxigeno-en-cinco-localidades-palentinas-para-contribuir-al-cuidado-del-medio-ambiente-y-a-la-reduccion-de-s\/plantacion-villamuriel-2\/#main'><img loading=\"lazy\" decoding=\"async\" width=\"150\" height=\"150\" src=\"https:\/\/www.fundacionsancebrian.com\/portal\/wp-content\/uploads\/2022\/06\/Plantacion-Villamuriel-150x150.jpeg\" class=\"attachment-thumbnail size-thumbnail\" alt=\"\" aria-describedby=\"gallery-1-9070\" \/><\/a>\n\t\t\t<\/dt>\n\t\t\t\t<dd class='wp-caption-text gallery-caption' id='gallery-1-9070'>\n\t\t\t\tPlantaci\u00f3n Villamuriel\n\t\t\t\t<\/dd><\/dl><br style=\"clear: both\" \/><dl class='gallery-item'>\n\t\t\t<dt class='gallery-icon landscape'>\n\t\t\t\t<a href='https:\/\/www.fundacionsancebrian.com\/portal\/el-grupo-fundacion-san-cebrian-planta-100-arboles-de-ribera-donados-por-fundacion-oxigeno-en-cinco-localidades-palentinas-para-contribuir-al-cuidado-del-medio-ambiente-y-a-la-reduccion-de-s\/whatsapp-image-2022-06-06-at-12-52-41-pm\/#main'><img loading=\"lazy\" decoding=\"async\" width=\"150\" height=\"150\" src=\"https:\/\/www.fundacionsancebrian.com\/portal\/wp-content\/uploads\/2022\/06\/WhatsApp-Image-2022-06-06-at-12.52.41-PM-150x150.jpeg\" class=\"attachment-thumbnail size-thumbnail\" alt=\"\" aria-describedby=\"gallery-1-9069\" \/><\/a>\n\t\t\t<\/dt>\n\t\t\t\t<dd class='wp-caption-text gallery-caption' id='gallery-1-9069'>\n\t\t\t\tPlantaci\u00f3n Villamuriel\n\t\t\t\t<\/dd><\/dl><dl class='gallery-item'>\n\t\t\t<dt class='gallery-icon landscape'>\n\t\t\t\t<a href='https:\/\/www.fundacionsancebrian.com\/portal\/el-grupo-fundacion-san-cebrian-planta-100-arboles-de-ribera-donados-por-fundacion-oxigeno-en-cinco-localidades-palentinas-para-contribuir-al-cuidado-del-medio-ambiente-y-a-la-reduccion-de-s\/plantacion-villamuriel\/#main'><img loading=\"lazy\" decoding=\"async\" width=\"150\" height=\"150\" src=\"https:\/\/www.fundacionsancebrian.com\/portal\/wp-content\/uploads\/2022\/06\/Plantacion-Villamuriel--150x150.jpeg\" class=\"attachment-thumbnail size-thumbnail\" alt=\"\" aria-describedby=\"gallery-1-9068\" \/><\/a>\n\t\t\t<\/dt>\n\t\t\t\t<dd class='wp-caption-text gallery-caption' id='gallery-1-9068'>\n\t\t\t\tPlantaci\u00f3n Villamuriel\n\t\t\t\t<\/dd><\/dl><dl class='gallery-item'>\n\t\t\t<dt class='gallery-icon landscape'>\n\t\t\t\t<a href='https:\/\/www.fundacionsancebrian.com\/portal\/el-grupo-fundacion-san-cebrian-planta-100-arboles-de-ribera-donados-por-fundacion-oxigeno-en-cinco-localidades-palentinas-para-contribuir-al-cuidado-del-medio-ambiente-y-a-la-reduccion-de-s\/plantacion-fromista\/#main'><img loading=\"lazy\" decoding=\"async\" width=\"150\" height=\"150\" src=\"https:\/\/www.fundacionsancebrian.com\/portal\/wp-content\/uploads\/2022\/06\/plantacion-Fromista-150x150.jpeg\" class=\"attachment-thumbnail size-thumbnail\" alt=\"\" aria-describedby=\"gallery-1-9067\" \/><\/a>\n\t\t\t<\/dt>\n\t\t\t\t<dd class='wp-caption-text gallery-caption' id='gallery-1-9067'>\n\t\t\t\tPlantaci\u00f3n Carri\u00f3n\n\t\t\t\t<\/dd><\/dl><br style=\"clear: both\" \/><dl class='gallery-item'>\n\t\t\t<dt class='gallery-icon landscape'>\n\t\t\t\t<a href='https:\/\/www.fundacionsancebrian.com\/portal\/el-grupo-fundacion-san-cebrian-planta-100-arboles-de-ribera-donados-por-fundacion-oxigeno-en-cinco-localidades-palentinas-para-contribuir-al-cuidado-del-medio-ambiente-y-a-la-reduccion-de-s\/52126307463_2c18ab9378_c\/#main'><img loading=\"lazy\" decoding=\"async\" width=\"150\" height=\"150\" src=\"https:\/\/www.fundacionsancebrian.com\/portal\/wp-content\/uploads\/2022\/06\/52126307463_2c18ab9378_c-150x150.jpg\" class=\"attachment-thumbnail size-thumbnail\" alt=\"\" aria-describedby=\"gallery-1-9066\" \/><\/a>\n\t\t\t<\/dt>\n\t\t\t\t<dd class='wp-caption-text gallery-caption' id='gallery-1-9066'>\n\t\t\t\tPlantaci\u00f3n Palencia\n\t\t\t\t<\/dd><\/dl><dl class='gallery-item'>\n\t\t\t<dt class='gallery-icon landscape'>\n\t\t\t\t<a href='https:\/\/www.fundacionsancebrian.com\/portal\/el-grupo-fundacion-san-cebrian-planta-100-arboles-de-ribera-donados-por-fundacion-oxigeno-en-cinco-localidades-palentinas-para-contribuir-al-cuidado-del-medio-ambiente-y-a-la-reduccion-de-s\/whatsapp-image-2022-06-06-at-12-19-24-pm\/#main'><img loading=\"lazy\" decoding=\"async\" width=\"150\" height=\"150\" src=\"https:\/\/www.fundacionsancebrian.com\/portal\/wp-content\/uploads\/2022\/06\/WhatsApp-Image-2022-06-06-at-12.19.24-PM-150x150.jpeg\" class=\"attachment-thumbnail size-thumbnail\" alt=\"\" aria-describedby=\"gallery-1-9072\" \/><\/a>\n\t\t\t<\/dt>\n\t\t\t\t<dd class='wp-caption-text gallery-caption' id='gallery-1-9072'>\n\t\t\t\tPlantaci\u00f3n Palencia\n\t\t\t\t<\/dd><\/dl><dl class='gallery-item'>\n\t\t\t<dt class='gallery-icon landscape'>\n\t\t\t\t<a href='https:\/\/www.fundacionsancebrian.com\/portal\/el-grupo-fundacion-san-cebrian-planta-100-arboles-de-ribera-donados-por-fundacion-oxigeno-en-cinco-localidades-palentinas-para-contribuir-al-cuidado-del-medio-ambiente-y-a-la-reduccion-de-s\/plantacion-palencia\/#main'><img loading=\"lazy\" decoding=\"async\" width=\"150\" height=\"150\" src=\"https:\/\/www.fundacionsancebrian.com\/portal\/wp-content\/uploads\/2022\/06\/PLantacion-Palencia-150x150.jpg\" class=\"attachment-thumbnail size-thumbnail\" alt=\"\" aria-describedby=\"gallery-1-9065\" \/><\/a>\n\t\t\t<\/dt>\n\t\t\t\t<dd class='wp-caption-text gallery-caption' id='gallery-1-9065'>\n\t\t\t\tPlantaci\u00f3n Palencia\n\t\t\t\t<\/dd><\/dl><br style=\"clear: both\" \/>\n\t\t<\/div>\n\n<p>&nbsp;<\/p>\n<\/div>\n<\/div><\/div><\/div><\/div><\/div>","protected":false},"excerpt":{"rendered":"<p>Contribuir al cuidado del medio ambiente y reducir el impacto de su huella de carbono, son los objetivos que ha perseguido el Grupo Fundaci\u00f3n San Cebri\u00e1n con la plantaci\u00f3n esta ma\u00f1ana de un total de 100 \u00e1rboles de ribera (sauces, alisos y fresnos), donados por la Fundaci\u00f3n Ox\u00edgeno, con motivo de la celebraci\u00f3n en la [&hellip;]<\/p>\n","protected":false},"author":1,"featured_media":9076,"comment_status":"open","ping_status":"open","sticky":false,"template":"","format":"standard","meta":{"_seopress_robots_primary_cat":"","_seopress_titles_title":"","_seopress_titles_desc":"","_seopress_robots_index":"","_eb_attr":"","footnotes":""},"categories":[8],"tags":[],"class_list":["post-9064","post","type-post","status-publish","format-standard","has-post-thumbnail","hentry","category-noticias","post-with-thumbnail","post-with-thumbnail-icon"],"_links":{"self":[{"href":"https:\/\/www.fundacionsancebrian.com\/portal\/wp-json\/wp\/v2\/posts\/9064","targetHints":{"allow":["GET"]}}],"collection":[{"href":"https:\/\/www.fundacionsancebrian.com\/portal\/wp-json\/wp\/v2\/posts"}],"about":[{"href":"https:\/\/www.fundacionsancebrian.com\/portal\/wp-json\/wp\/v2\/types\/post"}],"author":[{"embeddable":true,"href":"https:\/\/www.fundacionsancebrian.com\/portal\/wp-json\/wp\/v2\/users\/1"}],"replies":[{"embeddable":true,"href":"https:\/\/www.fundacionsancebrian.com\/portal\/wp-json\/wp\/v2\/comments?post=9064"}],"version-history":[{"count":4,"href":"https:\/\/www.fundacionsancebrian.com\/portal\/wp-json\/wp\/v2\/posts\/9064\/revisions"}],"predecessor-version":[{"id":9080,"href":"https:\/\/www.fundacionsancebrian.com\/portal\/wp-json\/wp\/v2\/posts\/9064\/revisions\/9080"}],"wp:featuredmedia":[{"embeddable":true,"href":"https:\/\/www.fundacionsancebrian.com\/portal\/wp-json\/wp\/v2\/media\/9076"}],"wp:attachment":[{"href":"https:\/\/www.fundacionsancebrian.com\/portal\/wp-json\/wp\/v2\/media?parent=9064"}],"wp:term":[{"taxonomy":"category","embeddable":true,"href":"https:\/\/www.fundacionsancebrian.com\/portal\/wp-json\/wp\/v2\/categories?post=9064"},{"taxonomy":"post_tag","embeddable":true,"href":"https:\/\/www.fundacionsancebrian.com\/portal\/wp-json\/wp\/v2\/tags?post=9064"}],"curies":[{"name":"wp","href":"https:\/\/api.w.org\/{rel}","templated":true}]}}