{"id":9688,"date":"2022-12-22T09:24:08","date_gmt":"2022-12-22T08:24:08","guid":{"rendered":"https:\/\/www.fundacionsancebrian.com\/portal\/?p=9688"},"modified":"2022-12-30T11:33:33","modified_gmt":"2022-12-30T10:33:33","slug":"el-ix-certamen-de-relatos-de-navidad-del-grupo-fundacion-san-cebrian-ya-tiene-ganadores","status":"publish","type":"post","link":"https:\/\/www.fundacionsancebrian.com\/portal\/el-ix-certamen-de-relatos-de-navidad-del-grupo-fundacion-san-cebrian-ya-tiene-ganadores\/","title":{"rendered":"El IX Certamen de Relatos de Navidad del Grupo Fundaci\u00f3n San Cebri\u00e1n ya tiene ganadores"},"content":{"rendered":"<div id=\"pl-9688\"  class=\"panel-layout\" ><div id=\"pg-9688-0\"  class=\"panel-grid panel-has-style\" ><div class=\"panel-row-style panel-row-style-for-9688-0\" ><div id=\"pgc-9688-0-0\"  class=\"panel-grid-cell\" ><div id=\"panel-9688-0-0-0\" class=\"so-panel widget widget_sow-editor panel-first-child panel-last-child\" data-index=\"0\" ><div\n\t\t\t\n\t\t\tclass=\"so-widget-sow-editor so-widget-sow-editor-base\"\n\t\t\t\n\t\t>\n<div class=\"siteorigin-widget-tinymce textwidget\">\n\t<hr \/>\n<p>&nbsp;<\/p>\n<\/div>\n<\/div><\/div><\/div><\/div><\/div><div id=\"pg-9688-1\"  class=\"panel-grid panel-no-style\" ><div id=\"pgc-9688-1-0\"  class=\"panel-grid-cell\" ><div id=\"panel-9688-1-0-0\" class=\"so-panel widget widget_sow-image panel-first-child\" data-index=\"1\" ><div class=\"panel-widget-style panel-widget-style-for-9688-1-0-0\" ><div\n\t\t\t\n\t\t\tclass=\"so-widget-sow-image so-widget-sow-image-default-4e6925654b7a-9688\"\n\t\t\t\n\t\t>\n<div class=\"sow-image-container\">\n\t\t<img \n\tsrc=\"https:\/\/www.fundacionsancebrian.com\/portal\/wp-content\/uploads\/2019\/12\/EtR3-e1575535111209.png\" width=\"250\" height=\"50\" sizes=\"(max-width: 250px) 100vw, 250px\" title=\"EtR3\" alt=\"\" \t\tclass=\"so-widget-image\"\/>\n\t<\/div>\n\n<\/div><\/div><\/div><div id=\"panel-9688-1-0-1\" class=\"so-panel widget widget_sow-editor panel-last-child\" data-index=\"2\" ><div class=\"panel-widget-style panel-widget-style-for-9688-1-0-1\" ><div\n\t\t\t\n\t\t\tclass=\"so-widget-sow-editor so-widget-sow-editor-base\"\n\t\t\t\n\t\t>\n<div class=\"siteorigin-widget-tinymce textwidget\">\n\t<div style=\"font-size: 18px; line-height: 1.8em; font-family: Arial;\">\n<p><strong>Concurso de relatos navide\u00f1os del Grupo Fundaci\u00f3n San Cebri\u00e1n<\/strong><\/p>\n<p>El 9 Concurso de Relatos Navide\u00f1os del Grupo Fundaci\u00f3n San Cebri\u00e1n<br \/>\nya tiene ganadores.<\/p>\n<p>El lunes 19 de diciembre<br \/>\nel jurado formado por Mar\u00eda Jos\u00e9 Rodr\u00edguez directora de proyectos e innovaci\u00f3n<br \/>\nFidel Ramos ex gerente de la entidad<br \/>\nIsabel Aus\u00edn miembro del Patronato<br \/>\nCristina Garc\u00eda persona con discapacidad<br \/>\ny Loli Tor\u00edo familiar<br \/>\nvaloraron los 96 relatos presentados al concurso en cinco categor\u00edas.<\/p>\n<p>El jurado dijo que<br \/>\ntodos los relatos son merecedores de premios<br \/>\nporque todos contienen valores importantes en la vida.<\/p>\n<p>La entrega de premios tendr\u00e1 lugar el viernes 23 de diciembre<br \/>\na las 12 de la ma\u00f1ana en el Centro de Vida Independiente Fidel Ramos.<\/p>\n<p>Puedes leer los relatos haciendo clic en el t\u00edtulo.<\/p>\n<p>Los relatos ganadores son:<\/p>\n<p><strong>Categor\u00eda 1.<br \/>\n<\/strong><strong>Persona sin necesidad de apoyos en la redacci\u00f3n del relato<\/strong>.<\/p>\n<p>Primer Premio: <em>\u2018<a href=\"https:\/\/drive.google.com\/file\/d\/1G1N8OkWfTZ09sO4SfO0lmlVMkrLGzm5u\/view?usp=sharing\">San Inocencio\u2019<\/a><\/em> de Ignacio Gim\u00e9nez.<br \/>\nSegundo Premio: <a href=\"https:\/\/drive.google.com\/file\/d\/1_hS8Y_f8gNlQexSLp4sge28g24WGYKB4\/view?usp=sharing\">\u2018<em>La magia de la navidad\u2019<\/em><\/a> de Cristina Aparicio.<br \/>\nAcc\u00e9sit:<a href=\"https:\/\/drive.google.com\/file\/d\/1M23_H3DwrxWnofz_6tw69sV3B4DUt59V\/view?usp=sharing\"> \u2018<em>Mis vivencias\u2019<\/em> <\/a>de Roc\u00edo Gonz\u00e1lez<\/p>\n<hr \/>\n<p><strong>Categor\u00eda 2.<br \/>\nPersona con ayuda de una persona de apoyo (profesional de la entidad) que cada uno elija.<\/strong><\/p>\n<p>Primer premio: <a href=\"https:\/\/drive.google.com\/file\/d\/1eAABB586e4yCvMUoaG1vF3dZfx3coRCy\/view?usp=sharing\">\u2018Una familia diferente\u2019<\/a> de Alfredo Sebasti\u00e1n.<br \/>\nSegundo Premio:<a href=\"https:\/\/drive.google.com\/file\/d\/1HqkJ-m1BQJNOsxGBOJ_i3snwgsI3r6F3\/view?usp=sharing\"> \u2018<em>A\u00f1oranzas<\/em>\u2019<\/a> Anunciaci\u00f3n Ampudia<\/p>\n<hr \/>\n<p><strong>Categor\u00eda 3.<br \/>\nPersona con apoyo de su familia.<\/strong><\/p>\n<p>Primer premio: <a href=\"https:\/\/drive.google.com\/file\/d\/1gA8lra3Xpv9rpS5th8kMcqo6CWhDojY9\/view?usp=sharing\"><em>\u2018Mi sue\u00f1o navide\u00f1o\u2019<\/em> <\/a>Marian Fern\u00e1ndez.<\/p>\n<hr \/>\n<p><strong>Categor\u00eda 4.<br \/>\n<\/strong><strong>Familiares y socios.<\/strong><\/p>\n<p>Primer Premio:<a href=\"https:\/\/drive.google.com\/file\/d\/1eEyQy1IuLb5zma9-FQNuaaUWKWaimT3C\/view?usp=sharing\"> \u2018<em>Redoble\u2019<\/em><\/a>, de Christian Ant\u00f3n.<br \/>\nSegundo Premio: \u2018<a href=\"https:\/\/www.fundacionsancebrian.com\/portal\/wp-content\/uploads\/2022\/12\/LA-SUERTE-EN-UNA-GALLETA.pdf\"><em>La suerte en una galleta<\/em><\/a><a href=\"https:\/\/drive.google.com\/file\/d\/1eEyQy1IuLb5zma9-FQNuaaUWKWaimT3C\/view?usp=sharing\"><em>\u2019<\/em><\/a> de Soledad Caballero.<\/p>\n<hr \/>\n<p><strong>Categor\u00eda 5.<br \/>\nAlumnos\/as de 3\u00ba y 4\u00ba de Primaria.<\/strong><\/p>\n<p>Primer premio: \u2018<a href=\"https:\/\/drive.google.com\/file\/d\/1lDjp1G9RXoes-yT5_6UgRNrsXZJ9BDgI\/view?usp=sharing\"><em>El sue\u00f1o de Lorien\u2019<\/em><\/a> de Aitana Crespo (Colegio Divina Providencia).<br \/>\nSegundo Premio<em>: <a href=\"https:\/\/drive.google.com\/file\/d\/10YawfcOzJ0zFK_zmBFa5nyE0eeVw6koX\/view?usp=sharing\">\u2018La ballena de la esperanza\u2019<\/a><\/em> de Clara Garc\u00eda (Colegio Divina Providencia)<br \/>\nTercer premio: <em>\u2018<a href=\"https:\/\/drive.google.com\/file\/d\/1TxuVsA8expnFZATCIBvwmekf5oJZS07h\/view?usp=sharing\">La rana y sus amigos\u2019<\/a><\/em> de Manuel Peinador (Colegio Tello T\u00e9llez)<br \/>\nCuarto premio<em>: <a href=\"https:\/\/drive.google.com\/file\/d\/1x1c_LYIUzvz_o5cQd9ik7WX1owcK5cp4\/view?usp=sharing\">\u2018Diario de Navidad: Noche de amor\u2019<\/a><\/em> de Nerea del C.R.A de Grijota.<br \/>\nQuinto premio: \u2018<a href=\"https:\/\/drive.google.com\/file\/d\/1gnPmGpzi2wFnBgUpTpnce-DVwKNrQEe3\/view?usp=sharing\"><em>La Navidad de Zoe\u2019<\/em> <\/a>de Irene del Valle (Colegio Tello T\u00e9llez).<br \/>\nAcc\u00e9sit:<a href=\"https:\/\/drive.google.com\/file\/d\/1MQUKyXBlcpVzp2nbc-6JG33bkczmJYnC\/view?usp=sharing\"> \u2018<em>El autista del portal de Bel\u00e9n\u2019<\/em> <\/a>de Jorge Celada (Divina Providencia)<\/p>\n<\/div>\n<\/div>\n<\/div><\/div><\/div><\/div><div id=\"pgc-9688-1-1\"  class=\"panel-grid-cell\" ><div id=\"panel-9688-1-1-0\" class=\"so-panel widget widget_sow-editor panel-first-child panel-last-child\" data-index=\"3\" ><div class=\"panel-widget-style panel-widget-style-for-9688-1-1-0\" ><div\n\t\t\t\n\t\t\tclass=\"so-widget-sow-editor so-widget-sow-editor-base\"\n\t\t\t\n\t\t>\n<div class=\"siteorigin-widget-tinymce textwidget\">\n\t<div style=\"font-size: 18px; line-height: 1.8em; font-family: Arial;\">\n<p><span style=\"font-family: Arial;\"><span style=\"font-size: 18px;\"><b>Acc\u00e9sit<\/b>: En lat\u00edn significa se acerc\u00f3. Recompensa inferior al premio.<\/span><\/span><\/p>\n<\/div>\n<\/div>\n<\/div><\/div><\/div><\/div><\/div><div id=\"pg-9688-2\"  class=\"panel-grid panel-no-style\" ><div id=\"pgc-9688-2-0\"  class=\"panel-grid-cell\" ><div id=\"panel-9688-2-0-0\" class=\"so-panel widget widget_sow-editor panel-first-child panel-last-child\" data-index=\"4\" ><div\n\t\t\t\n\t\t\tclass=\"so-widget-sow-editor so-widget-sow-editor-base\"\n\t\t\t\n\t\t><h3 class=\"widget-title\">Al certamen se presentaron un total de 96 relatos<\/h3>\n<div class=\"siteorigin-widget-tinymce textwidget\">\n\t<p><a href=\"https:\/\/www.fundacionsancebrian.com\/portal\/el-ix-certamen-de-relatos-de-navidad-del-grupo-fundacion-san-cebrian-ya-tiene-ganadores\/50750795897_81502b04a5_k\/#main\" rel=\"attachment wp-att-9689\"><img fetchpriority=\"high\" fetchpriority=\"high\" decoding=\"async\" class=\"alignright wp-image-9689\" src=\"https:\/\/www.fundacionsancebrian.com\/portal\/wp-content\/uploads\/2022\/12\/50750795897_81502b04a5_k-300x225.jpg\" alt=\"\" width=\"500\" height=\"375\" srcset=\"https:\/\/www.fundacionsancebrian.com\/portal\/wp-content\/uploads\/2022\/12\/50750795897_81502b04a5_k-300x225.jpg 300w, https:\/\/www.fundacionsancebrian.com\/portal\/wp-content\/uploads\/2022\/12\/50750795897_81502b04a5_k-1024x768.jpg 1024w, https:\/\/www.fundacionsancebrian.com\/portal\/wp-content\/uploads\/2022\/12\/50750795897_81502b04a5_k-768x576.jpg 768w, https:\/\/www.fundacionsancebrian.com\/portal\/wp-content\/uploads\/2022\/12\/50750795897_81502b04a5_k-1536x1152.jpg 1536w, https:\/\/www.fundacionsancebrian.com\/portal\/wp-content\/uploads\/2022\/12\/50750795897_81502b04a5_k.jpg 2048w\" sizes=\"(max-width: 500px) 100vw, 500px\" \/><\/a>El IX certamen de Relatos de Navidad del Grupo Fundaci\u00f3n San Cebri\u00e1n ya tiene ganadores. El pasado lunes, el jurado formado por: Mar\u00eda Jos\u00e9 Rodr\u00edguez, directora de proyectos e innovaci\u00f3n; Fidel Ramos, ex gerente de la entidad; Isabel Aus\u00edn, miembro del Patronato; Cristina Garc\u00eda, persona con discapacidad y Loli Tor\u00edo, familiar, valoraron los 96 relatos presentados al certamen en las cinco categor\u00edas.<\/p>\n<p>Tras la deliberaci\u00f3n del jurado que seg\u00fan sus propias palabras <em>\u201ctodos los relatos son merecedores de premios porque todos contienen valores fundamentales en la vida\u201d.<\/em><\/p>\n<p>&nbsp;<\/p>\n<p><em>\u00a0<\/em>La entrega de premios tendr\u00e1 lugar el viernes, 23 de diciembre a las 12 horas en el Centro de Vida Independiente Fidel Ramos.<\/p>\n<p><em>Para leer los relatos s\u00f3lo hay que pinchar en el t\u00edtulo del mismo.\u00a0<\/em><\/p>\n<p>Los <u>ganadores<\/u> son:<\/p>\n<p>&nbsp;<\/p>\n<p><strong>Categor\u00eda I Persona sin necesidad de apoyos en la redacci\u00f3n del relato<\/strong>.<\/p>\n<p>Primer Premio: <em>\u2018<a href=\"https:\/\/drive.google.com\/file\/d\/1G1N8OkWfTZ09sO4SfO0lmlVMkrLGzm5u\/view?usp=sharing\">San Inocencio\u2019<\/a><\/em> de Ignacio Gim\u00e9nez.<\/p>\n<p>Segundo Premio: <a href=\"https:\/\/drive.google.com\/file\/d\/1_hS8Y_f8gNlQexSLp4sge28g24WGYKB4\/view?usp=sharing\">\u2018<em>La magia de la navidad\u2019<\/em><\/a> de Cristina Aparicio.<\/p>\n<p>Acc\u00e9sit:<a href=\"https:\/\/drive.google.com\/file\/d\/1M23_H3DwrxWnofz_6tw69sV3B4DUt59V\/view?usp=sharing\"> \u2018<em>Mis vivencias\u2019<\/em> <\/a>de Roc\u00edo Gonz\u00e1lez<\/p>\n<p>&nbsp;<\/p>\n<p><strong>Categor\u00eda II. Persona con ayuda de una persona de apoyo (profesional de la entidad) que cada uno elija:<\/strong><\/p>\n<p>Primer premio: <a href=\"https:\/\/drive.google.com\/file\/d\/1eAABB586e4yCvMUoaG1vF3dZfx3coRCy\/view?usp=sharing\">\u2018Una familia diferente\u2019<\/a> de Alfredo Sebasti\u00e1n.<\/p>\n<p>Segundo Premio:<a href=\"https:\/\/drive.google.com\/file\/d\/1HqkJ-m1BQJNOsxGBOJ_i3snwgsI3r6F3\/view?usp=sharing\"> \u2018<em>A\u00f1oranzas<\/em>\u2019<\/a> Anunciaci\u00f3n Ampudia<\/p>\n<p>&nbsp;<\/p>\n<p><strong>Categor\u00eda III. Persona con apoyo de su familia:<\/strong><\/p>\n<p>Primer premio: <a href=\"https:\/\/drive.google.com\/file\/d\/1gA8lra3Xpv9rpS5th8kMcqo6CWhDojY9\/view?usp=sharing\"><em>\u2018Mi sue\u00f1o navide\u00f1o\u2019<\/em> <\/a>Marian Fern\u00e1ndez.<\/p>\n<p>&nbsp;<\/p>\n<p><strong>Categor\u00eda IV. Familiares y socios:<\/strong><\/p>\n<p>Primer Premio:<a href=\"https:\/\/drive.google.com\/file\/d\/1eEyQy1IuLb5zma9-FQNuaaUWKWaimT3C\/view?usp=sharing\"> \u2018<em>Redoble\u2019<\/em><\/a>, de Christian Ant\u00f3n.<\/p>\n<p>Segundo Premio: \u2018<em>La suerte en una galleta<\/em><a href=\"https:\/\/drive.google.com\/file\/d\/1eEyQy1IuLb5zma9-FQNuaaUWKWaimT3C\/view?usp=sharing\"><em>\u2019<\/em><\/a> de Soledad Caballero.<\/p>\n<p>&nbsp;<\/p>\n<p><strong>Categor\u00eda IV. Alumnos\/as de 3\u00ba y 4\u00ba de Primaria:\u00a0<\/strong><\/p>\n<p>Primer premio: \u2018<a href=\"https:\/\/drive.google.com\/file\/d\/1lDjp1G9RXoes-yT5_6UgRNrsXZJ9BDgI\/view?usp=sharing\"><em>El sue\u00f1o de Lorien\u2019<\/em><\/a> de Aitana Crespo (Colegio Divina Providencia).<\/p>\n<p>Segundo Premio<em>: <a href=\"https:\/\/drive.google.com\/file\/d\/10YawfcOzJ0zFK_zmBFa5nyE0eeVw6koX\/view?usp=sharing\">\u2018La ballena de la esperanza\u2019<\/a><\/em> de Clara Garc\u00eda (Colegio Divina Providencia)<\/p>\n<p>Tercer premio: <em>\u2018<a href=\"https:\/\/drive.google.com\/file\/d\/1TxuVsA8expnFZATCIBvwmekf5oJZS07h\/view?usp=sharing\">La rana y sus amigos\u2019<\/a><\/em> de Manuel Peinador (Colegio Tello T\u00e9llez)<\/p>\n<p>Cuarto premio<em>: <a href=\"https:\/\/drive.google.com\/file\/d\/1x1c_LYIUzvz_o5cQd9ik7WX1owcK5cp4\/view?usp=sharing\">\u2018Diario de Navidad: Noche de amor\u2019<\/a><\/em> de Nerea del C.R.A de Grijota.<\/p>\n<p>Quinto premio: \u2018<a href=\"https:\/\/drive.google.com\/file\/d\/1gnPmGpzi2wFnBgUpTpnce-DVwKNrQEe3\/view?usp=sharing\"><em>La Navidad de Zoe\u2019<\/em> <\/a>de Irene del Valle (Colegio Tello T\u00e9llez).<\/p>\n<p>Acc\u00e9sit:<a href=\"https:\/\/drive.google.com\/file\/d\/1MQUKyXBlcpVzp2nbc-6JG33bkczmJYnC\/view?usp=sharing\"> \u2018<em>El autista del portal de Bel\u00e9n\u2019<\/em> <\/a>de Jorge Celada (Divina Providencia)<\/p>\n<\/div>\n<\/div><\/div><\/div><\/div><\/div>","protected":false},"excerpt":{"rendered":"<p>&nbsp; Concurso de relatos navide\u00f1os del Grupo Fundaci\u00f3n San Cebri\u00e1n El 9 Concurso de Relatos Navide\u00f1os del Grupo Fundaci\u00f3n San Cebri\u00e1n ya tiene ganadores. El lunes 19 de diciembre el jurado formado por Mar\u00eda Jos\u00e9 Rodr\u00edguez directora de proyectos e innovaci\u00f3n Fidel Ramos ex gerente de la entidad Isabel Aus\u00edn miembro del Patronato Cristina Garc\u00eda [&hellip;]<\/p>\n","protected":false},"author":1,"featured_media":9689,"comment_status":"open","ping_status":"open","sticky":false,"template":"","format":"standard","meta":{"_seopress_robots_primary_cat":"","_seopress_titles_title":"","_seopress_titles_desc":"","_seopress_robots_index":"","_eb_attr":"","footnotes":""},"categories":[8],"tags":[],"class_list":["post-9688","post","type-post","status-publish","format-standard","has-post-thumbnail","hentry","category-noticias","post-with-thumbnail","post-with-thumbnail-icon"],"_links":{"self":[{"href":"https:\/\/www.fundacionsancebrian.com\/portal\/wp-json\/wp\/v2\/posts\/9688","targetHints":{"allow":["GET"]}}],"collection":[{"href":"https:\/\/www.fundacionsancebrian.com\/portal\/wp-json\/wp\/v2\/posts"}],"about":[{"href":"https:\/\/www.fundacionsancebrian.com\/portal\/wp-json\/wp\/v2\/types\/post"}],"author":[{"embeddable":true,"href":"https:\/\/www.fundacionsancebrian.com\/portal\/wp-json\/wp\/v2\/users\/1"}],"replies":[{"embeddable":true,"href":"https:\/\/www.fundacionsancebrian.com\/portal\/wp-json\/wp\/v2\/comments?post=9688"}],"version-history":[{"count":15,"href":"https:\/\/www.fundacionsancebrian.com\/portal\/wp-json\/wp\/v2\/posts\/9688\/revisions"}],"predecessor-version":[{"id":11868,"href":"https:\/\/www.fundacionsancebrian.com\/portal\/wp-json\/wp\/v2\/posts\/9688\/revisions\/11868"}],"wp:featuredmedia":[{"embeddable":true,"href":"https:\/\/www.fundacionsancebrian.com\/portal\/wp-json\/wp\/v2\/media\/9689"}],"wp:attachment":[{"href":"https:\/\/www.fundacionsancebrian.com\/portal\/wp-json\/wp\/v2\/media?parent=9688"}],"wp:term":[{"taxonomy":"category","embeddable":true,"href":"https:\/\/www.fundacionsancebrian.com\/portal\/wp-json\/wp\/v2\/categories?post=9688"},{"taxonomy":"post_tag","embeddable":true,"href":"https:\/\/www.fundacionsancebrian.com\/portal\/wp-json\/wp\/v2\/tags?post=9688"}],"curies":[{"name":"wp","href":"https:\/\/api.w.org\/{rel}","templated":true}]}}