{"id":9824,"date":"2023-02-15T15:10:42","date_gmt":"2023-02-15T14:10:42","guid":{"rendered":"https:\/\/www.fundacionsancebrian.com\/portal\/?p=9824"},"modified":"2023-02-16T15:11:57","modified_gmt":"2023-02-16T14:11:57","slug":"cerca-de-50-personas-participan-en-el-vii-maraton-de-radio-inclusiva-voces-en-movimiento-organizado-por-grupo-fundacion-san-cebrian-hermanas-hospitalarias-palencia-y-fundacion-pers","status":"publish","type":"post","link":"https:\/\/www.fundacionsancebrian.com\/portal\/cerca-de-50-personas-participan-en-el-vii-maraton-de-radio-inclusiva-voces-en-movimiento-organizado-por-grupo-fundacion-san-cebrian-hermanas-hospitalarias-palencia-y-fundacion-pers\/","title":{"rendered":"Cerca de 50 personas participan en el VII Marat\u00f3n de Radio Inclusiva \u2018Voces en movimiento\u2019, organizado por Grupo Fundaci\u00f3n San Cebri\u00e1n, Hermanas Hospitalarias Palencia y Fundaci\u00f3n Personas Palencia"},"content":{"rendered":"<div id=\"pl-9824\"  class=\"panel-layout\" ><div id=\"pg-9824-0\"  class=\"panel-grid panel-no-style\" ><div id=\"pgc-9824-0-0\"  class=\"panel-grid-cell panel-grid-cell-mobile-last\" ><div id=\"panel-9824-0-0-0\" class=\"so-panel widget widget_sow-image panel-first-child\" data-index=\"0\" ><div class=\"panel-widget-style panel-widget-style-for-9824-0-0-0\" ><div\n\t\t\t\n\t\t\tclass=\"so-widget-sow-image so-widget-sow-image-default-4e6925654b7a-9824\"\n\t\t\t\n\t\t>\n<div class=\"sow-image-container\">\n\t\t<img \n\tsrc=\"https:\/\/www.fundacionsancebrian.com\/portal\/wp-content\/uploads\/2019\/12\/EtR3-e1575535111209.png\" width=\"250\" height=\"50\" sizes=\"(max-width: 250px) 100vw, 250px\" title=\"EtR3\" alt=\"\" \t\tclass=\"so-widget-image\"\/>\n\t<\/div>\n\n<\/div><\/div><\/div><div id=\"panel-9824-0-0-1\" class=\"so-panel widget widget_sow-editor panel-last-child\" data-index=\"1\" ><div class=\"panel-widget-style panel-widget-style-for-9824-0-0-1\" ><div\n\t\t\t\n\t\t\tclass=\"so-widget-sow-editor so-widget-sow-editor-base\"\n\t\t\t\n\t\t>\n<div class=\"siteorigin-widget-tinymce textwidget\">\n\t<div style=\"font-size: 18px; line-height: 1.8em; font-family: Arial;\">\n<p><strong>7 Marat\u00f3n de Radio Inclusiva Voces en movimiento\u00a0<\/strong><\/p>\n<p>En Marat\u00f3n de radio celebrado en el Pabell\u00f3n Municipal de Deportes<br \/>\nparticiparon las cuatro radios inclusivas:<\/p>\n<ul>\n<li>Radio Colores de Fundaci\u00f3n Personas Palencia)<\/li>\n<li>Radio Gurug\u00fa de Hermanas Hospitalarias Palencia)<\/li>\n<li>Emoci\u00f3nate Radio de Grupo Fundaci\u00f3n San Cebri\u00e1n<\/li>\n<li>Zimbalillo de Grupo Fundaci\u00f3n San Cebri\u00e1n<\/li>\n<\/ul>\n<p>M\u00e1s de 50 personas participaron en el 7 Marat\u00f3n de Radio Inclusivo.<br \/>\nDespu\u00e9s de dos a\u00f1os haciendo el Marat\u00f3n online<br \/>\nel Marat\u00f3n de este a\u00f1o se hizo en persona en el Pabell\u00f3n Municipal de Deportes.<\/p>\n<p>El Marat\u00f3n llamado \u2018Voces en movimiento\u2019 ha contado con la participaci\u00f3n de:<\/p>\n<ul>\n<li>Club Deportivo San Juanillo.<br \/>\nEl entrenador Aritz de la Fuente y el Presidente de Honor, Carlos Gonz\u00e1lez.<\/li>\n<li>La Concentraci\u00f3n Permanente Juvenil Palencia de Volibol 2024<br \/>\nEl segundo entrenador \u00c1ngel Oca\u00f1a,<br \/>\nlos jugadores Hugo Marzo, Alejandro Torres<br \/>\ny delegado de la Concentraci\u00f3n Diego V\u00e1zquez .<\/li>\n<li>Zunder Palencia de Baloncesto.<br \/>\nEl director Deportivo Urko Otegui<br \/>\ny el jugador Chema Gonz\u00e1lez.<\/li>\n<li>Balonmano Palencia Femenino<br \/>\nAna Collantes presidenta<br \/>\ny el entrenador, Santiago Mart\u00ednez.<\/li>\n<\/ul>\n<p>De las emisoras de radios inclusivas<br \/>\nparticiparon un total de 16 periodistas radiof\u00f3nicos<br \/>\nrealizando las entrevistas a los clubes.<\/p>\n<p>Todos coinciden en lo importante de volver a verse<br \/>\ny encontrarse tras dos a\u00f1os realizando el Marat\u00f3n online.<br \/>\nY lo importante que es volver a hacer un Marat\u00f3n de forma presencial.<\/p>\n<p>Todas las personas que asistieron al Marat\u00f3n<br \/>\ndespu\u00e9s participaron en actividades deportivas<br \/>\nde balonmano, voleibol, baloncesto y f\u00fatbol.<br \/>\nUno de los participantes dijo:<br \/>\nYo nunca hab\u00eda practicado voleibol<br \/>\ny me parece muy divertido la verdad<br \/>\nlos chicos que han venido son muy majos<br \/>\ny nos est\u00e1n ense\u00f1ando c\u00f3mo poner las manos para dar al bal\u00f3n.<\/p>\n<\/div>\n<\/div>\n<\/div><\/div><\/div><\/div><div id=\"pgc-9824-0-1\"  class=\"panel-grid-cell panel-grid-cell-empty\" ><\/div><\/div><div id=\"pg-9824-1\"  class=\"panel-grid panel-no-style\" ><div id=\"pgc-9824-1-0\"  class=\"panel-grid-cell\" ><div id=\"panel-9824-1-0-0\" class=\"so-panel widget widget_sow-editor panel-first-child panel-last-child\" data-index=\"2\" ><div\n\t\t\t\n\t\t\tclass=\"so-widget-sow-editor so-widget-sow-editor-base\"\n\t\t\t\n\t\t><h3 class=\"widget-title\">\u2022\tEl Marat\u00f3n celebrado en el Pabell\u00f3n Municipal de Deportes cont\u00f3 con la participaci\u00f3n de las cuatro radios inclusivas: Radio Colores (Fundaci\u00f3n Personas Palencia), Radio Gurug\u00fa (Hermanas Hospitalarias Palencia) y Emoci\u00f3nate Radio y Zimbalillo (Grupo Fundaci\u00f3n San Cebri\u00e1n).<\/h3>\n<div class=\"siteorigin-widget-tinymce textwidget\">\n\t<p>M\u00e1s de 50 personas han participado esta misma ma\u00f1ana en el VII Marat\u00f3n de Radio Inclusivo, que organizan cada a\u00f1o, desde hace 7, las entidades sociales: Hermanas Hospitalarias Palencia, Grupo Fundaci\u00f3n San Cebri\u00e1n y Fundaci\u00f3n Personas Palencia. Tras dos a\u00f1os realizado el Marat\u00f3n online, el Marat\u00f3n ha retomado su presencialidad y se ha celebrado en el Pabell\u00f3n Municipal de Deportes.<\/p>\n<p><a href=\"https:\/\/www.fundacionsancebrian.com\/portal\/wp-content\/uploads\/2023\/02\/52690449101_e34e5b52a9_k.jpg\" rel=\"attachment wp-att-9825\"><img fetchpriority=\"high\" fetchpriority=\"high\" decoding=\"async\" class=\"alignright wp-image-9825\" src=\"https:\/\/www.fundacionsancebrian.com\/portal\/wp-content\/uploads\/2023\/02\/52690449101_e34e5b52a9_k-300x200.jpg\" alt=\"\" width=\"400\" height=\"266\" \/><\/a>El Marat\u00f3n llamado \u2018Voces en movimiento\u2019 ha contado con la participaci\u00f3n de:<\/p>\n<p>- <strong>Club Deportivo San Juanillo<\/strong>. Uno de los entrenadores Aritz de la Fuente y el Presidente de Honor, Carlos Gonz\u00e1lez.<\/p>\n<p>- La <strong>Concentraci\u00f3n Permanente Juvenil Palencia de Volibol 2024<\/strong> con el segundo entrenador, \u00c1ngel Oca\u00f1a; los jugadores \u00a0Hugo Marzo y Alejandro Torres; y Diego V\u00e1zquez, delegado de la Concentraci\u00f3n.<\/p>\n<p>- <strong>Zunder Palencia de Baloncesto<\/strong> con la presencia del director Deportivo, Urko Otegui y el jugador, Chema Gonz\u00e1lez.<\/p>\n<p>- <strong>Balonmano Palencia Femenino<\/strong> con su presidenta, Ana Collantes y el entrenador, Santiago Mart\u00ednez.<\/p>\n<p>De cada una de las emisoras de radios inclusivas, como son Radio Colores de Fundaci\u00f3n Personas Palencia; Emoci\u00f3nate Radio y el Zimbalillo de la Fundaci\u00f3n del Grupo Fundaci\u00f3n San Cebri\u00e1n y Radio Gurug\u00fa de Hermanas Hospitalarias Palencia participaron un total de 16 periodistas radiof\u00f3nicos, realizando las entrevistas pertinentes a los clubes.<\/p>\n<p>Todos coincidieron en sus intervenciones iniciales \u201c<em>lo importante de volver a verse y reencontrarse tras dos a\u00f1os realizando el Marat\u00f3n online, y lo importante que es volver a hacer un Marat\u00f3n de forma presencial\u201d.<\/em><\/p>\n<p>Todas las personas que asistieron al Marat\u00f3n participaron posteriormente en la actividad conjunta para poner en pr\u00e1ctica \u00a0las distintas modalidades deportivas: balonmano, voleibol, baloncesto y f\u00fatbol. \u201c<em>Yo nunca hab\u00eda practicado voleibol y me parece muy divertido la verdad, los chicos que han venido son muy majos y nos est\u00e1n ense\u00f1ando c\u00f3mo poner las manos para dar al bal\u00f3n\u201d,<\/em> puntualiz\u00f3 una de las participantes en el Marat\u00f3n.<\/p>\n<p><strong><u>Otras ediciones<\/u><\/strong>. Cada Marat\u00f3n se ha celebrado bajo una tem\u00e1tica especial. El primero, celebrado en 2017 en Casa Junco, se centr\u00f3 en entrevistar a las autoridades p\u00fablicas palentinas; en 2018 tambi\u00e9n en Casa Junco se entrevist\u00f3 a profesionales del mundo de deporte para hablar de los beneficios en las personas con discapacidad intelectual; en 2019 y coincidiendo con las elecciones, el Marat\u00f3n de Radio se celebr\u00f3 en el Centro Cultural Provincial y se cont\u00f3 con los candidatos a las elecciones municipales, en 2020 el IV Marat\u00f3n de Radio titulado \u2018Artes Esc\u00e9nicas\u2019 cont\u00f3 con la participaci\u00f3n de actores, monologuistas, payasos.<\/p>\n<p>En 2021, el Marat\u00f3n que llevaba por t\u00edtulo <em>VIDA <\/em>entrevist\u00f3 a diferentes personas relacionadas con las entidades en diferentes aspectos. Se organiz\u00f3 en formato online. En 2022, el formato del Marat\u00f3n volvi\u00f3 a ser online y se centr\u00f3 en los grupos musicales palentinos.<\/p>\n<\/div>\n<\/div><\/div><\/div><\/div><div id=\"pg-9824-2\"  class=\"panel-grid panel-no-style\" ><div id=\"pgc-9824-2-0\"  class=\"panel-grid-cell\" ><div id=\"panel-9824-2-0-0\" class=\"so-panel widget widget_sow-editor panel-first-child panel-last-child\" data-index=\"3\" ><div\n\t\t\t\n\t\t\tclass=\"so-widget-sow-editor so-widget-sow-editor-base\"\n\t\t\t\n\t\t>\n<div class=\"siteorigin-widget-tinymce textwidget\">\n\t<h1>Video completo de la Marat\u00f3n<\/h1>\n<hr \/>\n<div class=\"su-youtube su-u-responsive-media-yes\"><iframe width=\"360\" height=\"360\" src=\"https:\/\/www.youtube.com\/embed\/Q-r48XTMhl0?\" frameborder=\"0\" allowfullscreen allow=\"autoplay; encrypted-media; picture-in-picture\" title=\"VII Marat\u00f3n de Radio Inclusivo &#039;Voces en movimiento&#039;\"><\/iframe><\/div>\n<\/div>\n<\/div><\/div><\/div><div id=\"pgc-9824-2-1\"  class=\"panel-grid-cell\" ><div id=\"panel-9824-2-1-0\" class=\"so-panel widget widget_sow-editor panel-first-child panel-last-child\" data-index=\"4\" ><div\n\t\t\t\n\t\t\tclass=\"so-widget-sow-editor so-widget-sow-editor-base\"\n\t\t\t\n\t\t>\n<div class=\"siteorigin-widget-tinymce textwidget\">\n\t<h1>Galer\u00eda de la Marat\u00f3n<\/h1>\n<hr \/>\n\n\t\t<style type=\"text\/css\">\n\t\t\t#gallery-1 {\n\t\t\t\tmargin: auto;\n\t\t\t}\n\t\t\t#gallery-1 .gallery-item {\n\t\t\t\tfloat: left;\n\t\t\t\tmargin-top: 10px;\n\t\t\t\ttext-align: center;\n\t\t\t\twidth: 33%;\n\t\t\t}\n\t\t\t#gallery-1 img {\n\t\t\t\tborder: 2px solid #cfcfcf;\n\t\t\t}\n\t\t\t#gallery-1 .gallery-caption {\n\t\t\t\tmargin-left: 0;\n\t\t\t}\n\t\t\t\/* see gallery_shortcode() in wp-includes\/media.php *\/\n\t\t<\/style>\n\t\t<div id='gallery-1' class='gallery galleryid-9824 gallery-columns-3 gallery-size-thumbnail'><dl class='gallery-item'>\n\t\t\t<dt class='gallery-icon landscape'>\n\t\t\t\t<a href='https:\/\/www.fundacionsancebrian.com\/portal\/cerca-de-50-personas-participan-en-el-vii-maraton-de-radio-inclusiva-voces-en-movimiento-organizado-por-grupo-fundacion-san-cebrian-hermanas-hospitalarias-palencia-y-fundacion-pers\/52690862250_7fe46686d1_k\/#main'><img decoding=\"async\" width=\"150\" height=\"150\" src=\"https:\/\/www.fundacionsancebrian.com\/portal\/wp-content\/uploads\/2023\/02\/52690862250_7fe46686d1_k-150x150.jpg\" class=\"attachment-thumbnail size-thumbnail\" alt=\"\" aria-describedby=\"gallery-1-9832\" srcset=\"https:\/\/www.fundacionsancebrian.com\/portal\/wp-content\/uploads\/2023\/02\/52690862250_7fe46686d1_k-150x150.jpg 150w, https:\/\/www.fundacionsancebrian.com\/portal\/wp-content\/uploads\/2023\/02\/52690862250_7fe46686d1_k-300x300.jpg 300w, https:\/\/www.fundacionsancebrian.com\/portal\/wp-content\/uploads\/2023\/02\/52690862250_7fe46686d1_k-100x100.jpg 100w\" sizes=\"(max-width: 150px) 100vw, 150px\" \/><\/a>\n\t\t\t<\/dt>\n\t\t\t\t<dd class='wp-caption-text gallery-caption' id='gallery-1-9832'>\n\t\t\t\tMarat\u00f3n de Radio\n\t\t\t\t<\/dd><\/dl><dl class='gallery-item'>\n\t\t\t<dt class='gallery-icon landscape'>\n\t\t\t\t<a href='https:\/\/www.fundacionsancebrian.com\/portal\/cerca-de-50-personas-participan-en-el-vii-maraton-de-radio-inclusiva-voces-en-movimiento-organizado-por-grupo-fundacion-san-cebrian-hermanas-hospitalarias-palencia-y-fundacion-pers\/52690449101_e34e5b52a9_k-2\/#main'><img loading=\"lazy\" decoding=\"async\" width=\"150\" height=\"150\" src=\"https:\/\/www.fundacionsancebrian.com\/portal\/wp-content\/uploads\/2023\/02\/52690449101_e34e5b52a9_k-1-150x150.jpg\" class=\"attachment-thumbnail size-thumbnail\" alt=\"\" aria-describedby=\"gallery-1-9833\" srcset=\"https:\/\/www.fundacionsancebrian.com\/portal\/wp-content\/uploads\/2023\/02\/52690449101_e34e5b52a9_k-1-150x150.jpg 150w, https:\/\/www.fundacionsancebrian.com\/portal\/wp-content\/uploads\/2023\/02\/52690449101_e34e5b52a9_k-1-300x300.jpg 300w, https:\/\/www.fundacionsancebrian.com\/portal\/wp-content\/uploads\/2023\/02\/52690449101_e34e5b52a9_k-1-100x100.jpg 100w\" sizes=\"(max-width: 150px) 100vw, 150px\" \/><\/a>\n\t\t\t<\/dt>\n\t\t\t\t<dd class='wp-caption-text gallery-caption' id='gallery-1-9833'>\n\t\t\t\tMarat\u00f3n de Radio\n\t\t\t\t<\/dd><\/dl><dl class='gallery-item'>\n\t\t\t<dt class='gallery-icon landscape'>\n\t\t\t\t<a href='https:\/\/www.fundacionsancebrian.com\/portal\/cerca-de-50-personas-participan-en-el-vii-maraton-de-radio-inclusiva-voces-en-movimiento-organizado-por-grupo-fundacion-san-cebrian-hermanas-hospitalarias-palencia-y-fundacion-pers\/52690718799_a997a3f196_k\/#main'><img loading=\"lazy\" decoding=\"async\" width=\"150\" height=\"150\" src=\"https:\/\/www.fundacionsancebrian.com\/portal\/wp-content\/uploads\/2023\/02\/52690718799_a997a3f196_k-150x150.jpg\" class=\"attachment-thumbnail size-thumbnail\" alt=\"\" aria-describedby=\"gallery-1-9834\" srcset=\"https:\/\/www.fundacionsancebrian.com\/portal\/wp-content\/uploads\/2023\/02\/52690718799_a997a3f196_k-150x150.jpg 150w, https:\/\/www.fundacionsancebrian.com\/portal\/wp-content\/uploads\/2023\/02\/52690718799_a997a3f196_k-300x300.jpg 300w, https:\/\/www.fundacionsancebrian.com\/portal\/wp-content\/uploads\/2023\/02\/52690718799_a997a3f196_k-100x100.jpg 100w\" sizes=\"(max-width: 150px) 100vw, 150px\" \/><\/a>\n\t\t\t<\/dt>\n\t\t\t\t<dd class='wp-caption-text gallery-caption' id='gallery-1-9834'>\n\t\t\t\tMarat\u00f3n de Radio\n\t\t\t\t<\/dd><\/dl><br style=\"clear: both\" \/>\n\t\t<\/div>\n\n<\/div>\n<\/div><\/div><\/div><\/div><\/div>","protected":false},"excerpt":{"rendered":"<p>7 Marat\u00f3n de Radio Inclusiva Voces en movimiento\u00a0 En Marat\u00f3n de radio celebrado en el Pabell\u00f3n Municipal de Deportes participaron las cuatro radios inclusivas: Radio Colores de Fundaci\u00f3n Personas Palencia) Radio Gurug\u00fa de Hermanas Hospitalarias Palencia) Emoci\u00f3nate Radio de Grupo Fundaci\u00f3n San Cebri\u00e1n Zimbalillo de Grupo Fundaci\u00f3n San Cebri\u00e1n M\u00e1s de 50 personas participaron en [&hellip;]<\/p>\n","protected":false},"author":1,"featured_media":9832,"comment_status":"open","ping_status":"open","sticky":false,"template":"","format":"standard","meta":{"_seopress_robots_primary_cat":"","_seopress_titles_title":"","_seopress_titles_desc":"","_seopress_robots_index":"","_eb_attr":"","footnotes":""},"categories":[65,8],"tags":[],"class_list":["post-9824","post","type-post","status-publish","format-standard","has-post-thumbnail","hentry","category-facil-para-ti","category-noticias","post-with-thumbnail","post-with-thumbnail-icon"],"_links":{"self":[{"href":"https:\/\/www.fundacionsancebrian.com\/portal\/wp-json\/wp\/v2\/posts\/9824","targetHints":{"allow":["GET"]}}],"collection":[{"href":"https:\/\/www.fundacionsancebrian.com\/portal\/wp-json\/wp\/v2\/posts"}],"about":[{"href":"https:\/\/www.fundacionsancebrian.com\/portal\/wp-json\/wp\/v2\/types\/post"}],"author":[{"embeddable":true,"href":"https:\/\/www.fundacionsancebrian.com\/portal\/wp-json\/wp\/v2\/users\/1"}],"replies":[{"embeddable":true,"href":"https:\/\/www.fundacionsancebrian.com\/portal\/wp-json\/wp\/v2\/comments?post=9824"}],"version-history":[{"count":20,"href":"https:\/\/www.fundacionsancebrian.com\/portal\/wp-json\/wp\/v2\/posts\/9824\/revisions"}],"predecessor-version":[{"id":9854,"href":"https:\/\/www.fundacionsancebrian.com\/portal\/wp-json\/wp\/v2\/posts\/9824\/revisions\/9854"}],"wp:featuredmedia":[{"embeddable":true,"href":"https:\/\/www.fundacionsancebrian.com\/portal\/wp-json\/wp\/v2\/media\/9832"}],"wp:attachment":[{"href":"https:\/\/www.fundacionsancebrian.com\/portal\/wp-json\/wp\/v2\/media?parent=9824"}],"wp:term":[{"taxonomy":"category","embeddable":true,"href":"https:\/\/www.fundacionsancebrian.com\/portal\/wp-json\/wp\/v2\/categories?post=9824"},{"taxonomy":"post_tag","embeddable":true,"href":"https:\/\/www.fundacionsancebrian.com\/portal\/wp-json\/wp\/v2\/tags?post=9824"}],"curies":[{"name":"wp","href":"https:\/\/api.w.org\/{rel}","templated":true}]}}