{"id":9863,"date":"2023-02-20T12:34:48","date_gmt":"2023-02-20T11:34:48","guid":{"rendered":"https:\/\/www.fundacionsancebrian.com\/portal\/?p=9863"},"modified":"2023-02-23T11:32:30","modified_gmt":"2023-02-23T10:32:30","slug":"el-grupo-fundacion-san-cebrian-forma-en-atencion-sociosanitaria-a-la-dependencia-a-nueve-mujeres-desempleadas-gracias-al-programa-mixto-vidas-con-sentido-en-colaboracion-de-la-junt","status":"publish","type":"post","link":"https:\/\/www.fundacionsancebrian.com\/portal\/el-grupo-fundacion-san-cebrian-forma-en-atencion-sociosanitaria-a-la-dependencia-a-nueve-mujeres-desempleadas-gracias-al-programa-mixto-vidas-con-sentido-en-colaboracion-de-la-junt\/","title":{"rendered":"El Grupo Fundaci\u00f3n San Cebri\u00e1n forma en atenci\u00f3n sociosanitaria a la dependencia a nueve mujeres desempleadas, gracias al Programa Mixto \u2018Vidas con sentido\u2019, en colaboraci\u00f3n de la Junta de Castilla y Le\u00f3n"},"content":{"rendered":"<div id=\"pl-9863\"  class=\"panel-layout\" ><div id=\"pg-9863-0\"  class=\"panel-grid panel-has-style\" ><div class=\"panel-row-style panel-row-style-for-9863-0\" ><div id=\"pgc-9863-0-0\"  class=\"panel-grid-cell\" ><div id=\"panel-9863-0-0-0\" class=\"so-panel widget widget_sow-editor panel-first-child panel-last-child\" data-index=\"0\" ><div\n\t\t\t\n\t\t\tclass=\"so-widget-sow-editor so-widget-sow-editor-base\"\n\t\t\t\n\t\t>\n<div class=\"siteorigin-widget-tinymce textwidget\">\n\t<hr \/>\n<p>&nbsp;<\/p>\n<\/div>\n<\/div><\/div><\/div><\/div><\/div><div id=\"pg-9863-1\"  class=\"panel-grid panel-no-style\" ><div id=\"pgc-9863-1-0\"  class=\"panel-grid-cell panel-grid-cell-mobile-last\" ><div id=\"panel-9863-1-0-0\" class=\"so-panel widget widget_sow-image panel-first-child\" data-index=\"1\" ><div class=\"panel-widget-style panel-widget-style-for-9863-1-0-0\" ><div\n\t\t\t\n\t\t\tclass=\"so-widget-sow-image so-widget-sow-image-default-4e6925654b7a-9863\"\n\t\t\t\n\t\t>\n<div class=\"sow-image-container\">\n\t\t<img \n\tsrc=\"https:\/\/www.fundacionsancebrian.com\/portal\/wp-content\/uploads\/2019\/12\/EtR3-e1575535111209.png\" width=\"250\" height=\"50\" sizes=\"(max-width: 250px) 100vw, 250px\" title=\"EtR3\" alt=\"\" \t\tclass=\"so-widget-image\"\/>\n\t<\/div>\n\n<\/div><\/div><\/div><div id=\"panel-9863-1-0-1\" class=\"so-panel widget widget_sow-editor panel-last-child\" data-index=\"2\" ><div class=\"panel-widget-style panel-widget-style-for-9863-1-0-1\" ><div\n\t\t\t\n\t\t\tclass=\"so-widget-sow-editor so-widget-sow-editor-base\"\n\t\t\t\n\t\t>\n<div class=\"siteorigin-widget-tinymce textwidget\">\n\t<div style=\"font-size: 18px; line-height: 1.8em; font-family: Arial;\">\n<p><strong>Programa Mixto \u2018Vidas con sentido\u2019\u00a0<\/strong><\/p>\n<p>El curso de atenci\u00f3n sociosanitaria a la dependencia \u2018Vidas con sentido\u2019,<br \/>\nempez\u00f3 esta ma\u00f1ana.<br \/>\nEl curso se hace en un centro del Grupo Fundaci\u00f3n San Cebri\u00e1n<br \/>\ny esta financiado por la Junta de Castilla y Le\u00f3n.<\/p>\n<p>Este a\u00f1o habr\u00e1 dos cursos.<br \/>\nEl primero empez\u00f3 hoy con 9 alumnas<br \/>\ny dura hasta el 19 de agosto.<br \/>\nEl segundo curso ser\u00e1 del 20 de agosto de 2023<br \/>\nal 19 de febrero de 2024<br \/>\ntambi\u00e9n con 9 alumnos.<\/p>\n<p>Las alumnas recibir\u00e1n el certificado de profesionalidad<br \/>\nde atenci\u00f3n sociosanitaria a la dependencia en el entorno rural<br \/>\ncon el que podr\u00e1n acceder a un trabajo.<\/p>\n<\/div>\n<\/div>\n<\/div><\/div><\/div><\/div><div id=\"pgc-9863-1-1\"  class=\"panel-grid-cell panel-grid-cell-empty\" ><\/div><\/div><div id=\"pg-9863-2\"  class=\"panel-grid panel-no-style\" ><div id=\"pgc-9863-2-0\"  class=\"panel-grid-cell\" ><div id=\"panel-9863-2-0-0\" class=\"so-panel widget widget_sow-editor panel-first-child panel-last-child\" data-index=\"3\" ><div\n\t\t\t\n\t\t\tclass=\"so-widget-sow-editor so-widget-sow-editor-base\"\n\t\t\t\n\t\t>\n<div class=\"siteorigin-widget-tinymce textwidget\">\n\t<p><a href=\"https:\/\/www.fundacionsancebrian.com\/portal\/wp-content\/uploads\/2023\/02\/52700245764_621ec322d5_k.jpg\" rel=\"attachment wp-att-9864\"><img fetchpriority=\"high\" fetchpriority=\"high\" decoding=\"async\" class=\"alignright wp-image-9864\" src=\"https:\/\/www.fundacionsancebrian.com\/portal\/wp-content\/uploads\/2023\/02\/52700245764_621ec322d5_k-1024x768.jpg\" alt=\"\" width=\"400\" height=\"300\" srcset=\"https:\/\/www.fundacionsancebrian.com\/portal\/wp-content\/uploads\/2023\/02\/52700245764_621ec322d5_k-1024x768.jpg 1024w, https:\/\/www.fundacionsancebrian.com\/portal\/wp-content\/uploads\/2023\/02\/52700245764_621ec322d5_k-300x225.jpg 300w, https:\/\/www.fundacionsancebrian.com\/portal\/wp-content\/uploads\/2023\/02\/52700245764_621ec322d5_k-768x576.jpg 768w, https:\/\/www.fundacionsancebrian.com\/portal\/wp-content\/uploads\/2023\/02\/52700245764_621ec322d5_k-1536x1152.jpg 1536w, https:\/\/www.fundacionsancebrian.com\/portal\/wp-content\/uploads\/2023\/02\/52700245764_621ec322d5_k-600x450.jpg 600w, https:\/\/www.fundacionsancebrian.com\/portal\/wp-content\/uploads\/2023\/02\/52700245764_621ec322d5_k.jpg 2048w\" sizes=\"(max-width: 400px) 100vw, 400px\" \/><\/a>El Grupo Fundaci\u00f3n San Cebri\u00e1n ha arrancado esta ma\u00f1ana uno de los cursos de atenci\u00f3n sociosanitaria a la dependencia, denominado \u2018Vidas con sentido\u2019, dentro de los Programas Mixtos que concede la Junta de Castilla y Le\u00f3n, y que gracias al sistema DUPLO, contar\u00e1 con dos ediciones. Una que arrancaba esta misma ma\u00f1ana con 9 alumnas, procedentes de varios pueblos de la provincia que recibir\u00e1n formaci\u00f3n durante 6 meses, hasta el pr\u00f3ximo 19 de agosto.<\/p>\n<p>Cuando finalice este primer curso, dar\u00e1 comienzo otro, del 20 de agosto al 19 de febrero tambi\u00e9n con 9 alumnos.<\/p>\n<p>Las alumnas tras la formaci\u00f3n recibir\u00e1n el certificado de profesionalidad de atenci\u00f3n sociosanitaria a la dependencia en el entorno rural, que les permitir\u00e1 poder acceder a un trabajo. El Grupo Fundaci\u00f3n San Cebri\u00e1n desarrolla este programa gracias a la ayuda de la Junta de Castilla y Le\u00f3n.<\/p>\n<\/div>\n<\/div><\/div><\/div><\/div><\/div>","protected":false},"excerpt":{"rendered":"<p>&nbsp; Programa Mixto \u2018Vidas con sentido\u2019\u00a0 El curso de atenci\u00f3n sociosanitaria a la dependencia \u2018Vidas con sentido\u2019, empez\u00f3 esta ma\u00f1ana. El curso se hace en un centro del Grupo Fundaci\u00f3n San Cebri\u00e1n y esta financiado por la Junta de Castilla y Le\u00f3n. Este a\u00f1o habr\u00e1 dos cursos. El primero empez\u00f3 hoy con 9 alumnas y [&hellip;]<\/p>\n","protected":false},"author":1,"featured_media":9864,"comment_status":"open","ping_status":"open","sticky":false,"template":"","format":"standard","meta":{"_seopress_robots_primary_cat":"","_seopress_titles_title":"","_seopress_titles_desc":"","_seopress_robots_index":"","_eb_attr":"","footnotes":""},"categories":[8],"tags":[],"class_list":["post-9863","post","type-post","status-publish","format-standard","has-post-thumbnail","hentry","category-noticias","post-with-thumbnail","post-with-thumbnail-icon"],"_links":{"self":[{"href":"https:\/\/www.fundacionsancebrian.com\/portal\/wp-json\/wp\/v2\/posts\/9863","targetHints":{"allow":["GET"]}}],"collection":[{"href":"https:\/\/www.fundacionsancebrian.com\/portal\/wp-json\/wp\/v2\/posts"}],"about":[{"href":"https:\/\/www.fundacionsancebrian.com\/portal\/wp-json\/wp\/v2\/types\/post"}],"author":[{"embeddable":true,"href":"https:\/\/www.fundacionsancebrian.com\/portal\/wp-json\/wp\/v2\/users\/1"}],"replies":[{"embeddable":true,"href":"https:\/\/www.fundacionsancebrian.com\/portal\/wp-json\/wp\/v2\/comments?post=9863"}],"version-history":[{"count":8,"href":"https:\/\/www.fundacionsancebrian.com\/portal\/wp-json\/wp\/v2\/posts\/9863\/revisions"}],"predecessor-version":[{"id":9873,"href":"https:\/\/www.fundacionsancebrian.com\/portal\/wp-json\/wp\/v2\/posts\/9863\/revisions\/9873"}],"wp:featuredmedia":[{"embeddable":true,"href":"https:\/\/www.fundacionsancebrian.com\/portal\/wp-json\/wp\/v2\/media\/9864"}],"wp:attachment":[{"href":"https:\/\/www.fundacionsancebrian.com\/portal\/wp-json\/wp\/v2\/media?parent=9863"}],"wp:term":[{"taxonomy":"category","embeddable":true,"href":"https:\/\/www.fundacionsancebrian.com\/portal\/wp-json\/wp\/v2\/categories?post=9863"},{"taxonomy":"post_tag","embeddable":true,"href":"https:\/\/www.fundacionsancebrian.com\/portal\/wp-json\/wp\/v2\/tags?post=9863"}],"curies":[{"name":"wp","href":"https:\/\/api.w.org\/{rel}","templated":true}]}}