{"id":9976,"date":"2023-04-13T14:28:26","date_gmt":"2023-04-13T12:28:26","guid":{"rendered":"https:\/\/www.fundacionsancebrian.com\/portal\/?p=9976"},"modified":"2023-04-17T14:46:26","modified_gmt":"2023-04-17T12:46:26","slug":"ganadores-del-concurso-el-cristo-de-otero-con-material-reciclado-organizado-por-el-grupo-fundacion-san-cebrian-y-la-aavv-barrio-del-cristo","status":"publish","type":"post","link":"https:\/\/www.fundacionsancebrian.com\/portal\/ganadores-del-concurso-el-cristo-de-otero-con-material-reciclado-organizado-por-el-grupo-fundacion-san-cebrian-y-la-aavv-barrio-del-cristo\/","title":{"rendered":"Ganadores del Concurso el Cristo de Otero con material reciclado, organizado por el Grupo Fundaci\u00f3n San Cebri\u00e1n"},"content":{"rendered":"<div id=\"pl-9976\"  class=\"panel-layout\" ><div id=\"pg-9976-0\"  class=\"panel-grid panel-has-style\" ><div class=\"panel-row-style panel-row-style-for-9976-0\" ><div id=\"pgc-9976-0-0\"  class=\"panel-grid-cell\" ><div id=\"panel-9976-0-0-0\" class=\"so-panel widget widget_sow-editor panel-first-child panel-last-child\" data-index=\"0\" ><div\n\t\t\t\n\t\t\tclass=\"so-widget-sow-editor so-widget-sow-editor-base\"\n\t\t\t\n\t\t>\n<div class=\"siteorigin-widget-tinymce textwidget\">\n\t<hr \/>\n<p>&nbsp;<\/p>\n<\/div>\n<\/div><\/div><\/div><\/div><\/div><div id=\"pg-9976-1\"  class=\"panel-grid panel-no-style\" ><div id=\"pgc-9976-1-0\"  class=\"panel-grid-cell panel-grid-cell-mobile-last\" ><div id=\"panel-9976-1-0-0\" class=\"so-panel widget widget_sow-image panel-first-child\" data-index=\"1\" ><div class=\"panel-widget-style panel-widget-style-for-9976-1-0-0\" ><div\n\t\t\t\n\t\t\tclass=\"so-widget-sow-image so-widget-sow-image-default-4e6925654b7a-9976\"\n\t\t\t\n\t\t>\n<div class=\"sow-image-container\">\n\t\t<img \n\tsrc=\"https:\/\/www.fundacionsancebrian.com\/portal\/wp-content\/uploads\/2019\/12\/EtR3-e1575535111209.png\" width=\"250\" height=\"50\" sizes=\"(max-width: 250px) 100vw, 250px\" title=\"EtR3\" alt=\"\" \t\tclass=\"so-widget-image\"\/>\n\t<\/div>\n\n<\/div><\/div><\/div><div id=\"panel-9976-1-0-1\" class=\"so-panel widget widget_sow-editor panel-last-child\" data-index=\"2\" ><div class=\"panel-widget-style panel-widget-style-for-9976-1-0-1\" ><div\n\t\t\t\n\t\t\tclass=\"so-widget-sow-editor so-widget-sow-editor-base\"\n\t\t\t\n\t\t>\n<div class=\"siteorigin-widget-tinymce textwidget\">\n\t<div style=\"font-size: 18px; line-height: 1.8em; font-family: Arial;\">\n<p><strong>Premios del Concurso el Cristo de Otero con material reciclado.<\/strong><\/p>\n<p>Las personas ganadoras de las diferentes categor\u00edas son:<\/p>\n<p><strong>Categor\u00eda infantil:<\/strong><\/p>\n<ul>\n<li>Primer premio: Mateo Machado<\/li>\n<li>Segundo Premio: Manuel L\u00f3pez<\/li>\n<\/ul>\n<p><strong>Categor\u00eda Junior:<\/strong><\/p>\n<ul>\n<li>Primer premio: Alba Caballero.<\/li>\n<\/ul>\n<p><strong>Categor\u00eda Adulto:<\/strong><\/p>\n<ul>\n<li>Primer premio: Raquel Puerta Iglesias<\/li>\n<li>Segundo Premio: Rocio Macho<\/li>\n<li>Segundo Premio: Emiliano Caballero<\/li>\n<\/ul>\n<p>El Grupo Fundaci\u00f3n San Cebri\u00e1n<br \/>\ny la Asociaci\u00f3n de Vecinos Barrio del Cristo<br \/>\nagradecen a todas las personas su participaci\u00f3n.<\/p>\n<\/div>\n<\/div>\n<\/div><\/div><\/div><\/div><div id=\"pgc-9976-1-1\"  class=\"panel-grid-cell panel-grid-cell-empty\" ><\/div><\/div><div id=\"pg-9976-2\"  class=\"panel-grid panel-no-style\" ><div id=\"pgc-9976-2-0\"  class=\"panel-grid-cell panel-grid-cell-empty\" ><\/div><\/div><div id=\"pg-9976-3\"  class=\"panel-grid panel-no-style\" ><div id=\"pgc-9976-3-0\"  class=\"panel-grid-cell\" ><div id=\"panel-9976-3-0-0\" class=\"so-panel widget widget_sow-editor panel-first-child panel-last-child\" data-index=\"3\" ><div\n\t\t\t\n\t\t\tclass=\"so-widget-sow-editor so-widget-sow-editor-base\"\n\t\t\t\n\t\t><h3 class=\"widget-title\">La entrega de premios ser\u00e1 ma\u00f1ana viernes en la Asociaci\u00f3n de Vecinos del Barrio del Cristo a las 16 horas<\/h3>\n<div class=\"siteorigin-widget-tinymce textwidget\">\n\t<p>El Grupo Fundaci\u00f3n San Cebri\u00e1n ha organizado en colaboraci\u00f3n con la\u00a0 Asociaci\u00f3n de Vecinos del Barrio del Cristo, con motivo de la celebraci\u00f3n de sus pr\u00f3ximas fiestas, el concurso El Cristo del Otero, que consistir\u00e1 en elaborar con material reciclado un Cristo del Otero. La entidad social organiza este concurso para fomentar las actividades en la comunidad dentro del programa de Plena Inclusi\u00f3n Castilla y Le\u00f3n \u00a0\u201cD<em>esarrollo de la cartera de servicios inclusivos generadores empleo, servicio de vida independiente y espacios de inclusi\u00f3n y oportunidades\u201d<\/em> .<\/p>\n<p><a href=\"https:\/\/www.fundacionsancebrian.com\/portal\/?attachment_id=9961#main\" rel=\"attachment wp-att-9961\"><img fetchpriority=\"high\" fetchpriority=\"high\" decoding=\"async\" class=\"alignright wp-image-9961\" src=\"https:\/\/www.fundacionsancebrian.com\/portal\/wp-content\/uploads\/2023\/03\/Foto-Cristo2-225x300.jpg\" alt=\"\" width=\"400\" height=\"533\" srcset=\"https:\/\/www.fundacionsancebrian.com\/portal\/wp-content\/uploads\/2023\/03\/Foto-Cristo2-225x300.jpg 225w, https:\/\/www.fundacionsancebrian.com\/portal\/wp-content\/uploads\/2023\/03\/Foto-Cristo2-768x1024.jpg 768w, https:\/\/www.fundacionsancebrian.com\/portal\/wp-content\/uploads\/2023\/03\/Foto-Cristo2-1152x1536.jpg 1152w, https:\/\/www.fundacionsancebrian.com\/portal\/wp-content\/uploads\/2023\/03\/Foto-Cristo2-600x800.jpg 600w, https:\/\/www.fundacionsancebrian.com\/portal\/wp-content\/uploads\/2023\/03\/Foto-Cristo2.jpg 1200w\" sizes=\"(max-width: 400px) 100vw, 400px\" \/><\/a>Forma parte del programa que la Junta de Castilla y Le\u00f3n ha firmado dentro del Plan de Recuperaci\u00f3n, Transformaci\u00f3n y Resiliencia y est\u00e1 financiado con cargo a los fondos procedentes de Next Generation UE.<\/p>\n<p>Entre los miembros del jurado: dos miembros del servicio de d\u00eda del Centro de Vida Independiente Fidel Ramos; dos miembros de la AAVV Barrio del Cristo y dos vecinos del barrio.<\/p>\n<p>Los <strong>ganadores en cada una de las categor\u00edas son los siguientes<\/strong>:<\/p>\n<p>- <strong>Categor\u00eda infantil:\u00a0<\/strong><\/p>\n<p>Primer premio: Mateo Machado<\/p>\n<p>Segundo Premio: Manuel L\u00f3pez<\/p>\n<p>&nbsp;<\/p>\n<p>-<strong> Categor\u00eda Junior:\u00a0<\/strong><\/p>\n<p>Primer premio: Alba Caballero.<\/p>\n<p>- <strong>Categor\u00eda Adulto:<\/strong><\/p>\n<p>Primer premio: Raquel Puerta Iglesias<\/p>\n<p>Segundo Premio: Rocio Macho<\/p>\n<p>Segundo Premio: Emiliano Caballero<\/p>\n<p>&nbsp;<\/p>\n<p>Tanto el Grupo Fundaci\u00f3n San Cebri\u00e1n como la AAVV Barrio del Cristo agradecen a todos su participaci\u00f3n. La entrega de premios ser\u00e1 ma\u00f1ana viernes 14 de abril a las 16 horas en la sede de la AAVV Barrio del Cristo<\/p>\n<\/div>\n<\/div><\/div><\/div><\/div><\/div>","protected":false},"excerpt":{"rendered":"<p>&nbsp; Premios del Concurso el Cristo de Otero con material reciclado. Las personas ganadoras de las diferentes categor\u00edas son: Categor\u00eda infantil: Primer premio: Mateo Machado Segundo Premio: Manuel L\u00f3pez Categor\u00eda Junior: Primer premio: Alba Caballero. Categor\u00eda Adulto: Primer premio: Raquel Puerta Iglesias Segundo Premio: Rocio Macho Segundo Premio: Emiliano Caballero El Grupo Fundaci\u00f3n San Cebri\u00e1n [&hellip;]<\/p>\n","protected":false},"author":1,"featured_media":0,"comment_status":"open","ping_status":"open","sticky":false,"template":"","format":"standard","meta":{"_seopress_robots_primary_cat":"","_seopress_titles_title":"","_seopress_titles_desc":"","_seopress_robots_index":"","_eb_attr":"","footnotes":""},"categories":[8],"tags":[],"class_list":["post-9976","post","type-post","status-publish","format-standard","hentry","category-noticias"],"_links":{"self":[{"href":"https:\/\/www.fundacionsancebrian.com\/portal\/wp-json\/wp\/v2\/posts\/9976","targetHints":{"allow":["GET"]}}],"collection":[{"href":"https:\/\/www.fundacionsancebrian.com\/portal\/wp-json\/wp\/v2\/posts"}],"about":[{"href":"https:\/\/www.fundacionsancebrian.com\/portal\/wp-json\/wp\/v2\/types\/post"}],"author":[{"embeddable":true,"href":"https:\/\/www.fundacionsancebrian.com\/portal\/wp-json\/wp\/v2\/users\/1"}],"replies":[{"embeddable":true,"href":"https:\/\/www.fundacionsancebrian.com\/portal\/wp-json\/wp\/v2\/comments?post=9976"}],"version-history":[{"count":39,"href":"https:\/\/www.fundacionsancebrian.com\/portal\/wp-json\/wp\/v2\/posts\/9976\/revisions"}],"predecessor-version":[{"id":10024,"href":"https:\/\/www.fundacionsancebrian.com\/portal\/wp-json\/wp\/v2\/posts\/9976\/revisions\/10024"}],"wp:attachment":[{"href":"https:\/\/www.fundacionsancebrian.com\/portal\/wp-json\/wp\/v2\/media?parent=9976"}],"wp:term":[{"taxonomy":"category","embeddable":true,"href":"https:\/\/www.fundacionsancebrian.com\/portal\/wp-json\/wp\/v2\/categories?post=9976"},{"taxonomy":"post_tag","embeddable":true,"href":"https:\/\/www.fundacionsancebrian.com\/portal\/wp-json\/wp\/v2\/tags?post=9976"}],"curies":[{"name":"wp","href":"https:\/\/api.w.org\/{rel}","templated":true}]}}